{"id":10281,"date":"2024-12-27T06:00:00","date_gmt":"2024-12-27T09:00:00","guid":{"rendered":"https:\/\/colegioprigule.com.br\/?p=10281"},"modified":"2025-01-04T22:14:15","modified_gmt":"2025-01-05T01:14:15","slug":"reconheca-problemas-emocionais-em-jovens","status":"publish","type":"post","link":"https:\/\/colegioprigule.com.br\/blog\/reconheca-problemas-emocionais-em-jovens\/","title":{"rendered":"Reconhe\u00e7a problemas emocionais em jovens"},"content":{"rendered":"<p><img fetchpriority=\"high\" decoding=\"async\" width=\"900\" height=\"450\" src=\"https:\/\/colegioprigule.com.br\/wp-content\/uploads\/2024\/12\/blog_900x450_saudemental_prigole.jpg\" alt=\"\" srcset=\"https:\/\/colegioprigule.com.br\/wp-content\/uploads\/2024\/12\/blog_900x450_saudemental_prigole.jpg 900w, https:\/\/colegioprigule.com.br\/wp-content\/uploads\/2024\/12\/blog_900x450_saudemental_prigole-300x150.jpg 300w, https:\/\/colegioprigule.com.br\/wp-content\/uploads\/2024\/12\/blog_900x450_saudemental_prigole-768x384.jpg 768w\" sizes=\"(max-width: 900px) 100vw, 900px\" \/>\t\t\t\t\t\t\t\t\t\t\t\t\t<\/p>\n<p>Mudan\u00e7as repentinas de comportamento, isolamento social e queda no desempenho escolar podem ser sinais de que a sa\u00fade mental de uma crian\u00e7a ou adolescente precisa de aten\u00e7\u00e3o. Dificuldades emocionais, como ansiedade e depress\u00e3o, frequentemente se manifestam de forma sutil, tornando a observa\u00e7\u00e3o cuidadosa dos pais e educadores um fator essencial para identifica\u00e7\u00e3o precoce.<\/p>\n<\/p>\n<p dir=\"ltr\" style=\"line-height: 1.295; margin-top: 0pt; margin-bottom: 8pt;\">Comportamentos como crises de choro, irritabilidade, agressividade ou falta de interesse em atividades que antes eram prazerosas indicam que algo pode estar errado. Al\u00e9m disso, sintomas f\u00edsicos, como dores de cabe\u00e7a ou est\u00f4mago frequentes, podem ser reflexo de problemas emocionais. Let\u00edcia Dorighello, diretora pedag\u00f3gica do Col\u00e9gio Pr\u00edgule, de S\u00e3o Paulo (SP), refor\u00e7a: \u201cIdentificar os primeiros sinais de problemas emocionais \u00e9 um passo crucial para oferecer suporte e evitar complica\u00e7\u00f5es futuras\u201d.<\/p>\n<\/p>\n<p dir=\"ltr\" style=\"line-height: 1.295; margin-top: 0pt; margin-bottom: 8pt;\">No ambiente escolar, professores t\u00eam um papel importante na identifica\u00e7\u00e3o de dificuldades emocionais. Estar atento a sinais como desaten\u00e7\u00e3o constante, dificuldade em se relacionar com colegas e altera\u00e7\u00f5es de humor ajuda a direcionar o aluno para o suporte adequado. Programas que promovam a sa\u00fade mental no ambiente educacional, como rodas de conversa e atividades que incentivem a express\u00e3o emocional, s\u00e3o eficazes na preven\u00e7\u00e3o de problemas mais graves.<\/p>\n<\/p>\n<p dir=\"ltr\" style=\"line-height: 1.295; margin-top: 0pt; margin-bottom: 8pt;\">Fora da escola, o envolvimento da fam\u00edlia \u00e9 indispens\u00e1vel. Ouvir as crian\u00e7as e adolescentes, sem julgamento, cria um espa\u00e7o de confian\u00e7a onde eles se sentem confort\u00e1veis para expressar seus sentimentos. Al\u00e9m disso, manter uma rotina est\u00e1vel e promover atividades que estimulem o bem-estar, como esportes ou hobbies, contribui para fortalecer a resili\u00eancia emocional.<\/p>\n<\/p>\n<p dir=\"ltr\" style=\"line-height: 1.295; margin-top: 0pt; margin-bottom: 8pt;\">Caso os sinais persistam ou se intensifiquem, \u00e9 importante buscar ajuda de profissionais especializados, como psic\u00f3logos ou psiquiatras. Terapias individuais ou em grupo podem ajudar os jovens a lidar com suas emo\u00e7\u00f5es de forma saud\u00e1vel. Em alguns casos, a combina\u00e7\u00e3o de terapia com outras interven\u00e7\u00f5es, como apoio escolar ou familiar, \u00e9 necess\u00e1ria para alcan\u00e7ar resultados mais eficazes.<\/p>\n<\/p>\n<p dir=\"ltr\" style=\"line-height: 1.295; margin-top: 0pt; margin-bottom: 8pt;\">A sa\u00fade mental \u00e9 t\u00e3o importante quanto a sa\u00fade f\u00edsica e precisa ser cuidada com aten\u00e7\u00e3o. Criar um ambiente acolhedor em casa e na escola, onde crian\u00e7as e adolescentes se sintam valorizados e compreendidos, \u00e9 fundamental para prevenir problemas emocionais.\u00a0<\/p>\n<p dir=\"ltr\" style=\"line-height: 1.295; margin-top: 0pt; margin-bottom: 8pt;\">Para saber mais sobre sa\u00fade mental, acesse https:\/\/www.saudementalnaescola.com\/ e <a href=\"https:\/\/drauziovarella.uol.com.br\/psiquiatria\/saude-mental-nas-escolas-como-os-professores-podem-ajudar-seus-alunos\">https:\/\/drauziovarella.uol.com.br\/psiquiatria\/saude-mental-nas-escolas-como-os-professores-podem-ajudar-seus-alunos<\/p>\n<p><\/a><\/p>\n<\/p>\n\n\n<p><\/p>\n","protected":false},"excerpt":{"rendered":"<p>Mudan\u00e7as repentinas de comportamento, isolamento social e queda no desempenho escolar podem ser sinais de que a sa\u00fade mental de uma crian\u00e7a ou adolescente precisa de aten\u00e7\u00e3o. Dificuldades emocionais, como ansiedade e depress\u00e3o, frequentemente se manifestam de forma sutil, tornando a observa\u00e7\u00e3o cuidadosa dos pais e educadores um fator essencial para identifica\u00e7\u00e3o precoce. Comportamentos como [&hellip;]<\/p>\n","protected":false},"author":14,"featured_media":10282,"comment_status":"open","ping_status":"open","sticky":false,"template":"","format":"standard","meta":{"footnotes":""},"categories":[6],"tags":[],"class_list":["post-10281","post","type-post","status-publish","format-standard","has-post-thumbnail","hentry","category-blog"],"_links":{"self":[{"href":"https:\/\/colegioprigule.com.br\/blog\/wp-json\/wp\/v2\/posts\/10281","targetHints":{"allow":["GET"]}}],"collection":[{"href":"https:\/\/colegioprigule.com.br\/blog\/wp-json\/wp\/v2\/posts"}],"about":[{"href":"https:\/\/colegioprigule.com.br\/blog\/wp-json\/wp\/v2\/types\/post"}],"author":[{"embeddable":true,"href":"https:\/\/colegioprigule.com.br\/blog\/wp-json\/wp\/v2\/users\/14"}],"replies":[{"embeddable":true,"href":"https:\/\/colegioprigule.com.br\/blog\/wp-json\/wp\/v2\/comments?post=10281"}],"version-history":[{"count":7,"href":"https:\/\/colegioprigule.com.br\/blog\/wp-json\/wp\/v2\/posts\/10281\/revisions"}],"predecessor-version":[{"id":10290,"href":"https:\/\/colegioprigule.com.br\/blog\/wp-json\/wp\/v2\/posts\/10281\/revisions\/10290"}],"wp:featuredmedia":[{"embeddable":true,"href":"https:\/\/colegioprigule.com.br\/blog\/wp-json\/wp\/v2\/media\/10282"}],"wp:attachment":[{"href":"https:\/\/colegioprigule.com.br\/blog\/wp-json\/wp\/v2\/media?parent=10281"}],"wp:term":[{"taxonomy":"category","embeddable":true,"href":"https:\/\/colegioprigule.com.br\/blog\/wp-json\/wp\/v2\/categories?post=10281"},{"taxonomy":"post_tag","embeddable":true,"href":"https:\/\/colegioprigule.com.br\/blog\/wp-json\/wp\/v2\/tags?post=10281"}],"curies":[{"name":"wp","href":"https:\/\/api.w.org\/{rel}","templated":true}]}}