{"id":10331,"date":"2024-12-16T14:08:44","date_gmt":"2024-12-16T17:08:44","guid":{"rendered":"https:\/\/colegioprigule.com.br\/?p=10331"},"modified":"2024-12-16T14:17:14","modified_gmt":"2024-12-16T17:17:14","slug":"unindo-forcas-contra-a-dengue","status":"publish","type":"post","link":"https:\/\/colegioprigule.com.br\/blog\/unindo-forcas-contra-a-dengue\/","title":{"rendered":"Unindo for\u00e7as contra a dengue"},"content":{"rendered":"\t\t<div data-elementor-type=\"wp-post\" data-elementor-id=\"10331\" class=\"elementor elementor-10331\" data-elementor-post-type=\"post\">\n\t\t\t\t\t\t<section class=\"elementor-section elementor-top-section elementor-element elementor-element-ecd72a0 elementor-section-boxed elementor-section-height-default elementor-section-height-default\" data-id=\"ecd72a0\" data-element_type=\"section\" data-e-type=\"section\">\n\t\t\t\t\t\t<div class=\"elementor-container elementor-column-gap-default\">\n\t\t\t\t\t<div class=\"elementor-column elementor-col-100 elementor-top-column elementor-element elementor-element-4edde10\" data-id=\"4edde10\" data-element_type=\"column\" data-e-type=\"column\">\n\t\t\t<div class=\"elementor-widget-wrap elementor-element-populated\">\n\t\t\t\t\t\t<div class=\"elementor-element elementor-element-21905f3 elementor-widget elementor-widget-text-editor\" data-id=\"21905f3\" data-element_type=\"widget\" data-e-type=\"widget\" data-widget_type=\"text-editor.default\">\n\t\t\t\t<div class=\"elementor-widget-container\">\n\t\t\t\t\t\t\t\t\t<p><span style=\"background-color: transparent; color: #000000; font-family: Arial, sans-serif; font-size: 16pt; white-space-collapse: preserve; font-style: inherit; font-weight: inherit; letter-spacing: 0.2px;\">As escolas desempenham um papel crucial na conscientiza\u00e7\u00e3o sobre o combate \u00e0 dengue, uma doen\u00e7a que afeta milhares de crian\u00e7as e fam\u00edlias todos os anos. Ao abordar o tema com estrat\u00e9gias pr\u00e1ticas e educativas, \u00e9 poss\u00edvel formar uma gera\u00e7\u00e3o mais preparada para prevenir a prolifera\u00e7\u00e3o do mosquito Aedes aegypti.&nbsp;<\/span><\/p>\n<p dir=\"ltr\" style=\"line-height: 1.295; margin-top: 0pt; margin-bottom: 8pt;\"><span style=\"font-size: 16pt; font-family: Arial, sans-serif; color: #000000; background-color: transparent; font-variant-numeric: normal; font-variant-east-asian: normal; font-variant-alternates: normal; font-variant-position: normal; font-variant-emoji: normal; vertical-align: baseline; white-space-collapse: preserve;\">A preven\u00e7\u00e3o come\u00e7a com a identifica\u00e7\u00e3o dos focos do mosquito. Professores podem organizar inspe\u00e7\u00f5es regulares pelo ambiente escolar, envolvendo os alunos em atividades pr\u00e1ticas, como eliminar recipientes com \u00e1gua parada e manter o espa\u00e7o limpo. Al\u00e9m disso, crian\u00e7as podem ser estimuladas a plantar esp\u00e9cies repelentes, como citronela, em pequenos jardins da escola, fortalecendo a conex\u00e3o com a natureza e o aprendizado pr\u00e1tico.<\/span><\/p>\n<p dir=\"ltr\" style=\"line-height: 1.295; margin-top: 0pt; margin-bottom: 8pt;\"><span style=\"font-size: 16pt; font-family: Arial, sans-serif; color: #000000; background-color: transparent; font-variant-numeric: normal; font-variant-east-asian: normal; font-variant-alternates: normal; font-variant-position: normal; font-variant-emoji: normal; vertical-align: baseline; white-space-collapse: preserve;\">Outro ponto importante \u00e9 a dissemina\u00e7\u00e3o de informa\u00e7\u00f5es claras sobre os sintomas da dengue. Ensinar crian\u00e7as a reconhecerem sinais como febre alta, dores no corpo e manchas na pele contribui para o diagn\u00f3stico precoce. Professores e pais devem estar atentos a sinais de alerta, como dor abdominal intensa e v\u00f4mitos persistentes, que exigem atendimento m\u00e9dico imediato. Essas a\u00e7\u00f5es s\u00e3o vitais para proteger a sa\u00fade dos pequenos. <\/span><span style=\"font-size: 16pt; font-family: Arial, sans-serif; color: #000000; background-color: transparent; font-weight: bold; font-variant-numeric: normal; font-variant-east-asian: normal; font-variant-alternates: normal; font-variant-position: normal; font-variant-emoji: normal; vertical-align: baseline; white-space-collapse: preserve;\">\u201cA conscientiza\u00e7\u00e3o nas escolas \u00e9 um passo essencial para reduzir os impactos da dengue na comunidade escolar e al\u00e9m dela\u201d<\/span><span style=\"font-size: 16pt; font-family: Arial, sans-serif; color: #000000; background-color: transparent; font-variant-numeric: normal; font-variant-east-asian: normal; font-variant-alternates: normal; font-variant-position: normal; font-variant-emoji: normal; vertical-align: baseline; white-space-collapse: preserve;\">, afirma Let\u00edcia Dorighello, diretora pedag\u00f3gica do Col\u00e9gio Pr\u00edgule, de S\u00e3o Paulo.&nbsp;<\/span><\/p>\n<p dir=\"ltr\" style=\"line-height: 1.295; margin-top: 0pt; margin-bottom: 8pt;\"><span style=\"font-size: 16pt; font-family: Arial, sans-serif; color: #000000; background-color: transparent; font-variant-numeric: normal; font-variant-east-asian: normal; font-variant-alternates: normal; font-variant-position: normal; font-variant-emoji: normal; vertical-align: baseline; white-space-collapse: preserve;\"><br><\/span><span style=\"font-size: 16pt; font-family: Arial, sans-serif; color: #000000; background-color: transparent; font-variant-numeric: normal; font-variant-east-asian: normal; font-variant-alternates: normal; font-variant-position: normal; font-variant-emoji: normal; vertical-align: baseline; white-space-collapse: preserve;\">As campanhas educativas s\u00e3o ferramentas eficazes para engajar toda a comunidade escolar. Sess\u00f5es interativas com profissionais de sa\u00fade podem abordar temas como o ciclo de vida do mosquito e as melhores pr\u00e1ticas de preven\u00e7\u00e3o. Al\u00e9m disso, as escolas podem distribuir materiais informativos para alunos levarem para casa, envolvendo as fam\u00edlias no combate \u00e0 dengue. \u201cQuando unimos esfor\u00e7os entre escola, alunos e pais, o impacto das a\u00e7\u00f5es de preven\u00e7\u00e3o cresce exponencialmente\u201d, refor\u00e7a Let\u00edcia Dorighello.<\/span><\/p>\n<p dir=\"ltr\" style=\"line-height: 1.295; margin-top: 0pt; margin-bottom: 8pt;\"><span style=\"font-size: 16pt; font-family: Arial, sans-serif; color: #000000; background-color: transparent; font-variant-numeric: normal; font-variant-east-asian: normal; font-variant-alternates: normal; font-variant-position: normal; font-variant-emoji: normal; vertical-align: baseline; white-space-collapse: preserve;\">Integrar atividades l\u00fadicas ao aprendizado \u00e9 uma forma eficaz de engajar crian\u00e7as no tema. Jogos, pe\u00e7as teatrais e din\u00e2micas sobre os perigos da \u00e1gua parada ajudam a fixar o conte\u00fado de forma divertida e educativa. Essa abordagem n\u00e3o apenas ensina, mas tamb\u00e9m cria um senso de responsabilidade nas crian\u00e7as, tornando-as multiplicadoras das boas pr\u00e1ticas em suas casas e comunidades.<\/span><\/p>\n<p dir=\"ltr\" style=\"line-height: 1.295; margin-top: 0pt; margin-bottom: 8pt;\"><span style=\"font-size: 16pt; font-family: Arial, sans-serif; color: #000000; background-color: transparent; font-variant-numeric: normal; font-variant-east-asian: normal; font-variant-alternates: normal; font-variant-position: normal; font-variant-emoji: normal; vertical-align: baseline; white-space-collapse: preserve;\">A luta contra a dengue n\u00e3o se restringe aos muros da escola. A conscientiza\u00e7\u00e3o deve se expandir para a comunidade, com campanhas em bairros pr\u00f3ximos e parcerias com \u00f3rg\u00e3os de sa\u00fade p\u00fablica. Assim, as a\u00e7\u00f5es escolares tornam-se catalisadoras de uma mudan\u00e7a mais ampla, beneficiando todos os envolvidos.<\/span><\/p>\n<p dir=\"ltr\" style=\"line-height: 1.295; margin-top: 0pt; margin-bottom: 8pt;\"><span style=\"font-size: 16pt; font-family: Arial, sans-serif; color: #000000; background-color: transparent; font-variant-numeric: normal; font-variant-east-asian: normal; font-variant-alternates: normal; font-variant-position: normal; font-variant-emoji: normal; vertical-align: baseline; white-space-collapse: preserve;\"><br><\/span><span style=\"font-size: 16pt; font-family: Arial, sans-serif; color: #000000; background-color: transparent; font-variant-numeric: normal; font-variant-east-asian: normal; font-variant-alternates: normal; font-variant-position: normal; font-variant-emoji: normal; vertical-align: baseline; white-space-collapse: preserve;\">Para saber mais sobre a dengue, visite <\/span><a href=\"https:\/\/drauziovarella.uol.com.br\/pediatria\/dengue-em-criancas-saiba-como-identificar-a-doenca\"><span style=\"font-size: 16pt; font-family: Arial, sans-serif; color: #0000ff; background-color: transparent; font-weight: bold; font-variant-numeric: normal; font-variant-east-asian: normal; font-variant-alternates: normal; font-variant-position: normal; font-variant-emoji: normal; text-decoration-line: underline; text-decoration-skip-ink: none; vertical-align: baseline; white-space-collapse: preserve;\">https:\/\/drauziovarella.uol.com.br\/pediatria\/dengue-em-criancas-saiba-como-identificar-a-doenca<\/span><\/a><span style=\"font-size: 16pt; font-family: Arial, sans-serif; color: #000000; background-color: transparent; font-variant-numeric: normal; font-variant-east-asian: normal; font-variant-alternates: normal; font-variant-position: normal; font-variant-emoji: normal; vertical-align: baseline; white-space-collapse: preserve;\"> e <a href=\"https:\/\/g1.globo.com\/saude\/noticia\/2024\/02\/08\/dengue-em-criancas-saiba-quais-sao-os-sintomas-os-sinais-de-alerta-e-como-deve-ser-o-tratamento.ghtml\">https:\/\/g1.globo.com\/saude\/noticia\/2024\/02\/08\/dengue-em-criancas-saiba-quais-sao-os-sintomas-os-sinais-de-alerta-e-como-deve-ser-o-tratamento.ghtml<\/a><\/span><\/p>\n<div><br><\/div>\t\t\t\t\t\t\t\t<\/div>\n\t\t\t\t<\/div>\n\t\t\t\t\t<\/div>\n\t\t<\/div>\n\t\t\t\t\t<\/div>\n\t\t<\/section>\n\t\t\t\t<\/div>\n\t\t","protected":false},"excerpt":{"rendered":"<p>As escolas desempenham um papel crucial na conscientiza\u00e7\u00e3o sobre o combate \u00e0 dengue, uma doen\u00e7a que afeta milhares de crian\u00e7as e fam\u00edlias todos os anos. Ao abordar o tema com estrat\u00e9gias pr\u00e1ticas e educativas, \u00e9 poss\u00edvel formar uma gera\u00e7\u00e3o mais preparada para prevenir a prolifera\u00e7\u00e3o do mosquito Aedes aegypti.&nbsp; A preven\u00e7\u00e3o come\u00e7a com a identifica\u00e7\u00e3o [&hellip;]<\/p>\n","protected":false},"author":14,"featured_media":10332,"comment_status":"open","ping_status":"open","sticky":false,"template":"","format":"standard","meta":{"footnotes":""},"categories":[6],"tags":[],"class_list":["post-10331","post","type-post","status-publish","format-standard","has-post-thumbnail","hentry","category-blog"],"_links":{"self":[{"href":"https:\/\/colegioprigule.com.br\/blog\/wp-json\/wp\/v2\/posts\/10331","targetHints":{"allow":["GET"]}}],"collection":[{"href":"https:\/\/colegioprigule.com.br\/blog\/wp-json\/wp\/v2\/posts"}],"about":[{"href":"https:\/\/colegioprigule.com.br\/blog\/wp-json\/wp\/v2\/types\/post"}],"author":[{"embeddable":true,"href":"https:\/\/colegioprigule.com.br\/blog\/wp-json\/wp\/v2\/users\/14"}],"replies":[{"embeddable":true,"href":"https:\/\/colegioprigule.com.br\/blog\/wp-json\/wp\/v2\/comments?post=10331"}],"version-history":[{"count":7,"href":"https:\/\/colegioprigule.com.br\/blog\/wp-json\/wp\/v2\/posts\/10331\/revisions"}],"predecessor-version":[{"id":10341,"href":"https:\/\/colegioprigule.com.br\/blog\/wp-json\/wp\/v2\/posts\/10331\/revisions\/10341"}],"wp:featuredmedia":[{"embeddable":true,"href":"https:\/\/colegioprigule.com.br\/blog\/wp-json\/wp\/v2\/media\/10332"}],"wp:attachment":[{"href":"https:\/\/colegioprigule.com.br\/blog\/wp-json\/wp\/v2\/media?parent=10331"}],"wp:term":[{"taxonomy":"category","embeddable":true,"href":"https:\/\/colegioprigule.com.br\/blog\/wp-json\/wp\/v2\/categories?post=10331"},{"taxonomy":"post_tag","embeddable":true,"href":"https:\/\/colegioprigule.com.br\/blog\/wp-json\/wp\/v2\/tags?post=10331"}],"curies":[{"name":"wp","href":"https:\/\/api.w.org\/{rel}","templated":true}]}}