{"id":11020,"date":"2025-03-07T16:08:54","date_gmt":"2025-03-07T19:08:54","guid":{"rendered":"https:\/\/colegioprigule.com.br\/?p=11020"},"modified":"2025-03-10T16:10:23","modified_gmt":"2025-03-10T19:10:23","slug":"as-carreiras-do-futuro-e-o-que-os-jovens-podem-fazer-para-se-preparar","status":"publish","type":"post","link":"https:\/\/colegioprigule.com.br\/blog\/as-carreiras-do-futuro-e-o-que-os-jovens-podem-fazer-para-se-preparar\/","title":{"rendered":"As carreiras do futuro e o que os jovens podem fazer para se preparar"},"content":{"rendered":"\t\t<div data-elementor-type=\"wp-post\" data-elementor-id=\"11020\" class=\"elementor elementor-11020\" data-elementor-post-type=\"post\">\n\t\t\t\t\t\t<section class=\"elementor-section elementor-top-section elementor-element elementor-element-33ed3cc elementor-section-boxed elementor-section-height-default elementor-section-height-default\" data-id=\"33ed3cc\" data-element_type=\"section\" data-e-type=\"section\">\n\t\t\t\t\t\t<div class=\"elementor-container elementor-column-gap-default\">\n\t\t\t\t\t<div class=\"elementor-column elementor-col-100 elementor-top-column elementor-element elementor-element-cdb4063\" data-id=\"cdb4063\" data-element_type=\"column\" data-e-type=\"column\">\n\t\t\t<div class=\"elementor-widget-wrap elementor-element-populated\">\n\t\t\t\t\t\t<div class=\"elementor-element elementor-element-a68a1e9 elementor-widget elementor-widget-text-editor\" data-id=\"a68a1e9\" data-element_type=\"widget\" data-e-type=\"widget\" data-widget_type=\"text-editor.default\">\n\t\t\t\t<div class=\"elementor-widget-container\">\n\t\t\t\t\t\t\t\t\t<p dir=\"ltr\" style=\"line-height: 1.26; margin-top: 0pt; margin-bottom: 8pt;\"><span style=\"font-size: 16pt; font-family: Arial,sans-serif; color: #000000; background-color: transparent; font-weight: 400; font-style: normal; font-variant: normal; text-decoration: none; vertical-align: baseline; white-space: pre-wrap;\">O mercado de trabalho est\u00e1 passando por transforma\u00e7\u00f5es r\u00e1pidas, impulsionadas pelo avan\u00e7o da tecnologia, pela automa\u00e7\u00e3o e pelas novas demandas da sociedade. <strong>Profiss\u00f5es que antes eram vistas como promissoras podem perder espa\u00e7o<\/strong>, enquanto outras, antes inimagin\u00e1veis, ganham destaque. Para os jovens, compreender essas mudan\u00e7as \u00e9 essencial para tomar decis\u00f5es mais assertivas sobre o futuro profissional.<\/span><\/p><p><b id=\"docs-internal-guid-28903dfa-7fff-fe6e-8fd2-7680f20da162\" style=\"font-weight: normal;\">\u00a0<\/b><\/p><p dir=\"ltr\" style=\"line-height: 1.26; margin-top: 0pt; margin-bottom: 8pt;\"><span style=\"font-size: 16pt; font-family: Arial,sans-serif; color: #000000; background-color: transparent; font-weight: 400; font-style: normal; font-variant: normal; text-decoration: none; vertical-align: baseline; white-space: pre-wrap;\">Com o crescimento da intelig\u00eancia artificial, do big data e das energias renov\u00e1veis, surgem oportunidades em \u00e1reas como tecnologia, sustentabilidade e sa\u00fade. Profiss\u00f5es ligadas \u00e0 an\u00e1lise de dados, programa\u00e7\u00e3o e ciberseguran\u00e7a, por exemplo, est\u00e3o entre as mais promissoras, pois empresas de todos os setores precisam lidar com um volume cada vez maior de informa\u00e7\u00f5es. O mesmo ocorre na \u00e1rea ambiental, onde especialistas em sustentabilidade e engenheiros de energias renov\u00e1veis ser\u00e3o cada vez mais requisitados.<\/span><\/p><p><b style=\"font-weight: normal;\">\u00a0<\/b><\/p><p dir=\"ltr\" style=\"line-height: 1.26; margin-top: 0pt; margin-bottom: 8pt;\"><span style=\"font-size: 16pt; font-family: Arial,sans-serif; color: #000000; background-color: transparent; font-weight: 400; font-style: normal; font-variant: normal; text-decoration: none; vertical-align: baseline; white-space: pre-wrap;\">A educa\u00e7\u00e3o tamb\u00e9m acompanha esse movimento. <\/span><span style=\"font-size: 16pt; font-family: Arial,sans-serif; color: #000000; background-color: transparent; font-weight: bold; font-style: normal; font-variant: normal; text-decoration: none; vertical-align: baseline; white-space: pre-wrap;\">\u201cOs alunos de hoje est\u00e3o sendo preparados para atuar em profiss\u00f5es que ainda nem existem. Por isso, mais do que decorar conte\u00fados, o ensino precisa estimular o pensamento cr\u00edtico e a capacidade de adapta\u00e7\u00e3o\u201d<\/span><span style=\"font-size: 16pt; font-family: Arial,sans-serif; color: #000000; background-color: transparent; font-weight: 400; font-style: normal; font-variant: normal; text-decoration: none; vertical-align: baseline; white-space: pre-wrap;\">, afirma Let\u00edcia Dorighello, diretora pedag\u00f3gica do Col\u00e9gio Pr\u00edgule, de S\u00e3o Paulo. Essas habilidades ser\u00e3o diferenciais para quem busca se destacar no futuro profissional.<\/span><\/p><p><b style=\"font-weight: normal;\">\u00a0<\/b><\/p><p dir=\"ltr\" style=\"line-height: 1.26; margin-top: 0pt; margin-bottom: 8pt;\"><span style=\"font-size: 16pt; font-family: Arial,sans-serif; color: #000000; background-color: transparent; font-weight: 400; font-style: normal; font-variant: normal; text-decoration: none; vertical-align: baseline; white-space: pre-wrap;\">A \u00e1rea da sa\u00fade tamb\u00e9m est\u00e1 em constante evolu\u00e7\u00e3o, principalmente com o envelhecimento da popula\u00e7\u00e3o e os avan\u00e7os da biotecnologia. Profiss\u00f5es como bioengenheiro, especialista em medicina personalizada e profissionais focados em telemedicina ter\u00e3o grande import\u00e2ncia nos pr\u00f3ximos anos. Al\u00e9m disso, o bem-estar mental est\u00e1 se tornando uma preocupa\u00e7\u00e3o central, o que refor\u00e7a a necessidade de psic\u00f3logos e terapeutas especializados.<\/span><\/p><p><b style=\"font-weight: normal;\">\u00a0<\/b><\/p><p dir=\"ltr\" style=\"line-height: 1.26; margin-top: 0pt; margin-bottom: 8pt;\"><span style=\"font-size: 16pt; font-family: Arial,sans-serif; color: #000000; background-color: transparent; font-weight: 400; font-style: normal; font-variant: normal; text-decoration: none; vertical-align: baseline; white-space: pre-wrap;\">No setor do marketing e das m\u00eddias digitais, as carreiras tamb\u00e9m est\u00e3o evoluindo rapidamente. <strong>Especialistas em experi\u00eancia do usu\u00e1rio (UX), criadores de conte\u00fado para plataformas digitais e analistas de dados de consumo ser\u00e3o altamente valorizados.<\/strong> Com a ascens\u00e3o do e-commerce e da personaliza\u00e7\u00e3o dos servi\u00e7os, essas fun\u00e7\u00f5es ser\u00e3o fundamentais para empresas que desejam oferecer produtos e experi\u00eancias personalizadas ao p\u00fablico.<\/span><\/p><p><b style=\"font-weight: normal;\">\u00a0<\/b><\/p><p dir=\"ltr\" style=\"line-height: 1.26; margin-top: 0pt; margin-bottom: 8pt;\"><span style=\"font-size: 16pt; font-family: Arial,sans-serif; color: #000000; background-color: transparent; font-weight: 400; font-style: normal; font-variant: normal; text-decoration: none; vertical-align: baseline; white-space: pre-wrap;\">Para se preparar para essas profiss\u00f5es emergentes, \u00e9 essencial buscar aprendizado cont\u00ednuo e desenvolver tanto habilidades t\u00e9cnicas quanto comportamentais. A capacidade de resolver problemas, trabalhar em equipe e se adaptar \u00e0s mudan\u00e7as ser\u00e1 um grande diferencial. Al\u00e9m disso, aprender programa\u00e7\u00e3o, entender sobre intelig\u00eancia artificial e dominar idiomas estrangeiros s\u00e3o vantagens competitivas importantes.<\/span><\/p><p><b style=\"font-weight: normal;\">\u00a0<\/b><\/p><p dir=\"ltr\" style=\"line-height: 1.26; margin-top: 0pt; margin-bottom: 8pt;\"><span style=\"font-size: 16pt; font-family: Arial,sans-serif; color: #000000; background-color: transparent; font-weight: 400; font-style: normal; font-variant: normal; text-decoration: none; vertical-align: baseline; white-space: pre-wrap;\">A forma\u00e7\u00e3o acad\u00eamica continuar\u00e1 sendo um fator relevante, mas cursos livres, certifica\u00e7\u00f5es espec\u00edficas e experi\u00eancias pr\u00e1ticas tamb\u00e9m ganhar\u00e3o espa\u00e7o no curr\u00edculo dos futuros profissionais. Est\u00e1gios, projetos volunt\u00e1rios e atividades extracurriculares ajudar\u00e3o os jovens a construir uma trajet\u00f3ria s\u00f3lida, alinhada com as demandas do mercado.<\/span><\/p><p><b style=\"font-weight: normal;\">\u00a0<\/b><\/p><p dir=\"ltr\" style=\"line-height: 1.26; margin-top: 0pt; margin-bottom: 8pt;\"><span style=\"font-size: 16pt; font-family: Arial,sans-serif; color: #000000; background-color: transparent; font-weight: 400; font-style: normal; font-variant: normal; text-decoration: none; vertical-align: baseline; white-space: pre-wrap;\">Os pr\u00f3ximos anos trar\u00e3o novas oportunidades e desafios, e estar preparado para esse cen\u00e1rio exigir\u00e1 flexibilidade e disposi\u00e7\u00e3o para aprender. As profiss\u00f5es do futuro j\u00e1 est\u00e3o surgindo e cabe ao estudante aproveitar esse momento para se capacitar e explorar caminhos inovadores.<\/span><\/p><p dir=\"ltr\" style=\"line-height: 1.26; margin-top: 0pt; margin-bottom: 8pt;\"><span style=\"font-size: 16pt; font-family: Arial,sans-serif; color: #000000; background-color: transparent; font-weight: 400; font-style: normal; font-variant: normal; text-decoration: none; vertical-align: baseline; white-space: pre-wrap;\"><br \/><\/span><span style=\"font-size: 16pt; font-family: Arial,sans-serif; color: #000000; background-color: transparent; font-weight: 400; font-style: normal; font-variant: normal; text-decoration: none; vertical-align: baseline; white-space: pre-wrap;\">Para saber mais sobre profiss\u00f5es do futuro, visite <\/span><a style=\"text-decoration: none;\" href=\"https:\/\/www.terra.com.br\/noticias\/educacao\/carreira\/quais-sao-as-profissoes-do-futuro-descubra,fd37aa545c17880c94264175bac27f39c3cjk2l6.html\"><span style=\"font-size: 16pt; font-family: Arial,sans-serif; color: #467886; background-color: transparent; font-weight: 400; font-style: normal; font-variant: normal; text-decoration: underline; -webkit-text-decoration-skip: none; text-decoration-skip-ink: none; vertical-align: baseline; white-space: pre-wrap;\">https:\/\/www.terra.com.br\/noticias\/educacao\/carreira\/quais-sao-as-profissoes-do-futuro-descubra,fd37aa545c17880c94264175bac27f39c3cjk2l6.html<\/span><\/a><span style=\"font-size: 16pt; font-family: Arial,sans-serif; color: #000000; background-color: transparent; font-weight: 400; font-style: normal; font-variant: normal; text-decoration: none; vertical-align: baseline; white-space: pre-wrap;\"> e <\/span><a style=\"text-decoration: none;\" href=\"https:\/\/www.sp.senac.br\/blog\/artigo\/profissoes-do-futuro\"><span style=\"font-size: 16pt; font-family: Arial,sans-serif; color: #467886; background-color: transparent; font-weight: 400; font-style: normal; font-variant: normal; text-decoration: underline; -webkit-text-decoration-skip: none; text-decoration-skip-ink: none; vertical-align: baseline; white-space: pre-wrap;\">https:\/\/www.sp.senac.br\/blog\/artigo\/profissoes-do-futuro<\/span><span style=\"font-size: 16pt; font-family: Arial,sans-serif; color: #000000; background-color: transparent; font-weight: 400; font-style: normal; font-variant: normal; text-decoration: none; vertical-align: baseline; white-space: pre-wrap;\"><br \/><br \/><\/span><\/a><\/p><p>\u00a0<\/p>\t\t\t\t\t\t\t\t<\/div>\n\t\t\t\t<\/div>\n\t\t\t\t\t<\/div>\n\t\t<\/div>\n\t\t\t\t\t<\/div>\n\t\t<\/section>\n\t\t\t\t<\/div>\n\t\t","protected":false},"excerpt":{"rendered":"<p>O mercado de trabalho est\u00e1 passando por transforma\u00e7\u00f5es r\u00e1pidas, impulsionadas pelo avan\u00e7o da tecnologia, pela automa\u00e7\u00e3o e pelas novas demandas da sociedade. Profiss\u00f5es que antes eram vistas como promissoras podem perder espa\u00e7o, enquanto outras, antes inimagin\u00e1veis, ganham destaque. Para os jovens, compreender essas mudan\u00e7as \u00e9 essencial para tomar decis\u00f5es mais assertivas sobre o futuro profissional. [&hellip;]<\/p>\n","protected":false},"author":14,"featured_media":11021,"comment_status":"open","ping_status":"open","sticky":false,"template":"","format":"standard","meta":{"footnotes":""},"categories":[6],"tags":[],"class_list":["post-11020","post","type-post","status-publish","format-standard","has-post-thumbnail","hentry","category-blog"],"_links":{"self":[{"href":"https:\/\/colegioprigule.com.br\/blog\/wp-json\/wp\/v2\/posts\/11020","targetHints":{"allow":["GET"]}}],"collection":[{"href":"https:\/\/colegioprigule.com.br\/blog\/wp-json\/wp\/v2\/posts"}],"about":[{"href":"https:\/\/colegioprigule.com.br\/blog\/wp-json\/wp\/v2\/types\/post"}],"author":[{"embeddable":true,"href":"https:\/\/colegioprigule.com.br\/blog\/wp-json\/wp\/v2\/users\/14"}],"replies":[{"embeddable":true,"href":"https:\/\/colegioprigule.com.br\/blog\/wp-json\/wp\/v2\/comments?post=11020"}],"version-history":[{"count":4,"href":"https:\/\/colegioprigule.com.br\/blog\/wp-json\/wp\/v2\/posts\/11020\/revisions"}],"predecessor-version":[{"id":11025,"href":"https:\/\/colegioprigule.com.br\/blog\/wp-json\/wp\/v2\/posts\/11020\/revisions\/11025"}],"wp:featuredmedia":[{"embeddable":true,"href":"https:\/\/colegioprigule.com.br\/blog\/wp-json\/wp\/v2\/media\/11021"}],"wp:attachment":[{"href":"https:\/\/colegioprigule.com.br\/blog\/wp-json\/wp\/v2\/media?parent=11020"}],"wp:term":[{"taxonomy":"category","embeddable":true,"href":"https:\/\/colegioprigule.com.br\/blog\/wp-json\/wp\/v2\/categories?post=11020"},{"taxonomy":"post_tag","embeddable":true,"href":"https:\/\/colegioprigule.com.br\/blog\/wp-json\/wp\/v2\/tags?post=11020"}],"curies":[{"name":"wp","href":"https:\/\/api.w.org\/{rel}","templated":true}]}}