{"id":11039,"date":"2025-03-14T18:39:53","date_gmt":"2025-03-14T21:39:53","guid":{"rendered":"https:\/\/colegioprigule.com.br\/?p=11039"},"modified":"2025-03-14T18:41:46","modified_gmt":"2025-03-14T21:41:46","slug":"como-garantir-um-sono-reparador-na-infancia","status":"publish","type":"post","link":"https:\/\/colegioprigule.com.br\/blog\/como-garantir-um-sono-reparador-na-infancia\/","title":{"rendered":"Como garantir um sono reparador na inf\u00e2ncia"},"content":{"rendered":"\t\t<div data-elementor-type=\"wp-post\" data-elementor-id=\"11039\" class=\"elementor elementor-11039\" data-elementor-post-type=\"post\">\n\t\t\t\t\t\t<section class=\"elementor-section elementor-top-section elementor-element elementor-element-a0079a2 elementor-section-boxed elementor-section-height-default elementor-section-height-default\" data-id=\"a0079a2\" data-element_type=\"section\" data-e-type=\"section\">\n\t\t\t\t\t\t<div class=\"elementor-container elementor-column-gap-default\">\n\t\t\t\t\t<div class=\"elementor-column elementor-col-100 elementor-top-column elementor-element elementor-element-bc4f37c\" data-id=\"bc4f37c\" data-element_type=\"column\" data-e-type=\"column\">\n\t\t\t<div class=\"elementor-widget-wrap elementor-element-populated\">\n\t\t\t\t\t\t<div class=\"elementor-element elementor-element-37fc692 elementor-widget elementor-widget-text-editor\" data-id=\"37fc692\" data-element_type=\"widget\" data-e-type=\"widget\" data-widget_type=\"text-editor.default\">\n\t\t\t\t<div class=\"elementor-widget-container\">\n\t\t\t\t\t\t\t\t\t<p dir=\"ltr\" style=\"line-height: 1.295; margin-top: 0pt; margin-bottom: 8pt;\"><span style=\"font-size: 16pt; font-family: Arial,sans-serif; color: #000000; background-color: transparent; font-weight: 400; font-style: normal; font-variant: normal; text-decoration: none; vertical-align: baseline; white-space: pre-wrap;\">Dormir bem \u00e9 essencial para o desenvolvimento f\u00edsico e mental das crian\u00e7as e adolescentes. Durante o sono, o organismo realiza processos fundamentais, como a consolida\u00e7\u00e3o da mem\u00f3ria, a regula\u00e7\u00e3o emocional e a libera\u00e7\u00e3o de horm\u00f4nios essenciais para o crescimento. A falta de um sono de qualidade pode comprometer o desempenho escolar, afetar o humor e at\u00e9 prejudicar a sa\u00fade ao longo do tempo.<\/span><\/p><p><b id=\"docs-internal-guid-d0f88ecb-7fff-892c-c615-922c69076f7b\" style=\"font-weight: normal;\">\u00a0<\/b><\/p><p dir=\"ltr\" style=\"line-height: 1.295; margin-top: 0pt; margin-bottom: 8pt;\"><span style=\"font-size: 16pt; font-family: Arial,sans-serif; color: #000000; background-color: transparent; font-weight: 400; font-style: normal; font-variant: normal; text-decoration: none; vertical-align: baseline; white-space: pre-wrap;\">Os impactos da priva\u00e7\u00e3o de sono v\u00e3o al\u00e9m do cansa\u00e7o. Crian\u00e7as que dormem menos do que o recomendado podem apresentar dificuldades de concentra\u00e7\u00e3o, irritabilidade e queda no rendimento acad\u00eamico. <\/span><span style=\"font-size: 16pt; font-family: Arial,sans-serif; color: #000000; background-color: transparent; font-weight: bold; font-style: normal; font-variant: normal; text-decoration: none; vertical-align: baseline; white-space: pre-wrap;\">&#8220;Criar uma rotina saud\u00e1vel de sono ajuda a melhorar a disposi\u00e7\u00e3o e a aprendizagem dos estudantes, garantindo que eles aproveitem melhor o tempo na escola&#8221;<\/span><span style=\"font-size: 16pt; font-family: Arial,sans-serif; color: #000000; background-color: transparent; font-weight: 400; font-style: normal; font-variant: normal; text-decoration: none; vertical-align: baseline; white-space: pre-wrap;\">, afirma Let\u00edcia Dorighello, diretora pedag\u00f3gica do Col\u00e9gio Pr\u00edgule, de S\u00e3o Paulo.<\/span><\/p><p><b style=\"font-weight: normal;\">\u00a0<\/b><\/p><p dir=\"ltr\" style=\"line-height: 1.295; margin-top: 0pt; margin-bottom: 8pt;\"><span style=\"font-size: 16pt; font-family: Arial,sans-serif; color: #000000; background-color: transparent; font-weight: 400; font-style: normal; font-variant: normal; text-decoration: none; vertical-align: baseline; white-space: pre-wrap;\">Para melhorar a qualidade do sono, \u00e9 fundamental estabelecer hor\u00e1rios regulares para dormir e acordar, criando uma rotina que auxilie o corpo a se ajustar ao ciclo natural do descanso. Evitar o uso de dispositivos eletr\u00f4nicos antes de dormir \u00e9 uma das medidas mais eficazes, pois a luz azul emitida por telas inibe a produ\u00e7\u00e3o de melatonina, o horm\u00f4nio do sono.<\/span><\/p><p><b style=\"font-weight: normal;\">\u00a0<\/b><\/p><p dir=\"ltr\" style=\"line-height: 1.295; margin-top: 0pt; margin-bottom: 8pt;\"><span style=\"font-size: 16pt; font-family: Arial,sans-serif; color: #000000; background-color: transparent; font-weight: 400; font-style: normal; font-variant: normal; text-decoration: none; vertical-align: baseline; white-space: pre-wrap;\">Outro fator relevante \u00e9 o ambiente do quarto. Um espa\u00e7o silencioso, escuro e confort\u00e1vel contribui para um sono mais profundo e reparador. A pr\u00e1tica de atividades f\u00edsicas durante o dia tamb\u00e9m pode ajudar, desde que n\u00e3o sejam realizadas muito pr\u00f3ximas ao hor\u00e1rio de dormir, pois exerc\u00edcios intensos aumentam a produ\u00e7\u00e3o de adrenalina e dificultam o relaxamento.<\/span><\/p><p><b style=\"font-weight: normal;\">\u00a0<\/b><\/p><p dir=\"ltr\" style=\"line-height: 1.295; margin-top: 0pt; margin-bottom: 8pt;\"><span style=\"font-size: 16pt; font-family: Arial,sans-serif; color: #000000; background-color: transparent; font-weight: 400; font-style: normal; font-variant: normal; text-decoration: none; vertical-align: baseline; white-space: pre-wrap;\">A alimenta\u00e7\u00e3o antes do sono tamb\u00e9m influencia a qualidade do descanso. Refei\u00e7\u00f5es leves e balanceadas s\u00e3o as mais indicadas para evitar desconfortos noturnos. O consumo de cafe\u00edna e a\u00e7\u00facar deve ser reduzido no per\u00edodo da noite, pois esses estimulantes podem dificultar o relaxamento e prolongar o tempo necess\u00e1rio para adormecer.<\/span><\/p><p><b style=\"font-weight: normal;\">\u00a0<\/b><\/p><p dir=\"ltr\" style=\"line-height: 1.295; margin-top: 0pt; margin-bottom: 8pt;\"><span style=\"font-size: 16pt; font-family: Arial,sans-serif; color: #000000; background-color: transparent; font-weight: 400; font-style: normal; font-variant: normal; text-decoration: none; vertical-align: baseline; white-space: pre-wrap;\">Muitas crian\u00e7as enfrentam dificuldades para dormir devido \u00e0 ansiedade e preocupa\u00e7\u00f5es do dia a dia. <strong>Criar rituais de relaxamento, como ler um livro ou ouvir m\u00fasicas suaves antes de dormir, pode ser uma excelente estrat\u00e9gia para acalmar a mente e preparar o corpo para o descanso.<\/strong><\/span><\/p><p><b style=\"font-weight: normal;\">\u00a0<\/b><\/p><p dir=\"ltr\" style=\"line-height: 1.295; margin-top: 0pt; margin-bottom: 8pt;\"><span style=\"font-size: 16pt; font-family: Arial,sans-serif; color: #000000; background-color: transparent; font-weight: 400; font-style: normal; font-variant: normal; text-decoration: none; vertical-align: baseline; white-space: pre-wrap;\">Se mesmo com todas essas estrat\u00e9gias a crian\u00e7a apresentar dificuldades frequentes para dormir ou acordar cansada, \u00e9 importante buscar orienta\u00e7\u00e3o m\u00e9dica. Dist\u00farbios como apneia do sono, ins\u00f4nia e sonambulismo podem interferir na qualidade do sono e precisam ser tratados por profissionais especializados.<\/span><\/p><p><b style=\"font-weight: normal;\">\u00a0<\/b><\/p><p dir=\"ltr\" style=\"line-height: 1.295; margin-top: 0pt; margin-bottom: 8pt;\"><span style=\"font-size: 16pt; font-family: Arial,sans-serif; color: #000000; background-color: transparent; font-weight: 400; font-style: normal; font-variant: normal; text-decoration: none; vertical-align: baseline; white-space: pre-wrap;\">Investir na qualidade do sono \u00e9 essencial para o bem-estar e o desempenho escolar das crian\u00e7as e adolescentes. Com pequenas mudan\u00e7as na rotina e um ambiente prop\u00edcio ao descanso, \u00e9 poss\u00edvel garantir um sono reparador, proporcionando mais disposi\u00e7\u00e3o e equil\u00edbrio emocional para enfrentar os desafios di\u00e1rios.<\/span><\/p><p><b style=\"font-weight: normal;\">\u00a0<\/b><\/p><p dir=\"ltr\" style=\"line-height: 1.295; margin-top: 0pt; margin-bottom: 8pt;\"><span style=\"font-size: 16pt; font-family: Arial,sans-serif; color: #000000; background-color: transparent; font-weight: 400; font-style: normal; font-variant: normal; text-decoration: none; vertical-align: baseline; white-space: pre-wrap;\">Para saber mais sobre sono, visite\u00a0<\/span><a style=\"text-decoration: none;\" href=\"https:\/\/drauziovarella.uol.com.br\/pediatria\/como-o-sono-impacta-o-desenvolvimento-infantil\/\"><span style=\"font-size: 16pt; font-family: Arial,sans-serif; color: #467886; background-color: transparent; font-weight: 400; font-style: normal; font-variant: normal; text-decoration: underline; -webkit-text-decoration-skip: none; text-decoration-skip-ink: none; vertical-align: baseline; white-space: pre-wrap;\">https:\/\/drauziovarella.uol.com.br\/pediatria\/como-o-sono-impacta-o-desenvolvimento-infantil\/<\/span><\/a><span style=\"font-size: 16pt; font-family: Arial,sans-serif; color: #000000; background-color: transparent; font-weight: 400; font-style: normal; font-variant: normal; text-decoration: none; vertical-align: baseline; white-space: pre-wrap;\"> e <a href=\"https:\/\/institutodosono.com\/artigos-noticias\/o-papel-vital-do-sono-para-o-funcionamento-do-organismo\/\">https:\/\/institutodosono.com\/artigos-noticias\/o-papel-vital-do-sono-para-o-funcionamento-do-organismo\/<\/a><\/span><\/p><div><span style=\"font-size: 16pt; font-family: Arial,sans-serif; color: #000000; background-color: transparent; font-weight: 400; font-style: normal; font-variant: normal; text-decoration: none; vertical-align: baseline; white-space: pre-wrap;\">\u00a0<\/span><\/div>\t\t\t\t\t\t\t\t<\/div>\n\t\t\t\t<\/div>\n\t\t\t\t\t<\/div>\n\t\t<\/div>\n\t\t\t\t\t<\/div>\n\t\t<\/section>\n\t\t\t\t<\/div>\n\t\t","protected":false},"excerpt":{"rendered":"<p>Dormir bem \u00e9 essencial para o desenvolvimento f\u00edsico e mental das crian\u00e7as e adolescentes. Durante o sono, o organismo realiza processos fundamentais, como a consolida\u00e7\u00e3o da mem\u00f3ria, a regula\u00e7\u00e3o emocional e a libera\u00e7\u00e3o de horm\u00f4nios essenciais para o crescimento. A falta de um sono de qualidade pode comprometer o desempenho escolar, afetar o humor e [&hellip;]<\/p>\n","protected":false},"author":14,"featured_media":11040,"comment_status":"open","ping_status":"open","sticky":false,"template":"","format":"standard","meta":{"footnotes":""},"categories":[6],"tags":[],"class_list":["post-11039","post","type-post","status-publish","format-standard","has-post-thumbnail","hentry","category-blog"],"_links":{"self":[{"href":"https:\/\/colegioprigule.com.br\/blog\/wp-json\/wp\/v2\/posts\/11039","targetHints":{"allow":["GET"]}}],"collection":[{"href":"https:\/\/colegioprigule.com.br\/blog\/wp-json\/wp\/v2\/posts"}],"about":[{"href":"https:\/\/colegioprigule.com.br\/blog\/wp-json\/wp\/v2\/types\/post"}],"author":[{"embeddable":true,"href":"https:\/\/colegioprigule.com.br\/blog\/wp-json\/wp\/v2\/users\/14"}],"replies":[{"embeddable":true,"href":"https:\/\/colegioprigule.com.br\/blog\/wp-json\/wp\/v2\/comments?post=11039"}],"version-history":[{"count":4,"href":"https:\/\/colegioprigule.com.br\/blog\/wp-json\/wp\/v2\/posts\/11039\/revisions"}],"predecessor-version":[{"id":11044,"href":"https:\/\/colegioprigule.com.br\/blog\/wp-json\/wp\/v2\/posts\/11039\/revisions\/11044"}],"wp:featuredmedia":[{"embeddable":true,"href":"https:\/\/colegioprigule.com.br\/blog\/wp-json\/wp\/v2\/media\/11040"}],"wp:attachment":[{"href":"https:\/\/colegioprigule.com.br\/blog\/wp-json\/wp\/v2\/media?parent=11039"}],"wp:term":[{"taxonomy":"category","embeddable":true,"href":"https:\/\/colegioprigule.com.br\/blog\/wp-json\/wp\/v2\/categories?post=11039"},{"taxonomy":"post_tag","embeddable":true,"href":"https:\/\/colegioprigule.com.br\/blog\/wp-json\/wp\/v2\/tags?post=11039"}],"curies":[{"name":"wp","href":"https:\/\/api.w.org\/{rel}","templated":true}]}}