{"id":11089,"date":"2025-03-24T17:45:24","date_gmt":"2025-03-24T20:45:24","guid":{"rendered":"https:\/\/colegioprigule.com.br\/?p=11089"},"modified":"2025-03-24T17:46:04","modified_gmt":"2025-03-24T20:46:04","slug":"as-consequencias-do-sedentarismo-na-infancia","status":"publish","type":"post","link":"https:\/\/colegioprigule.com.br\/blog\/as-consequencias-do-sedentarismo-na-infancia\/","title":{"rendered":"\u00a0As consequ\u00eancias do sedentarismo na inf\u00e2ncia"},"content":{"rendered":"\t\t<div data-elementor-type=\"wp-post\" data-elementor-id=\"11089\" class=\"elementor elementor-11089\" data-elementor-post-type=\"post\">\n\t\t\t\t\t\t<section class=\"elementor-section elementor-top-section elementor-element elementor-element-6737092 elementor-section-boxed elementor-section-height-default elementor-section-height-default\" data-id=\"6737092\" data-element_type=\"section\" data-e-type=\"section\">\n\t\t\t\t\t\t<div class=\"elementor-container elementor-column-gap-default\">\n\t\t\t\t\t<div class=\"elementor-column elementor-col-100 elementor-top-column elementor-element elementor-element-d633b1b\" data-id=\"d633b1b\" data-element_type=\"column\" data-e-type=\"column\">\n\t\t\t<div class=\"elementor-widget-wrap elementor-element-populated\">\n\t\t\t\t\t\t<div class=\"elementor-element elementor-element-0058b73 elementor-widget elementor-widget-text-editor\" data-id=\"0058b73\" data-element_type=\"widget\" data-e-type=\"widget\" data-widget_type=\"text-editor.default\">\n\t\t\t\t<div class=\"elementor-widget-container\">\n\t\t\t\t\t\t\t\t\t<p dir=\"ltr\" style=\"line-height:1.295;margin-top:0pt;margin-bottom:8pt;\"><span style=\"font-size:16pt;font-family:Arial,sans-serif;color:#000000;background-color:transparent;font-weight:400;font-style:normal;font-variant:normal;text-decoration:none;vertical-align:baseline;white-space:pre;white-space:pre-wrap;\">Crian\u00e7as que passam a maior parte do tempo sentadas, com pouca ou nenhuma atividade f\u00edsica ao longo do dia, est\u00e3o em situa\u00e7\u00e3o de sedentarismo. Esse comportamento, cada vez mais comum, tem preocupado especialistas por seus impactos na sa\u00fade f\u00edsica, emocional e no desenvolvimento global da crian\u00e7a. O sedentarismo infantil n\u00e3o \u00e9 apenas a aus\u00eancia de esportes, mas inclui o excesso de tempo em frente \u00e0s telas, como celulares, tablets e televisores, sem a devida compensa\u00e7\u00e3o com atividades que exijam movimento.<\/span><\/p><p><b style=\"font-weight:normal;\" id=\"docs-internal-guid-03fb5a53-7fff-5fed-923d-1ccbc105bac3\"><br><\/b><\/p><p dir=\"ltr\" style=\"line-height:1.295;margin-top:0pt;margin-bottom:8pt;\"><span style=\"font-size:16pt;font-family:Arial,sans-serif;color:#000000;background-color:transparent;font-weight:400;font-style:normal;font-variant:normal;text-decoration:none;vertical-align:baseline;white-space:pre;white-space:pre-wrap;\">Al\u00e9m da falta de movimenta\u00e7\u00e3o, muitos desses h\u00e1bitos v\u00eam acompanhados de uma alimenta\u00e7\u00e3o inadequada, com alto consumo de ultraprocessados e a\u00e7\u00facares. A combina\u00e7\u00e3o desses fatores tem elevado os \u00edndices de obesidade infantil e antecipado problemas que, at\u00e9 h\u00e1 pouco tempo, eram mais comuns em adultos, como diabetes tipo 2 e hipertens\u00e3o.<\/span><\/p><p><b style=\"font-weight:normal;\"><br><\/b><\/p><p dir=\"ltr\" style=\"line-height:1.295;margin-top:0pt;margin-bottom:8pt;\"><span style=\"font-size:16pt;font-family:Arial,sans-serif;color:#000000;background-color:transparent;font-weight:700;font-style:normal;font-variant:normal;text-decoration:none;vertical-align:baseline;white-space:pre;white-space:pre-wrap;\">\u201cEstimular a crian\u00e7a a brincar, correr, dan\u00e7ar ou praticar esportes \u00e9 t\u00e3o importante quanto ensinar matem\u00e1tica ou leitura. O movimento tamb\u00e9m educa\u201d<\/span><span style=\"font-size:16pt;font-family:Arial,sans-serif;color:#000000;background-color:transparent;font-weight:400;font-style:normal;font-variant:normal;text-decoration:none;vertical-align:baseline;white-space:pre;white-space:pre-wrap;\">, afirma Let\u00edcia Dorighello, diretora pedag\u00f3gica do Col\u00e9gio Pr\u00edgule, de S\u00e3o Paulo. Ela refor\u00e7a que o sedentarismo na inf\u00e2ncia compromete n\u00e3o s\u00f3 a sa\u00fade f\u00edsica, mas tamb\u00e9m a autoestima e o bem-estar emocional.<\/span><\/p><p><b style=\"font-weight:normal;\"><br><\/b><\/p><p dir=\"ltr\" style=\"line-height:1.295;margin-top:0pt;margin-bottom:8pt;\"><span style=\"font-size:16pt;font-family:Arial,sans-serif;color:#000000;background-color:transparent;font-weight:400;font-style:normal;font-variant:normal;text-decoration:none;vertical-align:baseline;white-space:pre;white-space:pre-wrap;\">Entre os sinais que merecem aten\u00e7\u00e3o, o ganho de peso excessivo \u00e9 o mais evidente. Por\u00e9m, h\u00e1 outros ind\u00edcios: cansa\u00e7o em caminhadas curtas, desinteresse por brincadeiras ativas e prefer\u00eancia constante por dispositivos eletr\u00f4nicos. Esses comportamentos, se mantidos ao longo do tempo, podem afetar o crescimento, a disposi\u00e7\u00e3o e at\u00e9 a conviv\u00eancia social da crian\u00e7a.<\/span><\/p><p><b style=\"font-weight:normal;\"><br><\/b><\/p><p dir=\"ltr\" style=\"line-height:1.295;margin-top:0pt;margin-bottom:8pt;\"><span style=\"font-size:16pt;font-family:Arial,sans-serif;color:#000000;background-color:transparent;font-weight:400;font-style:normal;font-variant:normal;text-decoration:none;vertical-align:baseline;white-space:pre;white-space:pre-wrap;\">Prevenir o sedentarismo exige a\u00e7\u00f5es conjuntas entre fam\u00edlia e escola. Uma das estrat\u00e9gias mais eficazes \u00e9 limitar o tempo de tela, propondo em seu lugar passeios, brincadeiras ao ar livre e jogos que estimulem o corpo. Atividades simples, como andar de bicicleta ou correr no parque, j\u00e1 contribuem muito para reduzir o tempo de inatividade.<\/span><\/p><p><b style=\"font-weight:normal;\"><br><\/b><\/p><p dir=\"ltr\" style=\"line-height:1.295;margin-top:0pt;margin-bottom:8pt;\"><span style=\"font-size:16pt;font-family:Arial,sans-serif;color:#000000;background-color:transparent;font-weight:400;font-style:normal;font-variant:normal;text-decoration:none;vertical-align:baseline;white-space:pre;white-space:pre-wrap;\">Outro ponto essencial \u00e9 a alimenta\u00e7\u00e3o. Incentivar o consumo de frutas, legumes, gr\u00e3os e alimentos naturais ajuda a equilibrar o peso e melhora a disposi\u00e7\u00e3o da crian\u00e7a para se movimentar. Comer bem e se mexer com frequ\u00eancia s\u00e3o h\u00e1bitos que se complementam e que devem ser cultivados desde os primeiros anos de vida.<\/span><\/p><p><b style=\"font-weight:normal;\"><br><\/b><\/p><p dir=\"ltr\" style=\"line-height:1.295;margin-top:0pt;margin-bottom:8pt;\"><span style=\"font-size:16pt;font-family:Arial,sans-serif;color:#000000;background-color:transparent;font-weight:400;font-style:normal;font-variant:normal;text-decoration:none;vertical-align:baseline;white-space:pre;white-space:pre-wrap;\">Os adultos t\u00eam papel fundamental nesse processo. Crian\u00e7as s\u00e3o mais propensas a adotar h\u00e1bitos saud\u00e1veis quando veem seus respons\u00e1veis fazendo o mesmo. Incluir a pr\u00e1tica de atividades f\u00edsicas na rotina da fam\u00edlia \u00e9 uma forma de ensinar pelo exemplo e, ao mesmo tempo, fortalecer v\u00ednculos afetivos.<\/span><\/p><p dir=\"ltr\" style=\"line-height:1.295;margin-top:0pt;margin-bottom:8pt;\"><span style=\"font-size:16pt;font-family:Arial,sans-serif;color:#000000;background-color:transparent;font-weight:400;font-style:normal;font-variant:normal;text-decoration:none;vertical-align:baseline;white-space:pre;white-space:pre-wrap;\">Para saber mais sobre sedentarismo, visite <\/span><a href=\"https:\/\/mundoeducacao.uol.com.br\/doencas\/obesidade-infantil.htm\" style=\"text-decoration:none;\"><span style=\"font-size:16pt;font-family:Arial,sans-serif;color:#467886;background-color:transparent;font-weight:400;font-style:normal;font-variant:normal;text-decoration:underline;-webkit-text-decoration-skip:none;text-decoration-skip-ink:none;vertical-align:baseline;white-space:pre;white-space:pre-wrap;\">https:\/\/mundoeducacao.uol.com.br\/doencas\/obesidade-infantil.htm<\/span><\/a><span style=\"font-size:16pt;font-family:Arial,sans-serif;color:#000000;background-color:transparent;font-weight:400;font-style:normal;font-variant:normal;text-decoration:none;vertical-align:baseline;white-space:pre;white-space:pre-wrap;\"> e <\/span><a href=\"https:\/\/www.pastoraldacrianca.org.br\/obesidade\/sedentarismo-infantil\" style=\"text-decoration:none;\"><span style=\"font-size:16pt;font-family:Arial,sans-serif;color:#467886;background-color:transparent;font-weight:400;font-style:normal;font-variant:normal;text-decoration:underline;-webkit-text-decoration-skip:none;text-decoration-skip-ink:none;vertical-align:baseline;white-space:pre;white-space:pre-wrap;\">https:\/\/www.pastoraldacrianca.org.br\/obesidade\/sedentarismo-infantil<\/span><span style=\"font-size:16pt;font-family:Arial,sans-serif;color:#000000;background-color:transparent;font-weight:400;font-style:normal;font-variant:normal;text-decoration:none;vertical-align:baseline;white-space:pre;white-space:pre-wrap;\"><br><br><\/span><\/a><\/p><p><br><\/p>\t\t\t\t\t\t\t\t<\/div>\n\t\t\t\t<\/div>\n\t\t\t\t\t<\/div>\n\t\t<\/div>\n\t\t\t\t\t<\/div>\n\t\t<\/section>\n\t\t\t\t<\/div>\n\t\t","protected":false},"excerpt":{"rendered":"<p>Crian\u00e7as que passam a maior parte do tempo sentadas, com pouca ou nenhuma atividade f\u00edsica ao longo do dia, est\u00e3o em situa\u00e7\u00e3o de sedentarismo. Esse comportamento, cada vez mais comum, tem preocupado especialistas por seus impactos na sa\u00fade f\u00edsica, emocional e no desenvolvimento global da crian\u00e7a. O sedentarismo infantil n\u00e3o \u00e9 apenas a aus\u00eancia de [&hellip;]<\/p>\n","protected":false},"author":14,"featured_media":11090,"comment_status":"open","ping_status":"open","sticky":false,"template":"","format":"standard","meta":{"footnotes":""},"categories":[6],"tags":[],"class_list":["post-11089","post","type-post","status-publish","format-standard","has-post-thumbnail","hentry","category-blog"],"_links":{"self":[{"href":"https:\/\/colegioprigule.com.br\/blog\/wp-json\/wp\/v2\/posts\/11089","targetHints":{"allow":["GET"]}}],"collection":[{"href":"https:\/\/colegioprigule.com.br\/blog\/wp-json\/wp\/v2\/posts"}],"about":[{"href":"https:\/\/colegioprigule.com.br\/blog\/wp-json\/wp\/v2\/types\/post"}],"author":[{"embeddable":true,"href":"https:\/\/colegioprigule.com.br\/blog\/wp-json\/wp\/v2\/users\/14"}],"replies":[{"embeddable":true,"href":"https:\/\/colegioprigule.com.br\/blog\/wp-json\/wp\/v2\/comments?post=11089"}],"version-history":[{"count":4,"href":"https:\/\/colegioprigule.com.br\/blog\/wp-json\/wp\/v2\/posts\/11089\/revisions"}],"predecessor-version":[{"id":11094,"href":"https:\/\/colegioprigule.com.br\/blog\/wp-json\/wp\/v2\/posts\/11089\/revisions\/11094"}],"wp:featuredmedia":[{"embeddable":true,"href":"https:\/\/colegioprigule.com.br\/blog\/wp-json\/wp\/v2\/media\/11090"}],"wp:attachment":[{"href":"https:\/\/colegioprigule.com.br\/blog\/wp-json\/wp\/v2\/media?parent=11089"}],"wp:term":[{"taxonomy":"category","embeddable":true,"href":"https:\/\/colegioprigule.com.br\/blog\/wp-json\/wp\/v2\/categories?post=11089"},{"taxonomy":"post_tag","embeddable":true,"href":"https:\/\/colegioprigule.com.br\/blog\/wp-json\/wp\/v2\/tags?post=11089"}],"curies":[{"name":"wp","href":"https:\/\/api.w.org\/{rel}","templated":true}]}}