{"id":11180,"date":"2025-04-18T09:06:08","date_gmt":"2025-04-18T12:06:08","guid":{"rendered":"https:\/\/colegioprigule.com.br\/blog\/?p=11180"},"modified":"2025-04-18T09:12:13","modified_gmt":"2025-04-18T12:12:13","slug":"existe-um-jeito-melhor-de-viver-em-familia","status":"publish","type":"post","link":"https:\/\/colegioprigule.com.br\/blog\/existe-um-jeito-melhor-de-viver-em-familia\/","title":{"rendered":"Existe um jeito melhor de viver em fam\u00edlia?"},"content":{"rendered":"\n<h3 class=\"wp-block-heading\">Existe um jeito melhor de viver em fam\u00edlia? Qual \u00e9 o seu? D\u00e1 pra viver com mais leveza, presen\u00e7a, respeito, afeto?<\/h3>\n\n\n\n<p>Fam\u00edlia n\u00e3o vem com manual. Tampouco, os filhos!<br>Cada casa carrega seus pr\u00f3prios c\u00f3digos, afetos e sil\u00eancios.<br>Crescemos aprendendo a amar, cuidar, pedir, gritar, calar \u2014 tudo no improviso.<br>E mesmo quando h\u00e1 amor, nem sempre h\u00e1 harmonia.<\/p>\n\n\n\n<p>O <strong><a href=\"https:\/\/colegioprigule.rds.land\/imersao-jeito-de-viver-familia\" data-type=\"link\" data-id=\"https:\/\/colegioprigule.rds.land\/imersao-jeito-de-viver-familia\">Jeito de Viver Fam\u00edlia<\/a> <\/strong>\u00e9 um treinamento pra quem quer ressignificar essa jornada.<br>Pra quem cansou de repetir padr\u00f5es, carregar culpas ou viver em fun\u00e7\u00e3o de pap\u00e9is que j\u00e1 n\u00e3o fazem mais sentido.<\/p>\n\n\n\n<p>Aqui, voc\u00ea vai descobrir que \u00e9 poss\u00edvel viver sua fam\u00edlia com mais clareza, afeto e verdade \u2014 sem precisar romper com a hist\u00f3ria, mas aprendendo a escrever novos cap\u00edtulos com mais presen\u00e7a e liberdade.<\/p>\n\n\n\n<h2 class=\"wp-block-heading\">Esse \u00e9 um espa\u00e7o para quem quer:<\/h2>\n\n\n\n<ul class=\"wp-block-list\">\n<li>Fortalecer v\u00ednculos sem se anular.<\/li>\n\n\n\n<li>Reconhecer feridas sem reviver traumas.<\/li>\n\n\n\n<li>Criar um ambiente familiar mais saud\u00e1vel, leve e verdadeiro.<\/li>\n<\/ul>\n\n\n\n<p>Seja voc\u00ea m\u00e3e, pai, educador, cuidador ou herdeiro de uma hist\u00f3ria cheia de amor (e confus\u00e3o), o Jeito de Viver Fam\u00edlia \u00e9 o seu convite pra olhar, entender, curar e escolher.<br><br>Porque fam\u00edlia n\u00e3o \u00e9 s\u00f3 de onde viemos.<br>\u00c9 tamb\u00e9m o jeito que escolhemos viver daqui pra frente.<br><br>Esses pontos s\u00e3o tratados na Imers\u00e3o Jeito de Viver Fam\u00edlia, que h\u00e1 dois anos, \u00e9 ministrado pela Diretora Pedag\u00f3gica, Let\u00edcia, com um valor especial aos pais dos alunos do Col\u00e9gio Pr\u00edgule. Porque a nossa tarefa, como educadores, tem o intuito de <strong>tornar o desenvolvimento humano leve e poss\u00edvel.<\/strong><\/p>\n\n\n\n<h2 class=\"wp-block-heading\">Queremos mostrar que:<\/h2>\n\n\n\n<ul class=\"wp-block-list\">\n<li>Desenvolvimento pessoal n\u00e3o \u00e9 um castigo \u2014 \u00e9 um presente.<\/li>\n\n\n\n<li>Contar hist\u00f3rias reais, como a sua, pode virar a dor em pot\u00eancia.<\/li>\n\n\n\n<li>Usar linguagem afetiva, simples e direta est\u00e1 acess\u00edvel \u00e0 qualquer pessoa.<\/li>\n\n\n\n<li>Criar ambientes seguros, onde as pessoas possam ser imperfeitas sem julgamento, \u00e9 transformador.<\/li>\n<\/ul>\n\n\n\n<figure class=\"wp-block-image size-large\"><img fetchpriority=\"high\" decoding=\"async\" width=\"1024\" height=\"768\" src=\"https:\/\/colegioprigule.com.br\/blog\/wp-content\/uploads\/2025\/04\/WhatsApp-Image-2025-04-14-at-15.01.38-1024x768.jpg\" alt=\"\" class=\"wp-image-11181\" srcset=\"https:\/\/colegioprigule.com.br\/blog\/wp-content\/uploads\/2025\/04\/WhatsApp-Image-2025-04-14-at-15.01.38-1024x768.jpg 1024w, https:\/\/colegioprigule.com.br\/blog\/wp-content\/uploads\/2025\/04\/WhatsApp-Image-2025-04-14-at-15.01.38-300x225.jpg 300w, https:\/\/colegioprigule.com.br\/blog\/wp-content\/uploads\/2025\/04\/WhatsApp-Image-2025-04-14-at-15.01.38-768x576.jpg 768w, https:\/\/colegioprigule.com.br\/blog\/wp-content\/uploads\/2025\/04\/WhatsApp-Image-2025-04-14-at-15.01.38-1536x1152.jpg 1536w, https:\/\/colegioprigule.com.br\/blog\/wp-content\/uploads\/2025\/04\/WhatsApp-Image-2025-04-14-at-15.01.38.jpg 1600w\" sizes=\"(max-width: 1024px) 100vw, 1024px\" \/><\/figure>\n\n\n\n<p>No \u00faltimo s\u00e1bado (12) aconteceu a 5\u00aa turma da Imers\u00e3o e tr\u00eas funcion\u00e1rias do col\u00e9gio escolheram transformar seus lares. <strong>Esperamos por voc\u00ea na pr\u00f3xima!<\/strong><\/p>\n\n\n\n<h2 class=\"wp-block-heading\">Inscreva-se aqui: <a href=\"https:\/\/forms.gle\/NAVJn2vzYaQeuT2U6\" data-type=\"link\" data-id=\"https:\/\/forms.gle\/NAVJn2vzYaQeuT2U6\">Turma 06 &#8211; Treinamento Jeito de Viver Fam\u00edlia<\/a><\/h2>\n\n\n\n<figure class=\"wp-block-image size-large\"><img decoding=\"async\" width=\"1024\" height=\"308\" src=\"https:\/\/colegioprigule.com.br\/blog\/wp-content\/uploads\/2025\/04\/Divulgacao-turma-06-imersao-jeito-de-viver-familia-colegio-prigule-com-leticia-dorighello-1024x308.png\" alt=\"\" class=\"wp-image-11184\" srcset=\"https:\/\/colegioprigule.com.br\/blog\/wp-content\/uploads\/2025\/04\/Divulgacao-turma-06-imersao-jeito-de-viver-familia-colegio-prigule-com-leticia-dorighello-1024x308.png 1024w, https:\/\/colegioprigule.com.br\/blog\/wp-content\/uploads\/2025\/04\/Divulgacao-turma-06-imersao-jeito-de-viver-familia-colegio-prigule-com-leticia-dorighello-300x90.png 300w, https:\/\/colegioprigule.com.br\/blog\/wp-content\/uploads\/2025\/04\/Divulgacao-turma-06-imersao-jeito-de-viver-familia-colegio-prigule-com-leticia-dorighello-768x231.png 768w, https:\/\/colegioprigule.com.br\/blog\/wp-content\/uploads\/2025\/04\/Divulgacao-turma-06-imersao-jeito-de-viver-familia-colegio-prigule-com-leticia-dorighello-1536x462.png 1536w, https:\/\/colegioprigule.com.br\/blog\/wp-content\/uploads\/2025\/04\/Divulgacao-turma-06-imersao-jeito-de-viver-familia-colegio-prigule-com-leticia-dorighello.png 1920w\" sizes=\"(max-width: 1024px) 100vw, 1024px\" \/><\/figure>\n\n\n\n<p><\/p>\n\n\n\n<p><\/p>\n","protected":false},"excerpt":{"rendered":"<p>Existe um jeito melhor de viver em fam\u00edlia? Qual \u00e9 o seu? D\u00e1 pra viver com mais leveza, presen\u00e7a, respeito, afeto? Fam\u00edlia n\u00e3o vem com manual. Tampouco, os filhos!Cada casa carrega seus pr\u00f3prios c\u00f3digos, afetos e sil\u00eancios.Crescemos aprendendo a amar, cuidar, pedir, gritar, calar \u2014 tudo no improviso.E mesmo quando h\u00e1 amor, nem sempre h\u00e1 [&hellip;]<\/p>\n","protected":false},"author":4,"featured_media":11183,"comment_status":"open","ping_status":"open","sticky":false,"template":"","format":"standard","meta":{"footnotes":""},"categories":[5,100],"tags":[98,96,99,97],"class_list":["post-11180","post","type-post","status-publish","format-standard","has-post-thumbnail","hentry","category-cursos","category-desenvolvimento","tag-imersao","tag-jeito-de-viver-familia","tag-leticia-dorighello","tag-treinamento"],"_links":{"self":[{"href":"https:\/\/colegioprigule.com.br\/blog\/wp-json\/wp\/v2\/posts\/11180","targetHints":{"allow":["GET"]}}],"collection":[{"href":"https:\/\/colegioprigule.com.br\/blog\/wp-json\/wp\/v2\/posts"}],"about":[{"href":"https:\/\/colegioprigule.com.br\/blog\/wp-json\/wp\/v2\/types\/post"}],"author":[{"embeddable":true,"href":"https:\/\/colegioprigule.com.br\/blog\/wp-json\/wp\/v2\/users\/4"}],"replies":[{"embeddable":true,"href":"https:\/\/colegioprigule.com.br\/blog\/wp-json\/wp\/v2\/comments?post=11180"}],"version-history":[{"count":5,"href":"https:\/\/colegioprigule.com.br\/blog\/wp-json\/wp\/v2\/posts\/11180\/revisions"}],"predecessor-version":[{"id":11191,"href":"https:\/\/colegioprigule.com.br\/blog\/wp-json\/wp\/v2\/posts\/11180\/revisions\/11191"}],"wp:featuredmedia":[{"embeddable":true,"href":"https:\/\/colegioprigule.com.br\/blog\/wp-json\/wp\/v2\/media\/11183"}],"wp:attachment":[{"href":"https:\/\/colegioprigule.com.br\/blog\/wp-json\/wp\/v2\/media?parent=11180"}],"wp:term":[{"taxonomy":"category","embeddable":true,"href":"https:\/\/colegioprigule.com.br\/blog\/wp-json\/wp\/v2\/categories?post=11180"},{"taxonomy":"post_tag","embeddable":true,"href":"https:\/\/colegioprigule.com.br\/blog\/wp-json\/wp\/v2\/tags?post=11180"}],"curies":[{"name":"wp","href":"https:\/\/api.w.org\/{rel}","templated":true}]}}