{"id":11240,"date":"2025-04-25T19:46:51","date_gmt":"2025-04-25T22:46:51","guid":{"rendered":"https:\/\/colegioprigule.com.br\/blog\/?p=11240"},"modified":"2025-04-25T19:48:20","modified_gmt":"2025-04-25T22:48:20","slug":"o-essencial-na-farmacinha-das-criancas","status":"publish","type":"post","link":"https:\/\/colegioprigule.com.br\/blog\/o-essencial-na-farmacinha-das-criancas\/","title":{"rendered":"O essencial na farmacinha das crian\u00e7as"},"content":{"rendered":"\t\t<div data-elementor-type=\"wp-post\" data-elementor-id=\"11240\" class=\"elementor elementor-11240\" data-elementor-post-type=\"post\">\n\t\t\t\t\t\t<section class=\"elementor-section elementor-top-section elementor-element elementor-element-4f32b6a elementor-section-boxed elementor-section-height-default elementor-section-height-default\" data-id=\"4f32b6a\" data-element_type=\"section\" data-e-type=\"section\">\n\t\t\t\t\t\t<div class=\"elementor-container elementor-column-gap-default\">\n\t\t\t\t\t<div class=\"elementor-column elementor-col-100 elementor-top-column elementor-element elementor-element-449c8de\" data-id=\"449c8de\" data-element_type=\"column\" data-e-type=\"column\">\n\t\t\t<div class=\"elementor-widget-wrap elementor-element-populated\">\n\t\t\t\t\t\t<div class=\"elementor-element elementor-element-52e26fc elementor-widget elementor-widget-text-editor\" data-id=\"52e26fc\" data-element_type=\"widget\" data-e-type=\"widget\" data-widget_type=\"text-editor.default\">\n\t\t\t\t<div class=\"elementor-widget-container\">\n\t\t\t\t\t\t\t\t\t<p dir=\"ltr\" style=\"line-height: 1.295; margin-top: 0pt; margin-bottom: 8pt;\"><span style=\"font-size: 16pt; font-family: Arial,sans-serif; color: #000000; background-color: transparent; font-weight: 400; font-style: normal; font-variant: normal; text-decoration: none; vertical-align: baseline; white-space: pre-wrap;\">Uma farmacinha bem-organizada \u00e9 importante para qualquer fam\u00edlia, mas quando se trata de crian\u00e7as, a aten\u00e7\u00e3o precisa ser ainda maior. O organismo infantil responde de forma diferente aos medicamentos e, por isso, nem todo rem\u00e9dio usado por adultos pode ser oferecido aos pequenos. Ter em casa apenas o que \u00e9 seguro e indicado por um m\u00e9dico \u00e9 o primeiro passo para garantir mais tranquilidade diante de situa\u00e7\u00f5es inesperadas.<\/span><\/p><p dir=\"ltr\" style=\"line-height: 1.295; margin-top: 0pt; margin-bottom: 8pt;\"><span style=\"font-size: 16pt; font-family: Arial,sans-serif; color: #000000; background-color: transparent; font-weight: 400; font-style: normal; font-variant: normal; text-decoration: none; vertical-align: baseline; white-space: pre-wrap;\">Febre, dores leves, alergias e pequenos acidentes s\u00e3o ocorr\u00eancias comuns na inf\u00e2ncia. Nessas horas, \u00e9 comum os pais recorrerem \u00e0 farmacinha para aliviar sintomas at\u00e9 conseguir atendimento m\u00e9dico. No entanto, o cuidado com a automedica\u00e7\u00e3o deve ser redobrado. Cada faixa et\u00e1ria exige doses espec\u00edficas, e o uso indevido pode levar a efeitos adversos graves \u2014 desde rea\u00e7\u00f5es al\u00e9rgicas at\u00e9 intoxica\u00e7\u00f5es.<\/span><\/p><p dir=\"ltr\" style=\"line-height: 1.295; margin-top: 0pt; margin-bottom: 8pt;\"><span style=\"font-size: 16pt; font-family: Arial,sans-serif; color: #000000; background-color: transparent; font-weight: 400; font-style: normal; font-variant: normal; text-decoration: none; vertical-align: baseline; white-space: pre-wrap;\">Segundo Let\u00edcia Dorighello, diretora pedag\u00f3gica do Col\u00e9gio Pr\u00edgule, de S\u00e3o Paulo, a melhor conduta \u00e9 sempre agir com orienta\u00e7\u00e3o profissional. <\/span><span style=\"font-size: 16pt; font-family: Arial,sans-serif; color: #000000; background-color: transparent; font-weight: bold; font-style: normal; font-variant: normal; text-decoration: none; vertical-align: baseline; white-space: pre-wrap;\">\u201c\u00c9 essencial que os pais n\u00e3o improvisem quando se trata da sa\u00fade das crian\u00e7as. O acompanhamento m\u00e9dico \u00e9 o que garante seguran\u00e7a em qualquer tratamento\u201d<\/span><span style=\"font-size: 16pt; font-family: Arial,sans-serif; color: #000000; background-color: transparent; font-weight: 400; font-style: normal; font-variant: normal; text-decoration: none; vertical-align: baseline; white-space: pre-wrap;\">, afirma.<\/span><\/p><p dir=\"ltr\" style=\"line-height: 1.295; margin-top: 0pt; margin-bottom: 8pt;\"><span style=\"font-size: 16pt; font-family: Arial,sans-serif; color: #000000; background-color: transparent; font-weight: 400; font-style: normal; font-variant: normal; text-decoration: none; vertical-align: baseline; white-space: pre-wrap;\">Na pr\u00e1tica, a farmacinha infantil deve conter poucos medicamentos e todos precisam ter sido prescritos por um pediatra. Antit\u00e9rmicos e analg\u00e9sicos infantis s\u00e3o os mais comuns, assim como solu\u00e7\u00f5es de reidrata\u00e7\u00e3o oral para quadros de diarreia ou v\u00f4mitos. Se a crian\u00e7a j\u00e1 teve rea\u00e7\u00f5es al\u00e9rgicas diagnosticadas, um antial\u00e9rgico prescrito pode ser inclu\u00eddo. Nenhum desses medicamentos, por\u00e9m, deve ser usado sem uma orienta\u00e7\u00e3o m\u00e9dica clara.<\/span><\/p><p dir=\"ltr\" style=\"line-height: 1.295; margin-top: 0pt; margin-bottom: 8pt;\"><span style=\"font-size: 16pt; font-family: Arial,sans-serif; color: #000000; background-color: transparent; font-weight: 400; font-style: normal; font-variant: normal; text-decoration: none; vertical-align: baseline; white-space: pre-wrap;\">Al\u00e9m dos rem\u00e9dios, a farmacinha precisa conter itens de apoio que fazem diferen\u00e7a na hora de agir com seguran\u00e7a. Seringas dosadoras, term\u00f4metros, gaze, soro fisiol\u00f3gico, curativos adesivos e um \u00e1lcool a 70% s\u00e3o exemplos. Esses materiais ajudam a cuidar de pequenos ferimentos e permitem uma administra\u00e7\u00e3o mais precisa das medica\u00e7\u00f5es.<\/span><\/p><p dir=\"ltr\" style=\"line-height: 1.295; margin-top: 0pt; margin-bottom: 8pt;\"><span style=\"font-size: 16pt; font-family: Arial,sans-serif; color: #000000; background-color: transparent; font-weight: 400; font-style: normal; font-variant: normal; text-decoration: none; vertical-align: baseline; white-space: pre-wrap;\">Outro ponto fundamental \u00e9 a aten\u00e7\u00e3o ao prazo de validade. Medicamentos vencidos devem ser descartados corretamente, nunca usados. Al\u00e9m disso, tudo deve ser mantido fora do alcance das crian\u00e7as, em um local seco e protegido da luz. Esses cuidados simples evitam acidentes dom\u00e9sticos e garantem que o conte\u00fado da farmacinha esteja sempre em condi\u00e7\u00f5es de uso.<\/span><\/p><p dir=\"ltr\" style=\"line-height: 1.295; margin-top: 0pt; margin-bottom: 8pt;\"><span style=\"font-size: 16pt; font-family: Arial,sans-serif; color: #000000; background-color: transparent; font-weight: 400; font-style: normal; font-variant: normal; text-decoration: none; vertical-align: baseline; white-space: pre-wrap;\">Observar a crian\u00e7a ap\u00f3s tomar qualquer medicamento tamb\u00e9m \u00e9 essencial. Rea\u00e7\u00f5es como vermelhid\u00e3o, v\u00f4mito, sono excessivo, coceira ou incha\u00e7o podem indicar uma rea\u00e7\u00e3o adversa. Nesse caso, o rem\u00e9dio deve ser suspenso e o pediatra consultado imediatamente. Ter um pequeno registro com o nome do rem\u00e9dio, a data e qualquer rea\u00e7\u00e3o observada ajuda a evitar novas exposi\u00e7\u00f5es a subst\u00e2ncias que causaram problemas.<\/span><\/p><p dir=\"ltr\" style=\"line-height: 1.295; margin-top: 0pt; margin-bottom: 8pt;\"><span style=\"font-size: 16pt; font-family: Arial,sans-serif; color: #000000; background-color: transparent; font-weight: 400; font-style: normal; font-variant: normal; text-decoration: none; vertical-align: baseline; white-space: pre-wrap;\">Para saber mais sobre rem\u00e9dios para crian\u00e7as, visite <\/span><a style=\"text-decoration: none;\" href=\"https:\/\/oglobo.globo.com\/saude\/saiba-quais-sao-os-riscos-de-usar-remedios-em-criancas-sem-orientacao-pediatrica-5106276\"><span style=\"font-size: 16pt; font-family: Arial,sans-serif; color: #467886; background-color: transparent; font-weight: 400; font-style: normal; font-variant: normal; text-decoration: underline; -webkit-text-decoration-skip: none; text-decoration-skip-ink: none; vertical-align: baseline; white-space: pre-wrap;\">https:\/\/oglobo.globo.com\/saude\/saiba-quais-sao-os-riscos-de-usar-remedios-em-criancas-sem-orientacao-pediatrica-5106276<\/span><\/a><span style=\"font-size: 16pt; font-family: Arial,sans-serif; color: #000000; background-color: transparent; font-weight: 400; font-style: normal; font-variant: normal; text-decoration: none; vertical-align: baseline; white-space: pre-wrap;\"> e <a href=\"https:\/\/brasilescola.uol.com.br\/saude-na-escola\/perigos-da-automedicacao-em-criancas.htm\">https:\/\/brasilescola.uol.com.br\/saude-na-escola\/perigos-da-automedicacao-em-criancas.htm<\/a><\/span><\/p><p>\u00a0<\/p>\t\t\t\t\t\t\t\t<\/div>\n\t\t\t\t<\/div>\n\t\t\t\t\t<\/div>\n\t\t<\/div>\n\t\t\t\t\t<\/div>\n\t\t<\/section>\n\t\t\t\t<\/div>\n\t\t","protected":false},"excerpt":{"rendered":"<p>Uma farmacinha bem-organizada \u00e9 importante para qualquer fam\u00edlia, mas quando se trata de crian\u00e7as, a aten\u00e7\u00e3o precisa ser ainda maior. O organismo infantil responde de forma diferente aos medicamentos e, por isso, nem todo rem\u00e9dio usado por adultos pode ser oferecido aos pequenos. Ter em casa apenas o que \u00e9 seguro e indicado por um [&hellip;]<\/p>\n","protected":false},"author":14,"featured_media":11238,"comment_status":"open","ping_status":"open","sticky":false,"template":"","format":"standard","meta":{"footnotes":""},"categories":[6],"tags":[],"class_list":["post-11240","post","type-post","status-publish","format-standard","has-post-thumbnail","hentry","category-blog"],"_links":{"self":[{"href":"https:\/\/colegioprigule.com.br\/blog\/wp-json\/wp\/v2\/posts\/11240","targetHints":{"allow":["GET"]}}],"collection":[{"href":"https:\/\/colegioprigule.com.br\/blog\/wp-json\/wp\/v2\/posts"}],"about":[{"href":"https:\/\/colegioprigule.com.br\/blog\/wp-json\/wp\/v2\/types\/post"}],"author":[{"embeddable":true,"href":"https:\/\/colegioprigule.com.br\/blog\/wp-json\/wp\/v2\/users\/14"}],"replies":[{"embeddable":true,"href":"https:\/\/colegioprigule.com.br\/blog\/wp-json\/wp\/v2\/comments?post=11240"}],"version-history":[{"count":4,"href":"https:\/\/colegioprigule.com.br\/blog\/wp-json\/wp\/v2\/posts\/11240\/revisions"}],"predecessor-version":[{"id":11244,"href":"https:\/\/colegioprigule.com.br\/blog\/wp-json\/wp\/v2\/posts\/11240\/revisions\/11244"}],"wp:featuredmedia":[{"embeddable":true,"href":"https:\/\/colegioprigule.com.br\/blog\/wp-json\/wp\/v2\/media\/11238"}],"wp:attachment":[{"href":"https:\/\/colegioprigule.com.br\/blog\/wp-json\/wp\/v2\/media?parent=11240"}],"wp:term":[{"taxonomy":"category","embeddable":true,"href":"https:\/\/colegioprigule.com.br\/blog\/wp-json\/wp\/v2\/categories?post=11240"},{"taxonomy":"post_tag","embeddable":true,"href":"https:\/\/colegioprigule.com.br\/blog\/wp-json\/wp\/v2\/tags?post=11240"}],"curies":[{"name":"wp","href":"https:\/\/api.w.org\/{rel}","templated":true}]}}