{"id":11357,"date":"2025-05-22T16:26:11","date_gmt":"2025-05-22T19:26:11","guid":{"rendered":"https:\/\/colegioprigule.com.br\/blog\/?p=11357"},"modified":"2025-05-22T16:26:11","modified_gmt":"2025-05-22T19:26:11","slug":"a-importancia-da-hidratacao","status":"publish","type":"post","link":"https:\/\/colegioprigule.com.br\/blog\/a-importancia-da-hidratacao\/","title":{"rendered":"A Import\u00e2ncia da Hidrata\u00e7\u00e3o"},"content":{"rendered":"\n<p>Voc\u00ea j\u00e1 parou para pensar no qu\u00e3o fundamental \u00e9 a hidrata\u00e7\u00e3o para a manuten\u00e7\u00e3o da nossa sa\u00fade?<\/p>\n\n\n\n<p>No <em>Momento Vital<\/em> de Maio, falamos sobre a<strong> import\u00e2ncia da hidrata\u00e7\u00e3o<\/strong> e os impactos positivos que ela exerce em nosso organismo, enquanto a neglig\u00eancia desse cuidado pode gerar consequ\u00eancias negativas que afetam nossa sa\u00fade a longo prazo.<\/p>\n\n\n\n<p>Um fato sobre o&nbsp; nosso corpo, \u00e9 que ele comp\u00f5e cerca de 60 a 70% de l\u00edquidos, tendo isso em vista, a OMS (Organiza\u00e7\u00e3o Mundial da Sa\u00fade) recomenda o consumo de 2 a 3 litros de \u00e1gua por dia, assim evitando a desidrata\u00e7\u00e3o.<\/p>\n\n\n\n<h2 class=\"wp-block-heading\"><strong><em>Quais s\u00e3o os principais sintomas da desidrata\u00e7\u00e3o?<\/em><\/strong><\/h2>\n\n\n\n<p>Durante o nosso encontro, identificamos alguns sintomas que indicam a desidrata\u00e7\u00e3o: sede intensa, olhos fundos e sem brilhos, dores de cabe\u00e7a e urina escura.<\/p>\n\n\n\n<p>Como reverter a condi\u00e7\u00e3o? O principal meio \u00e9 atrav\u00e9s da \u00e1gua, mas, podemos ingerir sucos de frutas, ch\u00e1s e \u00e1gua de coco, al\u00e9m de consumir alimentos como morangos, melancia, abobrinha, alface e tomate, que s\u00e3o ricos em \u00e1gua.<\/p>\n\n\n\n<p>Entre os diversos benef\u00edcios em manter uma hidrata\u00e7\u00e3o saud\u00e1vel, est\u00e1 a boa digest\u00e3o, a regula\u00e7\u00e3o da press\u00e3o arterial, evita a reten\u00e7\u00e3o de l\u00edquidos e infec\u00e7\u00f5es urin\u00e1rias. Uma dica pr\u00e1tica \u00e9 manter sempre uma garrafinha por perto, para que, com o tempo, esse cuidado se transforme em h\u00e1bito e contribua diretamente para a nossa sa\u00fade e bem-estar.<\/p>\n\n\n\n<p>Vale lembrar que os profissionais da sa\u00fade enfatizam que a hidrata\u00e7\u00e3o deve ser feita tamb\u00e9m no frio, mesmo quando a nossa transpira\u00e7\u00e3o \u00e9 menor.<\/p>\n\n\n\n<p>A \u00e1gua \u00e9 essencial para o bom funcionamento do corpo humano em qualquer idade, mas <strong>nas crian\u00e7as<\/strong> isso \u00e9 ainda mais cr\u00edtico por v\u00e1rios motivos:<\/p>\n\n\n\n<ol class=\"wp-block-list\">\n<li><strong>Hidrata\u00e7\u00e3o adequada regula a temperatura corporal<\/strong>, especialmente porque crian\u00e7as se desidratam mais r\u00e1pido que adultos.<br><\/li>\n\n\n\n<li><strong>Ajuda na digest\u00e3o e absor\u00e7\u00e3o de nutrientes<\/strong>, o que \u00e9 essencial para o crescimento.<br><\/li>\n\n\n\n<li><strong>Previne pris\u00e3o de ventre<\/strong> e mant\u00e9m o intestino funcionando bem.<br><\/li>\n\n\n\n<li><strong>Evita fadiga e falta de concentra\u00e7\u00e3o<\/strong>, j\u00e1 que at\u00e9 uma leve desidrata\u00e7\u00e3o pode afetar o humor e o rendimento escolar.<br><\/li>\n\n\n\n<li><strong>Apoia o funcionamento dos rins<\/strong>, ajudando a eliminar toxinas.<\/li>\n<\/ol>\n\n\n\n<h2 class=\"wp-block-heading\"><strong><em>Como eu posso calcular a quantidade ideal de \u00e1gua?<\/em><\/strong><\/h2>\n\n\n\n<p>\u00c9 muito simples, para calcular sua necessidade h\u00eddrica basta multiplicar <strong>o seu peso por 0,35.<\/strong><\/p>\n\n\n\n<p><strong><em>Exemplo:<\/em><\/strong> 70kg x 0,35 = 2,5 litros ao dia.<\/p>\n\n\n\n<h2 class=\"wp-block-heading\"><strong>Qual a quantidade ideal de \u00e1gua para uma crian\u00e7a?<\/strong><\/h2>\n\n\n\n<figure class=\"wp-block-table\"><table class=\"has-fixed-layout\"><tbody><tr><td><strong>Faixa et\u00e1ria<\/strong><\/td><td><strong>Quantidade di\u00e1ria recomendada (aproximada)<\/strong><\/td><\/tr><tr><td>1 a 3 anos<\/td><td>1,3 litros (cerca de 5 copos)<\/td><\/tr><tr><td>4 a 8 anos<\/td><td>1,7 litros (cerca de 7 copos)<\/td><\/tr><tr><td>9 a 13 anos (meninas)<\/td><td>2,1 litros (cerca de 8 copos)<\/td><\/tr><tr><td>9 a 13 anos (meninos)<\/td><td>2,4 litros (cerca de 9 a 10 copos)<\/td><\/tr><\/tbody><\/table><\/figure>\n\n\n\n<p><strong><em>Importante: <\/em><\/strong>parte dessa \u00e1gua vem dos alimentos (frutas, sopas, sucos naturais), ent\u00e3o nem tudo precisa vir diretamente do copo de \u00e1gua.<\/p>\n\n\n\n<p>Quando cuidamos do que ingerimos com aten\u00e7\u00e3o, pequenos h\u00e1bitos se transformam em grandes mudan\u00e7as, por isso, j\u00e1 te convidamos para o nosso pr\u00f3ximo <strong>Momento Vital<\/strong>, que acontecer\u00e1 no dia <strong>16 de junho<\/strong>, onde voc\u00ea ter\u00e1 a oportunidade de <em>adquirir um olhar mais atento, in\u00fameros insights e dicas valiosas<\/em> para cuidar dos h\u00e1bitos alimentares de seu filho!\u00a0<\/p>\n\n\n\n<p>Vamos seguir juntos nessa jornada de sa\u00fade e bem-estar!<\/p>\n\n\n\n<p><\/p>\n","protected":false},"excerpt":{"rendered":"<p>Voc\u00ea j\u00e1 parou para pensar no qu\u00e3o fundamental \u00e9 a hidrata\u00e7\u00e3o para a manuten\u00e7\u00e3o da nossa sa\u00fade? No Momento Vital de Maio, falamos sobre a import\u00e2ncia da hidrata\u00e7\u00e3o e os impactos positivos que ela exerce em nosso organismo, enquanto a neglig\u00eancia desse cuidado pode gerar consequ\u00eancias negativas que afetam nossa sa\u00fade a longo prazo. Um [&hellip;]<\/p>\n","protected":false},"author":13,"featured_media":11360,"comment_status":"open","ping_status":"open","sticky":false,"template":"","format":"standard","meta":{"footnotes":""},"categories":[92],"tags":[],"class_list":["post-11357","post","type-post","status-publish","format-standard","has-post-thumbnail","hentry","category-prigule-me-ajuda"],"_links":{"self":[{"href":"https:\/\/colegioprigule.com.br\/blog\/wp-json\/wp\/v2\/posts\/11357","targetHints":{"allow":["GET"]}}],"collection":[{"href":"https:\/\/colegioprigule.com.br\/blog\/wp-json\/wp\/v2\/posts"}],"about":[{"href":"https:\/\/colegioprigule.com.br\/blog\/wp-json\/wp\/v2\/types\/post"}],"author":[{"embeddable":true,"href":"https:\/\/colegioprigule.com.br\/blog\/wp-json\/wp\/v2\/users\/13"}],"replies":[{"embeddable":true,"href":"https:\/\/colegioprigule.com.br\/blog\/wp-json\/wp\/v2\/comments?post=11357"}],"version-history":[{"count":1,"href":"https:\/\/colegioprigule.com.br\/blog\/wp-json\/wp\/v2\/posts\/11357\/revisions"}],"predecessor-version":[{"id":11361,"href":"https:\/\/colegioprigule.com.br\/blog\/wp-json\/wp\/v2\/posts\/11357\/revisions\/11361"}],"wp:featuredmedia":[{"embeddable":true,"href":"https:\/\/colegioprigule.com.br\/blog\/wp-json\/wp\/v2\/media\/11360"}],"wp:attachment":[{"href":"https:\/\/colegioprigule.com.br\/blog\/wp-json\/wp\/v2\/media?parent=11357"}],"wp:term":[{"taxonomy":"category","embeddable":true,"href":"https:\/\/colegioprigule.com.br\/blog\/wp-json\/wp\/v2\/categories?post=11357"},{"taxonomy":"post_tag","embeddable":true,"href":"https:\/\/colegioprigule.com.br\/blog\/wp-json\/wp\/v2\/tags?post=11357"}],"curies":[{"name":"wp","href":"https:\/\/api.w.org\/{rel}","templated":true}]}}