{"id":11464,"date":"2025-06-09T23:24:04","date_gmt":"2025-06-10T02:24:04","guid":{"rendered":"https:\/\/colegioprigule.com.br\/blog\/?p=11464"},"modified":"2025-06-09T23:27:25","modified_gmt":"2025-06-10T02:27:25","slug":"alunos-participam-do-talk-show-das-emocoes","status":"publish","type":"post","link":"https:\/\/colegioprigule.com.br\/blog\/alunos-participam-do-talk-show-das-emocoes\/","title":{"rendered":"Alunos participam do Talk Show das Emo\u00e7\u00f5es"},"content":{"rendered":"\t\t<div data-elementor-type=\"wp-post\" data-elementor-id=\"11464\" class=\"elementor elementor-11464\" data-elementor-post-type=\"post\">\n\t\t\t\t\t\t<section class=\"elementor-section elementor-top-section elementor-element elementor-element-cef4d68 elementor-section-boxed elementor-section-height-default elementor-section-height-default\" data-id=\"cef4d68\" data-element_type=\"section\" data-e-type=\"section\">\n\t\t\t\t\t\t<div class=\"elementor-container elementor-column-gap-default\">\n\t\t\t\t\t<div class=\"elementor-column elementor-col-100 elementor-top-column elementor-element elementor-element-217e5a9\" data-id=\"217e5a9\" data-element_type=\"column\" data-e-type=\"column\">\n\t\t\t<div class=\"elementor-widget-wrap elementor-element-populated\">\n\t\t\t\t\t\t<div class=\"elementor-element elementor-element-9440671 elementor-widget elementor-widget-text-editor\" data-id=\"9440671\" data-element_type=\"widget\" data-e-type=\"widget\" data-widget_type=\"text-editor.default\">\n\t\t\t\t<div class=\"elementor-widget-container\">\n\t\t\t\t\t\t\t\t\t<p dir=\"ltr\" style=\"line-height: 1.3800000000000001; margin-top: 0pt; margin-bottom: 8pt;\"><span style=\"font-size: 12pt; font-family: Arial,sans-serif; color: #000000; background-color: transparent; font-weight: 400; font-style: normal; font-variant: normal; text-decoration: none; vertical-align: baseline; white-space: pre-wrap;\">No Col\u00e9gio Prigule, um evento surpreendente e cheio de significado encantou os presentes. Os estudantes do Ensino Fundamental II e M\u00e9dio deram um verdadeiro show de express\u00e3o, sensibilidade e conex\u00e3o. <\/span><\/p><p dir=\"ltr\" style=\"line-height: 1.3800000000000001; margin-top: 0pt; margin-bottom: 8pt;\"><span style=\"font-size: 12pt; font-family: Arial,sans-serif; color: #000000; background-color: transparent; font-weight: 400; font-style: normal; font-variant: normal; text-decoration: none; vertical-align: baseline; white-space: pre-wrap;\">O palco se transformou em cen\u00e1rio para o <\/span><span style=\"font-size: 12pt; font-family: Arial,sans-serif; color: #000000; background-color: transparent; font-weight: 400; font-style: italic; font-variant: normal; text-decoration: none; vertical-align: baseline; white-space: pre-wrap;\">Talk Show das Emo\u00e7\u00f5es<\/span><span style=\"font-size: 12pt; font-family: Arial,sans-serif; color: #000000; background-color: transparent; font-weight: 400; font-style: normal; font-variant: normal; text-decoration: none; vertical-align: baseline; white-space: pre-wrap;\">, uma apresenta\u00e7\u00e3o constru\u00edda a partir de viv\u00eancias, di\u00e1logos e sentimentos que fazem parte da rotina de cada jovem.<\/span><\/p><p dir=\"ltr\" style=\"line-height: 1.3800000000000001; margin-top: 0pt; margin-bottom: 8pt;\"><span style=\"font-size: 12pt; font-family: Arial,sans-serif; color: #000000; background-color: transparent; font-weight: 400; font-style: normal; font-variant: normal; text-decoration: none; vertical-align: baseline; white-space: pre-wrap;\">Com m\u00edmicas, entrevistas, dramatiza\u00e7\u00f5es e conversas instigantes, os participantes exploraram temas como amor, alegria, medo, tristeza, inveja e at\u00e9 o nojo \u2014 emo\u00e7\u00f5es t\u00e3o humanas quanto complexas. Ao colocar essas sensa\u00e7\u00f5es em cena, os alunos interpretaram e refletiram sobre como elas influenciam comportamentos, decis\u00f5es e rela\u00e7\u00f5es.<\/span><\/p><p dir=\"ltr\" style=\"line-height: 1.3800000000000001; margin-top: 0pt; margin-bottom: 8pt;\"><span style=\"font-size: 12pt; font-family: Arial,sans-serif; color: #000000; background-color: transparent; font-weight: 400; font-style: normal; font-variant: normal; text-decoration: none; vertical-align: baseline; white-space: pre-wrap;\">A proposta nasceu como uma iniciativa interdisciplinar da professora Ana Ribeiro, da \u00e1rea de Literatura, e ganhou forma com o apoio de toda a equipe docente. Essa constru\u00e7\u00e3o colaborativa promoveu uma experi\u00eancia rica e envolvente.<\/span><\/p><p dir=\"ltr\" style=\"line-height: 1.3800000000000001; margin-top: 0pt; margin-bottom: 8pt;\"><span style=\"font-size: 12pt; font-family: Arial,sans-serif; color: #000000; background-color: transparent; font-weight: 400; font-style: normal; font-variant: normal; text-decoration: none; vertical-align: baseline; white-space: pre-wrap;\">Al\u00e9m do conte\u00fado emocional, a atividade despertou compet\u00eancias fundamentais para a forma\u00e7\u00e3o integral. Falar em p\u00fablico, trabalhar em grupo, argumentar com clareza, colocar-se no lugar do outro e usar a arte como canal de express\u00e3o foram habilidades desenvolvidas com naturalidade, no ritmo do envolvimento dos pr\u00f3prios alunos.<\/span><\/p><p dir=\"ltr\" style=\"line-height: 1.3800000000000001; margin-top: 0pt; margin-bottom: 8pt;\"><span style=\"font-size: 12pt; font-family: Arial,sans-serif; color: #000000; background-color: transparent; font-weight: 400; font-style: normal; font-variant: normal; text-decoration: none; vertical-align: baseline; white-space: pre-wrap;\">Mais do que uma apresenta\u00e7\u00e3o art\u00edstica, o projeto se revelou como um exerc\u00edcio de empatia, escuta e respeito. Momentos como esse fortalecem os v\u00ednculos entre colegas, aproximam educadores e estudantes e criam um ambiente escolar onde todos se sentem parte de algo maior.<\/span><\/p><p dir=\"ltr\" style=\"line-height: 1.3800000000000001; margin-top: 0pt; margin-bottom: 8pt;\"><span style=\"font-size: 12pt; font-family: Arial,sans-serif; color: #000000; background-color: transparent; font-weight: 400; font-style: normal; font-variant: normal; text-decoration: none; vertical-align: baseline; white-space: pre-wrap;\">Experi\u00eancias assim mostram que formar cidad\u00e3os conscientes come\u00e7a com oportunidades que despertam o olhar para o outro e para si mesmo.\u00a0\u00a0<\/span><\/p><p dir=\"ltr\" style=\"line-height: 1.3800000000000001; margin-top: 0pt; margin-bottom: 8pt;\"><span style=\"font-size: 12pt; font-family: Arial,sans-serif; color: #000000; background-color: transparent; font-weight: 400; font-style: normal; font-variant: normal; text-decoration: none; vertical-align: baseline; white-space: pre-wrap;\">\u00a0<\/span><\/p><p dir=\"ltr\" style=\"line-height: 1.3800000000000001; margin-top: 0pt; margin-bottom: 8pt;\"><span style=\"font-size: 12pt; font-family: Arial,sans-serif; color: #000000; background-color: transparent; font-weight: 400; font-style: normal; font-variant: normal; text-decoration: none; vertical-align: baseline; white-space: pre-wrap;\">\u00a0<\/span><\/p>\t\t\t\t\t\t\t\t<\/div>\n\t\t\t\t<\/div>\n\t\t\t\t\t<\/div>\n\t\t<\/div>\n\t\t\t\t\t<\/div>\n\t\t<\/section>\n\t\t\t\t<\/div>\n\t\t","protected":false},"excerpt":{"rendered":"<p>No Col\u00e9gio Prigule, um evento surpreendente e cheio de significado encantou os presentes. Os estudantes do Ensino Fundamental II e M\u00e9dio deram um verdadeiro show de express\u00e3o, sensibilidade e conex\u00e3o. O palco se transformou em cen\u00e1rio para o Talk Show das Emo\u00e7\u00f5es, uma apresenta\u00e7\u00e3o constru\u00edda a partir de viv\u00eancias, di\u00e1logos e sentimentos que fazem parte [&hellip;]<\/p>\n","protected":false},"author":14,"featured_media":11465,"comment_status":"open","ping_status":"open","sticky":false,"template":"","format":"standard","meta":{"footnotes":""},"categories":[6],"tags":[],"class_list":["post-11464","post","type-post","status-publish","format-standard","has-post-thumbnail","hentry","category-blog"],"_links":{"self":[{"href":"https:\/\/colegioprigule.com.br\/blog\/wp-json\/wp\/v2\/posts\/11464","targetHints":{"allow":["GET"]}}],"collection":[{"href":"https:\/\/colegioprigule.com.br\/blog\/wp-json\/wp\/v2\/posts"}],"about":[{"href":"https:\/\/colegioprigule.com.br\/blog\/wp-json\/wp\/v2\/types\/post"}],"author":[{"embeddable":true,"href":"https:\/\/colegioprigule.com.br\/blog\/wp-json\/wp\/v2\/users\/14"}],"replies":[{"embeddable":true,"href":"https:\/\/colegioprigule.com.br\/blog\/wp-json\/wp\/v2\/comments?post=11464"}],"version-history":[{"count":10,"href":"https:\/\/colegioprigule.com.br\/blog\/wp-json\/wp\/v2\/posts\/11464\/revisions"}],"predecessor-version":[{"id":11475,"href":"https:\/\/colegioprigule.com.br\/blog\/wp-json\/wp\/v2\/posts\/11464\/revisions\/11475"}],"wp:featuredmedia":[{"embeddable":true,"href":"https:\/\/colegioprigule.com.br\/blog\/wp-json\/wp\/v2\/media\/11465"}],"wp:attachment":[{"href":"https:\/\/colegioprigule.com.br\/blog\/wp-json\/wp\/v2\/media?parent=11464"}],"wp:term":[{"taxonomy":"category","embeddable":true,"href":"https:\/\/colegioprigule.com.br\/blog\/wp-json\/wp\/v2\/categories?post=11464"},{"taxonomy":"post_tag","embeddable":true,"href":"https:\/\/colegioprigule.com.br\/blog\/wp-json\/wp\/v2\/tags?post=11464"}],"curies":[{"name":"wp","href":"https:\/\/api.w.org\/{rel}","templated":true}]}}