{"id":11562,"date":"2025-06-20T15:40:50","date_gmt":"2025-06-20T18:40:50","guid":{"rendered":"https:\/\/colegioprigule.com.br\/blog\/?p=11562"},"modified":"2025-06-20T15:42:07","modified_gmt":"2025-06-20T18:42:07","slug":"quando-a-autoconfianca-impacta-o-aprendizado","status":"publish","type":"post","link":"https:\/\/colegioprigule.com.br\/blog\/quando-a-autoconfianca-impacta-o-aprendizado\/","title":{"rendered":"Quando a autoconfian\u00e7a impacta o aprendizado"},"content":{"rendered":"\t\t<div data-elementor-type=\"wp-post\" data-elementor-id=\"11562\" class=\"elementor elementor-11562\" data-elementor-post-type=\"post\">\n\t\t\t\t\t\t<section class=\"elementor-section elementor-top-section elementor-element elementor-element-1057842 elementor-section-boxed elementor-section-height-default elementor-section-height-default\" data-id=\"1057842\" data-element_type=\"section\" data-e-type=\"section\">\n\t\t\t\t\t\t<div class=\"elementor-container elementor-column-gap-default\">\n\t\t\t\t\t<div class=\"elementor-column elementor-col-100 elementor-top-column elementor-element elementor-element-b6a5bfc\" data-id=\"b6a5bfc\" data-element_type=\"column\" data-e-type=\"column\">\n\t\t\t<div class=\"elementor-widget-wrap elementor-element-populated\">\n\t\t\t\t\t\t<div class=\"elementor-element elementor-element-6b49740 elementor-widget elementor-widget-text-editor\" data-id=\"6b49740\" data-element_type=\"widget\" data-e-type=\"widget\" data-widget_type=\"text-editor.default\">\n\t\t\t\t<div class=\"elementor-widget-container\">\n\t\t\t\t\t\t\t\t\t<p><span style=\"background-color: transparent; color: #000000; font-family: Arial, sans-serif; font-size: 16pt; white-space-collapse: preserve; letter-spacing: 0.2px;\">Um aluno que acredita em sua capacidade tem mais disposi\u00e7\u00e3o para enfrentar provas, participar de debates e insistir diante de dificuldades. A autoestima, nesse contexto, n\u00e3o \u00e9 um detalhe emocional \u00e0 parte do processo educativo. Ela \u00e9 um dos pilares que sustentam o envolvimento com os estudos, o comportamento em sala de aula e o desenvolvimento de habilidades sociais.<\/span><\/p><p dir=\"ltr\" style=\"line-height: 1.26; margin-top: 0pt; margin-bottom: 8pt;\"><span style=\"font-size: 16pt; font-family: Arial, sans-serif; color: #000000; background-color: transparent; font-variant-numeric: normal; font-variant-east-asian: normal; font-variant-alternates: normal; font-variant-position: normal; font-variant-emoji: normal; vertical-align: baseline; white-space-collapse: preserve;\">Durante a inf\u00e2ncia, essa autoconfian\u00e7a come\u00e7a a ser constru\u00edda a partir das experi\u00eancias vividas em casa e na escola. Quando a crian\u00e7a \u00e9 ouvida, incentivada e reconhecida por seus esfor\u00e7os \u2014 e n\u00e3o apenas pelos resultados \u2014, forma uma autoimagem positiva. Isso a ajuda a compreender que erros fazem parte da aprendizagem e que ela \u00e9 capaz de evoluir.<\/span><\/p><p>\u00a0<\/p><p dir=\"ltr\" style=\"line-height: 1.26; margin-top: 0pt; margin-bottom: 8pt;\"><span style=\"font-size: 16pt; font-family: Arial, sans-serif; color: #000000; background-color: transparent; font-variant-numeric: normal; font-variant-east-asian: normal; font-variant-alternates: normal; font-variant-position: normal; font-variant-emoji: normal; vertical-align: baseline; white-space-collapse: preserve;\">Na adolesc\u00eancia, essa estrutura emocional ganha ainda mais relev\u00e2ncia. O desejo de aceita\u00e7\u00e3o, as mudan\u00e7as f\u00edsicas e emocionais e a busca por identidade tornam os jovens mais sens\u00edveis \u00e0s cr\u00edticas e \u00e0s compara\u00e7\u00f5es. <\/span><span style=\"font-size: 16pt; font-family: Arial, sans-serif; color: #000000; background-color: transparent; font-weight: bold; font-variant-numeric: normal; font-variant-east-asian: normal; font-variant-alternates: normal; font-variant-position: normal; font-variant-emoji: normal; vertical-align: baseline; white-space-collapse: preserve;\">\u201cA autoestima precisa ser nutrida diariamente, com respeito, escuta ativa e valoriza\u00e7\u00e3o de cada conquista, por menor que pare\u00e7a\u201d<\/span><span style=\"font-size: 16pt; font-family: Arial, sans-serif; color: #000000; background-color: transparent; font-variant-numeric: normal; font-variant-east-asian: normal; font-variant-alternates: normal; font-variant-position: normal; font-variant-emoji: normal; vertical-align: baseline; white-space-collapse: preserve;\">, explica Let\u00edcia Dorighello, diretora pedag\u00f3gica do Col\u00e9gio Pr\u00edgule, de S\u00e3o Paulo.<\/span><\/p><p dir=\"ltr\" style=\"line-height: 1.26; margin-top: 0pt; margin-bottom: 8pt;\"><span style=\"font-size: 16pt; font-family: Arial, sans-serif; color: #000000; background-color: transparent; font-variant-numeric: normal; font-variant-east-asian: normal; font-variant-alternates: normal; font-variant-position: normal; font-variant-emoji: normal; vertical-align: baseline; white-space-collapse: preserve;\">Quando n\u00e3o h\u00e1 essa base s\u00f3lida, a inseguran\u00e7a pode se manifestar de diferentes formas: dificuldade de socializa\u00e7\u00e3o, queda no desempenho escolar, medo de errar, apatia ou at\u00e9 agressividade. Identificar esses sinais precocemente e agir com empatia \u00e9 fundamental para evitar impactos duradouros no processo educacional e na sa\u00fade emocional do estudante.<\/span><\/p><p dir=\"ltr\" style=\"line-height: 1.26; margin-top: 0pt; margin-bottom: 8pt;\"><span style=\"font-size: 16pt; font-family: Arial, sans-serif; color: #000000; background-color: transparent; font-variant-numeric: normal; font-variant-east-asian: normal; font-variant-alternates: normal; font-variant-position: normal; font-variant-emoji: normal; vertical-align: baseline; white-space-collapse: preserve;\">A escola pode contribuir criando um ambiente que estimule a participa\u00e7\u00e3o, respeite o tempo de cada aluno e celebre progressos individuais. Professores atentos que reconhecem o esfor\u00e7o e incentivam a autonomia contribuem para que os jovens se sintam capazes, valorizados e mais engajados com o conhecimento.<\/span><\/p><p dir=\"ltr\" style=\"line-height: 1.26; margin-top: 0pt; margin-bottom: 8pt;\"><span style=\"font-size: 16pt; font-family: Arial, sans-serif; color: #000000; background-color: transparent; font-variant-numeric: normal; font-variant-east-asian: normal; font-variant-alternates: normal; font-variant-position: normal; font-variant-emoji: normal; vertical-align: baseline; white-space-collapse: preserve;\">No ambiente familiar, o apoio tamb\u00e9m \u00e9 essencial. Elogios sinceros, interesse pelas atividades escolares e abertura ao di\u00e1logo ajudam a crian\u00e7a ou o adolescente a confiar mais em si mesmo. Evitar r\u00f3tulos e compara\u00e7\u00f5es entre irm\u00e3os ou colegas tamb\u00e9m \u00e9 importante, pois cada estudante tem seu pr\u00f3prio ritmo, talentos e modo de se expressar.<\/span><\/p><p dir=\"ltr\" style=\"line-height: 1.26; margin-top: 0pt; margin-bottom: 8pt;\"><span style=\"font-size: 16pt; font-family: Arial, sans-serif; color: #000000; background-color: transparent; font-variant-numeric: normal; font-variant-east-asian: normal; font-variant-alternates: normal; font-variant-position: normal; font-variant-emoji: normal; vertical-align: baseline; white-space-collapse: preserve;\">Cuidar da autoestima de uma crian\u00e7a \u00e9 tamb\u00e9m cuidar de sua capacidade de aprender, persistir e se desenvolver como indiv\u00edduo. Uma educa\u00e7\u00e3o que considera o aspecto emocional prepara os alunos n\u00e3o s\u00f3 para as exig\u00eancias da escola, mas para os desafios da vida. O incentivo certo, no momento certo, pode transformar a maneira como um estudante enxerga a si mesmo \u2014 e esse olhar \u00e9 o primeiro passo para todo aprendizado.<\/span><\/p><p dir=\"ltr\" style=\"line-height: 1.26; margin-top: 0pt; margin-bottom: 8pt;\"><span style=\"font-size: 16pt; font-family: Arial, sans-serif; color: #000000; background-color: transparent; font-variant-numeric: normal; font-variant-east-asian: normal; font-variant-alternates: normal; font-variant-position: normal; font-variant-emoji: normal; vertical-align: baseline; white-space-collapse: preserve;\">Para saber mais sobre autoestima, visite <\/span><a href=\"https:\/\/finiciativa.org.br\/a-importancia-da-autoestima-para-criancas-e-adolescentes\/\"><span style=\"font-size: 16pt; font-family: Arial, sans-serif; color: #467886; background-color: transparent; font-variant-numeric: normal; font-variant-east-asian: normal; font-variant-alternates: normal; font-variant-position: normal; font-variant-emoji: normal; text-decoration-line: underline; text-decoration-skip-ink: none; vertical-align: baseline; white-space-collapse: preserve;\">https:\/\/finiciativa.org.br\/a-importancia-da-autoestima-para-criancas-e-adolescentes\/<\/span><\/a><\/p><p dir=\"ltr\" style=\"line-height: 1.26; margin-top: 0pt; margin-bottom: 8pt;\">\u00a0<\/p><p>\u00a0<\/p>\t\t\t\t\t\t\t\t<\/div>\n\t\t\t\t<\/div>\n\t\t\t\t\t<\/div>\n\t\t<\/div>\n\t\t\t\t\t<\/div>\n\t\t<\/section>\n\t\t\t\t<\/div>\n\t\t","protected":false},"excerpt":{"rendered":"<p>Um aluno que acredita em sua capacidade tem mais disposi\u00e7\u00e3o para enfrentar provas, participar de debates e insistir diante de dificuldades. A autoestima, nesse contexto, n\u00e3o \u00e9 um detalhe emocional \u00e0 parte do processo educativo. Ela \u00e9 um dos pilares que sustentam o envolvimento com os estudos, o comportamento em sala de aula e o [&hellip;]<\/p>\n","protected":false},"author":14,"featured_media":11563,"comment_status":"open","ping_status":"open","sticky":false,"template":"","format":"standard","meta":{"footnotes":""},"categories":[6],"tags":[],"class_list":["post-11562","post","type-post","status-publish","format-standard","has-post-thumbnail","hentry","category-blog"],"_links":{"self":[{"href":"https:\/\/colegioprigule.com.br\/blog\/wp-json\/wp\/v2\/posts\/11562","targetHints":{"allow":["GET"]}}],"collection":[{"href":"https:\/\/colegioprigule.com.br\/blog\/wp-json\/wp\/v2\/posts"}],"about":[{"href":"https:\/\/colegioprigule.com.br\/blog\/wp-json\/wp\/v2\/types\/post"}],"author":[{"embeddable":true,"href":"https:\/\/colegioprigule.com.br\/blog\/wp-json\/wp\/v2\/users\/14"}],"replies":[{"embeddable":true,"href":"https:\/\/colegioprigule.com.br\/blog\/wp-json\/wp\/v2\/comments?post=11562"}],"version-history":[{"count":4,"href":"https:\/\/colegioprigule.com.br\/blog\/wp-json\/wp\/v2\/posts\/11562\/revisions"}],"predecessor-version":[{"id":11567,"href":"https:\/\/colegioprigule.com.br\/blog\/wp-json\/wp\/v2\/posts\/11562\/revisions\/11567"}],"wp:featuredmedia":[{"embeddable":true,"href":"https:\/\/colegioprigule.com.br\/blog\/wp-json\/wp\/v2\/media\/11563"}],"wp:attachment":[{"href":"https:\/\/colegioprigule.com.br\/blog\/wp-json\/wp\/v2\/media?parent=11562"}],"wp:term":[{"taxonomy":"category","embeddable":true,"href":"https:\/\/colegioprigule.com.br\/blog\/wp-json\/wp\/v2\/categories?post=11562"},{"taxonomy":"post_tag","embeddable":true,"href":"https:\/\/colegioprigule.com.br\/blog\/wp-json\/wp\/v2\/tags?post=11562"}],"curies":[{"name":"wp","href":"https:\/\/api.w.org\/{rel}","templated":true}]}}