{"id":11696,"date":"2025-07-30T15:38:22","date_gmt":"2025-07-30T18:38:22","guid":{"rendered":"https:\/\/colegioprigule.com.br\/blog\/?p=11696"},"modified":"2025-07-30T15:43:28","modified_gmt":"2025-07-30T18:43:28","slug":"como-apoiar-os-filhos-na-volta-as-aulas-apos-o-recesso-de-julho","status":"publish","type":"post","link":"https:\/\/colegioprigule.com.br\/blog\/como-apoiar-os-filhos-na-volta-as-aulas-apos-o-recesso-de-julho\/","title":{"rendered":"Como apoiar os filhos na volta \u00e0s aulas ap\u00f3s o recesso de julho"},"content":{"rendered":"\t\t<div data-elementor-type=\"wp-post\" data-elementor-id=\"11696\" class=\"elementor elementor-11696\" data-elementor-post-type=\"post\">\n\t\t\t\t\t\t<section class=\"elementor-section elementor-top-section elementor-element elementor-element-233a50a elementor-section-boxed elementor-section-height-default elementor-section-height-default\" data-id=\"233a50a\" data-element_type=\"section\" data-e-type=\"section\">\n\t\t\t\t\t\t<div class=\"elementor-container elementor-column-gap-default\">\n\t\t\t\t\t<div class=\"elementor-column elementor-col-100 elementor-top-column elementor-element elementor-element-2967136\" data-id=\"2967136\" data-element_type=\"column\" data-e-type=\"column\">\n\t\t\t<div class=\"elementor-widget-wrap elementor-element-populated\">\n\t\t\t\t\t\t<div class=\"elementor-element elementor-element-b3c3ad4 elementor-widget elementor-widget-text-editor\" data-id=\"b3c3ad4\" data-element_type=\"widget\" data-e-type=\"widget\" data-widget_type=\"text-editor.default\">\n\t\t\t\t<div class=\"elementor-widget-container\">\n\t\t\t\t\t\t\t\t\t<p><span style=\"font-weight: 400;\">Ap\u00f3s um per\u00edodo de descanso, divers\u00e3o e flexibilidade, \u00e9 hora de recome\u00e7ar. Retomar h\u00e1bitos, ajustar a rotina e se reconectar com o ritmo do cotidiano. Para muitas fam\u00edlias, esse momento \u00e9 acompanhado de d\u00favidas: como apoiar sem pressionar? Como tornar essa transi\u00e7\u00e3o mais leve?<\/span><\/p><p><span style=\"font-weight: 400;\"><strong>No Col\u00e9gio Pr\u00edgule, esse retorno \u00e9 visto como uma oportunidade de crescimento<\/strong>, e n\u00e3o como uma cobran\u00e7a. A verdade \u00e9 que recome\u00e7ar n\u00e3o exige perfei\u00e7\u00e3o, mas presen\u00e7a. Nem sempre tudo sai conforme o planejado. <strong>A volta \u00e0s aulas pode ser um recome\u00e7o gentil<\/strong>, marcado por pequenas atitudes que fazem diferen\u00e7a no dia a dia dos alunos.<\/span><\/p><p><b>A import\u00e2ncia da rotina\u00a0<\/b><\/p><p><span style=\"font-weight: 400;\">Durante as f\u00e9rias, os hor\u00e1rios geralmente ficam mais flex\u00edveis: dormir mais tarde, pular refei\u00e7\u00f5es, trocar o almo\u00e7o pelo lanche. Mas \u00e9 justamente por isso que, ao se aproximar o in\u00edcio das aulas, \u00e9 importante ir retomando aos poucos uma certa previsibilidade. <strong>Dormir mais cedo, acordar em hor\u00e1rios semelhantes aos escolares e retomar os hor\u00e1rios de refei\u00e7\u00f5e<\/strong>s ajudam a preparar o corpo e a mente para o novo per\u00edodo.<\/span><\/p><p><span style=\"font-weight: 400;\">Rotina n\u00e3o \u00e9 sin\u00f4nimo de rigidez. Ela representa seguran\u00e7a, principalmente para as crian\u00e7as menores, que se sentem mais tranquilas quando sabem o que esperar de cada parte do dia.\u00a0<\/span><\/p><p><b>Preparar o ambiente escolar em casa<\/b><\/p><p><span style=\"font-weight: 400;\">Separar o uniforme, revisar os materiais, organizar o cantinho de estudos\u2026 s\u00e3o gestos que ajudam a criar o clima de recome\u00e7o. Deixar o espa\u00e7o escolar em ordem comunica, de forma pr\u00e1tica e emocional, que algo novo est\u00e1 por vir. Essa prepara\u00e7\u00e3o refor\u00e7a o senso de organiza\u00e7\u00e3o e serve como transi\u00e7\u00e3o entre o tempo livre das f\u00e9rias e a estrutura do ano letivo.<\/span><\/p><p><span style=\"font-weight: 400;\">Para os mais novos, essa organiza\u00e7\u00e3o pode incluir montar juntos a mochila, testar os l\u00e1pis de cor, etiquetar os cadernos. J\u00e1 com os adolescentes, revisar o hor\u00e1rio das aulas e reorganizar a agenda semanal s\u00e3o boas estrat\u00e9gias.<\/span><\/p><p><b>Atividades de f\u00e9rias: continuidade sem press\u00e3o<\/b><\/p><p><span style=\"font-weight: 400;\">As atividades propostas para o per\u00edodo de recesso t\u00eam a fun\u00e7\u00e3o de manter o v\u00ednculo com o conhecimento de maneira leve. N\u00e3o precisam ser vistas como obriga\u00e7\u00e3o, mas como oportunidade de continuar pensando, criando, desenvolvendo ideias.<\/span><\/p><p><span style=\"font-weight: 400;\">Muitos alunos deixam essas tarefas para os \u00faltimos dias \u2014 e isso \u00e9 absolutamente comum. Por esse motivo, os educadores do <strong>Col\u00e9gio Pr\u00edgule<\/strong>, por exemplo, estendem o prazo de entrega para at\u00e9 a segunda semana de agosto, permitindo que cada fam\u00edlia encontre seu tempo sem sobrecarga.<\/span><\/p><p><b>E se nem tudo foi feito?<\/b><\/p><p><span style=\"font-weight: 400;\">Tamb\u00e9m \u00e9 importante lembrar que as f\u00e9rias s\u00e3o, acima de tudo, tempo de descanso. Se nem tudo o que foi planejado foi realizado, n\u00e3o h\u00e1 motivo para culpa. Optar por descansar mais, viajar, estar em fam\u00edlia ou apenas desacelerar j\u00e1 \u00e9, por si s\u00f3, uma forma de cuidar.<\/span><\/p><p><span style=\"font-weight: 400;\">A vida em fam\u00edlia tamb\u00e9m ensina. Cada escolha, cada pausa e cada reencontro fazem parte da forma\u00e7\u00e3o emocional das crian\u00e7as e dos jovens. O que importa \u00e9 a retomada poss\u00edvel, respeitando o ritmo de cada um.<\/span><\/p><p><b>Acolhimento no retorno<\/b><\/p><p><span style=\"font-weight: 400;\">Para algumas crian\u00e7as, o retorno \u00e0 escola \u00e9 motivo de alegria: rever colegas, encontrar os professores, voltar \u00e0 rotina. Para outras, pode ser um desafio \u2014 especialmente para as que est\u00e3o mudando de escola, iniciando no ambiente escolar ou que t\u00eam um temperamento mais sens\u00edvel.<\/span><\/p><p><span style=\"font-weight: 400;\"><strong>Conversar com os filhos sobre o que os espera pode ajudar.<\/strong> Relembrar hist\u00f3rias positivas da escola, perguntar como est\u00e3o se sentindo e escutar com aten\u00e7\u00e3o s\u00e3o atitudes que oferecem seguran\u00e7a emocional. Refor\u00e7ar os rituais, como escolher a roupa do primeiro dia ou montar o lanche juntos, tamb\u00e9m contribui para a tranquilidade.<\/span><\/p><p><span style=\"font-weight: 400;\">J\u00e1 os adolescentes encaram essa volta de modo diferente. Para alguns, reencontrar os amigos \u00e9 o maior incentivo. Para outros, o recome\u00e7o pode trazer cansa\u00e7o ou des\u00e2nimo. Nesse caso, vale apoiar com metas realistas, planejamento e, principalmente, di\u00e1logo.\u00a0<\/span><\/p><p><b>Visitar a escola antes do in\u00edcio das aulas<\/b><\/p><p><span style=\"font-weight: 400;\">Se a crian\u00e7a vai come\u00e7ar em uma nova institui\u00e7\u00e3o ou est\u00e1 ingressando na escola pela primeira vez, uma visita pr\u00e9via pode ser essencial. Conhecer a sala, os espa\u00e7os externos, os corredores e, se poss\u00edvel, alguns profissionais, reduz o estranhamento e cria familiaridade com o ambiente. Esse contato inicial pode despertar curiosidade e at\u00e9 entusiasmo. A sensa\u00e7\u00e3o de &#8220;j\u00e1 estive aqui&#8221; ajuda a diminuir a ansiedade do primeiro dia.\u00a0<\/span><\/p><p><b>Conversar sobre a volta \u00e0s aulas<\/b><\/p><p><span style=\"font-weight: 400;\">Manter um di\u00e1logo aberto com os filhos, independentemente da idade, \u00e9 sempre importante. No caso do retorno \u00e0s aulas, essa conversa pode servir para ouvir expectativas, acolher medos e refor\u00e7ar a confian\u00e7a. Falar sobre o que ser\u00e1 diferente, o que ser\u00e1 igual, quais s\u00e3o os planos e o que se espera \u2014 tudo isso ajuda os alunos a visualizarem o novo ciclo com mais clareza.<\/span><\/p><p><span style=\"font-weight: 400;\">Essa <strong>escuta ativa e sem julgamentos fortalece o v\u00ednculo familiar.<\/strong> Em vez de conselhos prontos, oferecer presen\u00e7a e aten\u00e7\u00e3o \u00e9, muitas vezes, o que a crian\u00e7a ou o adolescente mais precisa.<\/span><\/p><p><b>Retomar o ritmo ap\u00f3s viagens<\/b><\/p><p><span style=\"font-weight: 400;\">Se a fam\u00edlia viajou durante o recesso, uma dica valiosa \u00e9 retornar para casa com anteced\u00eancia. Esse per\u00edodo de readapta\u00e7\u00e3o \u00e9 fundamental para que crian\u00e7as e adolescentes possam se preparar para a nova rotina sem pressa.<\/span><\/p><p><span style=\"font-weight: 400;\">Esse tempo tamb\u00e9m permite que a fam\u00edlia se envolva com mais calma na organiza\u00e7\u00e3o dos materiais, da mochila, da alimenta\u00e7\u00e3o e da agenda escolar, diminuindo o impacto do retorno imediato.<\/span><\/p><p><span style=\"font-weight: 400;\">Envolver os filhos nos preparativos tem grande valor para criar v\u00ednculo com a escola e ter a sensa\u00e7\u00e3o de pertencimento.<\/span><\/p><p><b>O que esperar do segundo bimestre<\/b><\/p><p><span style=\"font-weight: 400;\">Esse novo per\u00edodo costuma ser marcado por mais estabilidade. Os conte\u00fados ganham profundidade, projetos se desenvolvem e os estudantes encontram maior clareza sobre as metas.\u00a0<\/span><\/p><p><span style=\"font-weight: 400;\">A parceria entre escola e fam\u00edlia continua sendo essencial. Estar por perto \u2014 mesmo que em pequenos gestos, como revisar a agenda, comparecer a reuni\u00f5es ou apenas perguntar sobre o dia mostra ao aluno que ele n\u00e3o est\u00e1 sozinho.\u00a0<\/span><\/p><p><span style=\"font-weight: 400;\">Com di\u00e1logo, presen\u00e7a, pequenas atitudes e um olhar gentil, cada fam\u00edlia pode encontrar o seu pr\u00f3prio caminho para esse novo come\u00e7o.\u00a0<\/span><\/p><p>\u00a0<\/p><p>\u00a0<\/p><p>\u00a0<\/p>\t\t\t\t\t\t\t\t<\/div>\n\t\t\t\t<\/div>\n\t\t\t\t\t<\/div>\n\t\t<\/div>\n\t\t\t\t\t<\/div>\n\t\t<\/section>\n\t\t\t\t<\/div>\n\t\t","protected":false},"excerpt":{"rendered":"<p>Ap\u00f3s um per\u00edodo de descanso, divers\u00e3o e flexibilidade, \u00e9 hora de recome\u00e7ar. Retomar h\u00e1bitos, ajustar a rotina e se reconectar com o ritmo do cotidiano. Para muitas fam\u00edlias, esse momento \u00e9 acompanhado de d\u00favidas: como apoiar sem pressionar? Como tornar essa transi\u00e7\u00e3o mais leve? No Col\u00e9gio Pr\u00edgule, esse retorno \u00e9 visto como uma oportunidade de [&hellip;]<\/p>\n","protected":false},"author":14,"featured_media":11697,"comment_status":"open","ping_status":"open","sticky":false,"template":"","format":"standard","meta":{"footnotes":""},"categories":[6],"tags":[],"class_list":["post-11696","post","type-post","status-publish","format-standard","has-post-thumbnail","hentry","category-blog"],"_links":{"self":[{"href":"https:\/\/colegioprigule.com.br\/blog\/wp-json\/wp\/v2\/posts\/11696","targetHints":{"allow":["GET"]}}],"collection":[{"href":"https:\/\/colegioprigule.com.br\/blog\/wp-json\/wp\/v2\/posts"}],"about":[{"href":"https:\/\/colegioprigule.com.br\/blog\/wp-json\/wp\/v2\/types\/post"}],"author":[{"embeddable":true,"href":"https:\/\/colegioprigule.com.br\/blog\/wp-json\/wp\/v2\/users\/14"}],"replies":[{"embeddable":true,"href":"https:\/\/colegioprigule.com.br\/blog\/wp-json\/wp\/v2\/comments?post=11696"}],"version-history":[{"count":7,"href":"https:\/\/colegioprigule.com.br\/blog\/wp-json\/wp\/v2\/posts\/11696\/revisions"}],"predecessor-version":[{"id":11704,"href":"https:\/\/colegioprigule.com.br\/blog\/wp-json\/wp\/v2\/posts\/11696\/revisions\/11704"}],"wp:featuredmedia":[{"embeddable":true,"href":"https:\/\/colegioprigule.com.br\/blog\/wp-json\/wp\/v2\/media\/11697"}],"wp:attachment":[{"href":"https:\/\/colegioprigule.com.br\/blog\/wp-json\/wp\/v2\/media?parent=11696"}],"wp:term":[{"taxonomy":"category","embeddable":true,"href":"https:\/\/colegioprigule.com.br\/blog\/wp-json\/wp\/v2\/categories?post=11696"},{"taxonomy":"post_tag","embeddable":true,"href":"https:\/\/colegioprigule.com.br\/blog\/wp-json\/wp\/v2\/tags?post=11696"}],"curies":[{"name":"wp","href":"https:\/\/api.w.org\/{rel}","templated":true}]}}