{"id":11705,"date":"2025-08-01T15:45:49","date_gmt":"2025-08-01T18:45:49","guid":{"rendered":"https:\/\/colegioprigule.com.br\/blog\/?p=11705"},"modified":"2025-08-01T15:45:52","modified_gmt":"2025-08-01T18:45:52","slug":"ansiedade-interfere-no-bem-estar-e-no-rendimento-escolar","status":"publish","type":"post","link":"https:\/\/colegioprigule.com.br\/blog\/ansiedade-interfere-no-bem-estar-e-no-rendimento-escolar\/","title":{"rendered":"Ansiedade interfere no bem-estar e no rendimento escolar"},"content":{"rendered":"\t\t<div data-elementor-type=\"wp-post\" data-elementor-id=\"11705\" class=\"elementor elementor-11705\" data-elementor-post-type=\"post\">\n\t\t\t\t\t\t<section class=\"elementor-section elementor-top-section elementor-element elementor-element-dc987b6 elementor-section-boxed elementor-section-height-default elementor-section-height-default\" data-id=\"dc987b6\" data-element_type=\"section\" data-e-type=\"section\">\n\t\t\t\t\t\t<div class=\"elementor-container elementor-column-gap-default\">\n\t\t\t\t\t<div class=\"elementor-column elementor-col-100 elementor-top-column elementor-element elementor-element-d12be17\" data-id=\"d12be17\" data-element_type=\"column\" data-e-type=\"column\">\n\t\t\t<div class=\"elementor-widget-wrap elementor-element-populated\">\n\t\t\t\t\t\t<div class=\"elementor-element elementor-element-e5610e8 elementor-widget elementor-widget-text-editor\" data-id=\"e5610e8\" data-element_type=\"widget\" data-e-type=\"widget\" data-widget_type=\"text-editor.default\">\n\t\t\t\t<div class=\"elementor-widget-container\">\n\t\t\t\t\t\t\t\t\t<p><span style=\"font-weight: 400;\">Falta de ar, dores de barriga, irritabilidade e dificuldade de concentra\u00e7\u00e3o s\u00e3o sinais que podem indicar ansiedade em crian\u00e7as e adolescentes. Ao contr\u00e1rio do que muitos pensam, esse tipo de sofrimento emocional n\u00e3o se restringe ao mundo adulto. <strong>Crian\u00e7as tamb\u00e9m se sentem pressionadas<\/strong>, inseguras e sobrecarregadas por situa\u00e7\u00f5es que, aos olhos de um adulto, podem parecer simples.<\/span><\/p><p><span style=\"font-weight: 400;\">Estudos apontam que at\u00e9 15% do p\u00fablico infantojuvenil convive com algum transtorno de ansiedade. Em muitos casos, os sintomas passam despercebidos ou s\u00e3o interpretados como \u201cmanha\u201d ou \u201cbirra\u201d. Isso atrasa o diagn\u00f3stico e agrava o impacto da ansiedade no desenvolvimento emocional, social e acad\u00eamico dos jovens.<\/span><\/p><p><b>\u201c\u00c9 importante que pais e educadores fiquem atentos aos sinais. Mudan\u00e7as de comportamento, ins\u00f4nia, medo excessivo ou recusa escolar podem indicar que a crian\u00e7a est\u00e1 lidando com algo maior do que consegue expressar\u201d<\/b><span style=\"font-weight: 400;\">, alerta Let\u00edcia Dorighello, diretora pedag\u00f3gica do Col\u00e9gio Pr\u00edgule, de S\u00e3o Paulo.<\/span><\/p><p><span style=\"font-weight: 400;\">Al\u00e9m dos sintomas emocionais e f\u00edsicos, a ansiedade costuma prejudicar o desempenho escolar. Alunos ansiosos apresentam mais dificuldade para se concentrar, evitam participar de atividades em grupo e demonstram inseguran\u00e7a nas avalia\u00e7\u00f5es. O medo de errar, de se expor ou de ser julgado pelos colegas pode bloquear o aprendizado e comprometer a autoestima.<\/span><\/p><p><span style=\"font-weight: 400;\">Diversos fatores contribuem para o surgimento da ansiedade na inf\u00e2ncia. Conflitos familiares, separa\u00e7\u00e3o dos pais, excesso de cobran\u00e7as, mudan\u00e7as repentinas na rotina, bullying e at\u00e9 o comportamento ansioso dos pr\u00f3prios respons\u00e1veis est\u00e3o entre os principais gatilhos. A pandemia de Covid-19 tamb\u00e9m intensificou esse cen\u00e1rio, ao desestabilizar h\u00e1bitos e limitar o conv\u00edvio social por longos per\u00edodos.<\/span><\/p><p><span style=\"font-weight: 400;\">No entanto, <strong>\u00e9 poss\u00edvel agir de forma preventiva<\/strong> e acolhedora. Manter uma rotina est\u00e1vel, respeitar o tempo da crian\u00e7a, promover momentos de escuta ativa e incentivar a pr\u00e1tica de atividades f\u00edsicas s\u00e3o atitudes simples, mas eficazes. Em casa, vale refor\u00e7ar os v\u00ednculos afetivos com conversas francas, demonstra\u00e7\u00f5es de carinho e incentivo \u00e0 autonomia. Na escola, o acolhimento e a valoriza\u00e7\u00e3o da singularidade de cada aluno fazem toda a diferen\u00e7a.<\/span><\/p><p><span style=\"font-weight: 400;\">T\u00e9cnicas de respira\u00e7\u00e3o, medita\u00e7\u00e3o e relaxamento tamb\u00e9m t\u00eam mostrado bons resultados. Em casos mais complexos, \u00e9 importante buscar ajuda especializada. A terapia cognitivo-comportamental, por exemplo, tem se destacado entre as abordagens mais indicadas para tratar quadros de ansiedade. Em algumas situa\u00e7\u00f5es, pode haver necessidade de acompanhamento m\u00e9dico com uso de medica\u00e7\u00e3o.<\/span><\/p><p><span style=\"font-weight: 400;\">Reconhecer que crian\u00e7as e adolescentes tamb\u00e9m sofrem com ansiedade \u00e9 o primeiro passo para oferecer ajuda efetiva. A escuta, o apoio e a compreens\u00e3o s\u00e3o ferramentas poderosas na constru\u00e7\u00e3o de um ambiente emocionalmente seguro, em que o jovem possa se desenvolver com mais tranquilidade, confian\u00e7a e equil\u00edbrio.<\/span><\/p><p><span style=\"font-weight: 400;\">Para saber mais sobre ansiedade, visite <\/span><a href=\"https:\/\/vidasaudavel.einstein.br\/ansiedade-em-criancas\/\"><span style=\"font-weight: 400;\">https:\/\/vidasaudavel.einstein.br\/ansiedade-em-criancas\/<\/span><\/a><span style=\"font-weight: 400;\"> e <\/span><a href=\"https:\/\/drauziovarella.uol.com.br\/pediatria\/ansiedade-em-criancas-como-reconhecer-os-sintomas\/\"><span style=\"font-weight: 400;\">https:\/\/drauziovarella.uol.com.br\/pediatria\/ansiedade-em-criancas-como-reconhecer-os-sintomas\/\u00a0<\/span><\/a><\/p><p>\u00a0<\/p>\t\t\t\t\t\t\t\t<\/div>\n\t\t\t\t<\/div>\n\t\t\t\t\t<\/div>\n\t\t<\/div>\n\t\t\t\t\t<\/div>\n\t\t<\/section>\n\t\t\t\t<\/div>\n\t\t","protected":false},"excerpt":{"rendered":"<p>Falta de ar, dores de barriga, irritabilidade e dificuldade de concentra\u00e7\u00e3o s\u00e3o sinais que podem indicar ansiedade em crian\u00e7as e adolescentes. Ao contr\u00e1rio do que muitos pensam, esse tipo de sofrimento emocional n\u00e3o se restringe ao mundo adulto. Crian\u00e7as tamb\u00e9m se sentem pressionadas, inseguras e sobrecarregadas por situa\u00e7\u00f5es que, aos olhos de um adulto, podem [&hellip;]<\/p>\n","protected":false},"author":14,"featured_media":11706,"comment_status":"open","ping_status":"open","sticky":false,"template":"","format":"standard","meta":{"footnotes":""},"categories":[6],"tags":[],"class_list":["post-11705","post","type-post","status-publish","format-standard","has-post-thumbnail","hentry","category-blog"],"_links":{"self":[{"href":"https:\/\/colegioprigule.com.br\/blog\/wp-json\/wp\/v2\/posts\/11705","targetHints":{"allow":["GET"]}}],"collection":[{"href":"https:\/\/colegioprigule.com.br\/blog\/wp-json\/wp\/v2\/posts"}],"about":[{"href":"https:\/\/colegioprigule.com.br\/blog\/wp-json\/wp\/v2\/types\/post"}],"author":[{"embeddable":true,"href":"https:\/\/colegioprigule.com.br\/blog\/wp-json\/wp\/v2\/users\/14"}],"replies":[{"embeddable":true,"href":"https:\/\/colegioprigule.com.br\/blog\/wp-json\/wp\/v2\/comments?post=11705"}],"version-history":[{"count":4,"href":"https:\/\/colegioprigule.com.br\/blog\/wp-json\/wp\/v2\/posts\/11705\/revisions"}],"predecessor-version":[{"id":11710,"href":"https:\/\/colegioprigule.com.br\/blog\/wp-json\/wp\/v2\/posts\/11705\/revisions\/11710"}],"wp:featuredmedia":[{"embeddable":true,"href":"https:\/\/colegioprigule.com.br\/blog\/wp-json\/wp\/v2\/media\/11706"}],"wp:attachment":[{"href":"https:\/\/colegioprigule.com.br\/blog\/wp-json\/wp\/v2\/media?parent=11705"}],"wp:term":[{"taxonomy":"category","embeddable":true,"href":"https:\/\/colegioprigule.com.br\/blog\/wp-json\/wp\/v2\/categories?post=11705"},{"taxonomy":"post_tag","embeddable":true,"href":"https:\/\/colegioprigule.com.br\/blog\/wp-json\/wp\/v2\/tags?post=11705"}],"curies":[{"name":"wp","href":"https:\/\/api.w.org\/{rel}","templated":true}]}}