{"id":11732,"date":"2025-08-07T09:42:14","date_gmt":"2025-08-07T12:42:14","guid":{"rendered":"https:\/\/colegioprigule.com.br\/blog\/?p=11732"},"modified":"2025-10-02T08:54:09","modified_gmt":"2025-10-02T11:54:09","slug":"como-esta-a-parceria-entre-pais-e-maes-na-educacao-dos-filhos","status":"publish","type":"post","link":"https:\/\/colegioprigule.com.br\/blog\/como-esta-a-parceria-entre-pais-e-maes-na-educacao-dos-filhos\/","title":{"rendered":"Como est\u00e1 a parceria entre pais e m\u00e3es na educa\u00e7\u00e3o dos filhos?"},"content":{"rendered":"\n<p>Com o retorno das f\u00e9rias de julho, nada melhor do que conversar sobre o <strong>papel dos pais no processo de aprendizagem<\/strong> dos filhos! Essa foi a tem\u00e1tica tratada no <strong>Bate-Papo com a Psic\u00f3loga<\/strong> do m\u00eas de agosto!<\/p>\n\n\n\n<p>O 2\u00ba semestre do ano \u00e9 sempre mais curto e quando a gente se d\u00e1 conta, j\u00e1 estamos com luzes de natal por toda cidade. Ent\u00e3o, o que fazer para acolher, estimular e impulsionar os estudos dos filhos?<\/p>\n\n\n\n<p>Em primeiro lugar, precisamos reconhecer como caminha a sintonia entre os pais, uma vez que Pai e M\u00e3e, s\u00e3o as refer\u00eancias principais dos filhos. <strong>\u00c9 fundamental que os pais consigam manter um ambiente coeso com a comunica\u00e7\u00e3o clara e consistente<\/strong>. Ou seja, a defini\u00e7\u00e3o de limites e valores precisa do apoio m\u00fatuo (dos respons\u00e1veis) no processo educativo.<\/p>\n\n\n\n<p>A harmonia entre os pais <strong>evita situa\u00e7\u00f5es em que a crian\u00e7a se veja em meio a diverg\u00eancias e discuss\u00f5es<\/strong>. A colabora\u00e7\u00e3o e o respeito entre os pais frente a crian\u00e7a, ensina-a a lidar com as rela\u00e7\u00f5es interpessoais, fora de casa, de forma saud\u00e1vel.<\/p>\n\n\n\n<h2 class=\"wp-block-heading\">Quais pontos podem facilitar essa sintonia entre os pais?<\/h2>\n\n\n\n<ul class=\"wp-block-list\">\n<li>Comunica\u00e7\u00e3o clara e calma, aberta e honesta<\/li>\n\n\n\n<li>Defini\u00e7\u00e3o de regras e limites<\/li>\n\n\n\n<li>Apoio M\u00fatuo<\/li>\n\n\n\n<li>Busca por ajuda profissional<\/li>\n\n\n\n<li>Busca a escola para auxiliar nessa media\u00e7\u00e3o<\/li>\n<\/ul>\n\n\n\n<p>Durante o <strong><em>Bate-papo<\/em><\/strong> de hoje (05) pudemos levantar e refletir sobre v\u00e1rias dificuldades enfrentadas pelas fam\u00edlias&#8230; E por a\u00ed, como caminha essa sintonia?<\/p>\n\n\n\n<p>Aproveite o pr\u00f3ximo treinamento que a escola promover\u00e1 aos pais, o <strong>Jeito de Viver Fam\u00edlia, no dia 06\/09<\/strong>, oportunidade \u00fanica para compartilhar viv\u00eancias, aprendizados e estrat\u00e9gias que podem tornar o dia a dia familiar mais leve, consciente e conectado. Esse programa tamb\u00e9m ser\u00e1 aberto ao p\u00fablico, participe e divulgue!<\/p>\n\n\n\n<p>Aguardamos voc\u00eas no pr\u00f3ximo m\u00eas, para termos novos <em>insights <\/em>valiosos!<\/p>\n\n\n\n<p><\/p>\n","protected":false},"excerpt":{"rendered":"<p>Com o retorno das f\u00e9rias de julho, nada melhor do que conversar sobre o papel dos pais no processo de aprendizagem dos filhos! Essa foi a tem\u00e1tica tratada no Bate-Papo com a Psic\u00f3loga do m\u00eas de agosto! O 2\u00ba semestre do ano \u00e9 sempre mais curto e quando a gente se d\u00e1 conta, j\u00e1 estamos [&hellip;]<\/p>\n","protected":false},"author":9,"featured_media":11733,"comment_status":"open","ping_status":"open","sticky":false,"template":"","format":"standard","meta":{"footnotes":""},"categories":[92],"tags":[],"class_list":["post-11732","post","type-post","status-publish","format-standard","has-post-thumbnail","hentry","category-prigule-me-ajuda"],"_links":{"self":[{"href":"https:\/\/colegioprigule.com.br\/blog\/wp-json\/wp\/v2\/posts\/11732","targetHints":{"allow":["GET"]}}],"collection":[{"href":"https:\/\/colegioprigule.com.br\/blog\/wp-json\/wp\/v2\/posts"}],"about":[{"href":"https:\/\/colegioprigule.com.br\/blog\/wp-json\/wp\/v2\/types\/post"}],"author":[{"embeddable":true,"href":"https:\/\/colegioprigule.com.br\/blog\/wp-json\/wp\/v2\/users\/9"}],"replies":[{"embeddable":true,"href":"https:\/\/colegioprigule.com.br\/blog\/wp-json\/wp\/v2\/comments?post=11732"}],"version-history":[{"count":3,"href":"https:\/\/colegioprigule.com.br\/blog\/wp-json\/wp\/v2\/posts\/11732\/revisions"}],"predecessor-version":[{"id":11737,"href":"https:\/\/colegioprigule.com.br\/blog\/wp-json\/wp\/v2\/posts\/11732\/revisions\/11737"}],"wp:featuredmedia":[{"embeddable":true,"href":"https:\/\/colegioprigule.com.br\/blog\/wp-json\/wp\/v2\/media\/11733"}],"wp:attachment":[{"href":"https:\/\/colegioprigule.com.br\/blog\/wp-json\/wp\/v2\/media?parent=11732"}],"wp:term":[{"taxonomy":"category","embeddable":true,"href":"https:\/\/colegioprigule.com.br\/blog\/wp-json\/wp\/v2\/categories?post=11732"},{"taxonomy":"post_tag","embeddable":true,"href":"https:\/\/colegioprigule.com.br\/blog\/wp-json\/wp\/v2\/tags?post=11732"}],"curies":[{"name":"wp","href":"https:\/\/api.w.org\/{rel}","templated":true}]}}