{"id":11781,"date":"2025-08-15T15:45:51","date_gmt":"2025-08-15T18:45:51","guid":{"rendered":"https:\/\/colegioprigule.com.br\/blog\/?p=11781"},"modified":"2025-08-16T21:16:21","modified_gmt":"2025-08-17T00:16:21","slug":"infancia-sob-ameaca-digital","status":"publish","type":"post","link":"https:\/\/colegioprigule.com.br\/blog\/infancia-sob-ameaca-digital\/","title":{"rendered":"Inf\u00e2ncia sob amea\u00e7a digital"},"content":{"rendered":"\t\t<div data-elementor-type=\"wp-post\" data-elementor-id=\"11781\" class=\"elementor elementor-11781\" data-elementor-post-type=\"post\">\n\t\t\t\t\t\t<section class=\"elementor-section elementor-top-section elementor-element elementor-element-fdebe72 elementor-section-boxed elementor-section-height-default elementor-section-height-default\" data-id=\"fdebe72\" data-element_type=\"section\" data-e-type=\"section\">\n\t\t\t\t\t\t<div class=\"elementor-container elementor-column-gap-default\">\n\t\t\t\t\t<div class=\"elementor-column elementor-col-100 elementor-top-column elementor-element elementor-element-e90d141\" data-id=\"e90d141\" data-element_type=\"column\" data-e-type=\"column\">\n\t\t\t<div class=\"elementor-widget-wrap elementor-element-populated\">\n\t\t\t\t\t\t<div class=\"elementor-element elementor-element-1263172 elementor-widget elementor-widget-text-editor\" data-id=\"1263172\" data-element_type=\"widget\" data-e-type=\"widget\" data-widget_type=\"text-editor.default\">\n\t\t\t\t<div class=\"elementor-widget-container\">\n\t\t\t\t\t\t\t\t\t<p><span style=\"font-weight: 400;\">A inf\u00e2ncia pode ser abreviada quando crian\u00e7as s\u00e3o expostas, precocemente, a padr\u00f5es, comportamentos e responsabilidades do universo adulto.<\/span><\/p>\n<p><span style=\"font-weight: 400;\"> Essa realidade, conhecida como adultiza\u00e7\u00e3o infantil, vem preocupando fam\u00edlias, educadores e autoridades, especialmente pela for\u00e7a que ganhou com a populariza\u00e7\u00e3o das redes sociais. O caso que reacendeu esse debate foi o v\u00eddeo divulgado em agosto de 2025 pelo criador de conte\u00fado Felipe Bressanim Pereira, o Felca, que denunciou situa\u00e7\u00f5es de sexualiza\u00e7\u00e3o precoce, falhas de modera\u00e7\u00e3o nas plataformas e a forma como algoritmos favorecem a propaga\u00e7\u00e3o desse tipo de material. A repercuss\u00e3o foi imediata, alcan\u00e7ando milh\u00f5es de pessoas e provocando discuss\u00f5es no Congresso Nacional.<\/span><\/p>\n<p><span style=\"font-weight: 400;\">A adultiza\u00e7\u00e3o infantil se manifesta de diferentes maneiras: uso de roupas e maquiagens que remetem \u00e0 est\u00e9tica adulta, exposi\u00e7\u00e3o a conte\u00fados sexuais ou sugestivos, participa\u00e7\u00e3o em intera\u00e7\u00f5es amorosas ou sensuais antes da maturidade emocional e at\u00e9 cobran\u00e7as de desempenho e postura t\u00edpicas de adultos no ambiente escolar ou familiar. Embora possa ocorrer fora do mundo virtual, <strong>o ambiente digital acelerou e ampliou o alcance desse fen\u00f4meno<\/strong>. Com poucos toques na tela, crian\u00e7as podem ser expostas a modelos de comportamento que n\u00e3o correspondem \u00e0 sua fase de desenvolvimento, sem o filtro ou supervis\u00e3o necess\u00e1rios.<\/span><\/p>\n<h2><b>Ponto cr\u00edtico<\/b><\/h2>\n<p><span style=\"font-weight: 400;\">O funcionamento dos algoritmos das redes sociais \u00e9 um dos pontos cr\u00edticos. <strong>Ao identificar que uma crian\u00e7a interagiu com um conte\u00fado de est\u00e9tica adulta<\/strong>, o sistema tende a recomendar outros similares, refor\u00e7ando a exposi\u00e7\u00e3o e criando um ciclo de consumo dif\u00edcil de romper. Esse processo pode ser potencializado por interesses comerciais, j\u00e1 que conte\u00fados pol\u00eamicos ou chamativos costumam gerar mais engajamento e, consequentemente, maior retorno financeiro para criadores e plataformas. Em certos casos, pais e respons\u00e1veis, muitas vezes sem inten\u00e7\u00e3o de causar dano, contribuem para essa exposi\u00e7\u00e3o na busca por popularidade ou ganhos econ\u00f4micos.<\/span><\/p>\n<p><span style=\"font-weight: 400;\">As consequ\u00eancias para o desenvolvimento das crian\u00e7as s\u00e3o preocupantes. A press\u00e3o para corresponder a padr\u00f5es adultos pode gerar inseguran\u00e7a, ansiedade e baixa autoestima, al\u00e9m de distor\u00e7\u00f5es na percep\u00e7\u00e3o do pr\u00f3prio corpo. O contato constante com conte\u00fados sexualizados tamb\u00e9m compromete a compreens\u00e3o de limites, consentimento e rela\u00e7\u00f5es interpessoais. <strong>\u201c\u00c9 fundamental preservar o tempo de cada fase do desenvolvimento para que a crian\u00e7a construa sua identidade e valores de forma saud\u00e1vel\u201d, afirma Let\u00edcia Dorighello, diretora pedag\u00f3gica do Col\u00e9gio Pr\u00edgule, de S\u00e3o Paulo.<\/strong><\/span><\/p>\n<p><span style=\"font-weight: 400;\">A legisla\u00e7\u00e3o brasileira, por meio do <strong>Estatuto da Crian\u00e7a e do Adolescente<\/strong>, assegura a prote\u00e7\u00e3o contra qualquer forma de explora\u00e7\u00e3o, incluindo aquela que ocorre no ambiente digital. Isso significa que pais, respons\u00e1veis, influenciadores e at\u00e9 empresas de tecnologia podem ser responsabilizados quando permitem ou incentivam a divulga\u00e7\u00e3o de materiais que coloquem menores em risco. A atua\u00e7\u00e3o de \u00f3rg\u00e3os p\u00fablicos tem se intensificado, com remo\u00e7\u00e3o de conte\u00fados, investiga\u00e7\u00f5es e aplica\u00e7\u00e3o de penalidades.<\/span><\/p>\n<h2><b>N\u00facleo familiar<\/b><\/h2>\n<p><span style=\"font-weight: 400;\">A prote\u00e7\u00e3o come\u00e7a no n\u00facleo familiar. Estar presente no cotidiano digital dos filhos, conhecer as plataformas utilizadas, estabelecer regras claras para o uso de dispositivos e manter di\u00e1logos francos sobre seguran\u00e7a e privacidade s\u00e3o medidas essenciais. Crian\u00e7as que se sentem seguras para relatar experi\u00eancias desconfort\u00e1veis t\u00eam mais chances de evitar ou interromper situa\u00e7\u00f5es de risco.<\/span><\/p>\n<p><span style=\"font-weight: 400;\"><strong>No ambiente escolar, a contribui\u00e7\u00e3o passa por orientar estudantes e fam\u00edlias sobre cidadania digital, seguran\u00e7a online, respeito e autoestima.<\/strong> A escola pode identificar sinais de adultiza\u00e7\u00e3o precoce, oferecer apoio e, quando necess\u00e1rio, encaminhar casos para acompanhamento especializado. A uni\u00e3o entre escola e fam\u00edlia fortalece a rede de prote\u00e7\u00e3o e amplia as possibilidades de interven\u00e7\u00e3o.<\/span><\/p>\n<p><span style=\"font-weight: 400;\">O caso Felca tamb\u00e9m trouxe \u00e0 tona a necessidade de pol\u00edticas p\u00fablicas mais eficazes, capazes de garantir ambientes digitais seguros para crian\u00e7as e adolescentes. Propostas legislativas discutem medidas como verifica\u00e7\u00e3o de idade, retirada r\u00e1pida de conte\u00fados nocivos e responsabiliza\u00e7\u00e3o das plataformas que n\u00e3o atuarem de forma preventiva. Paralelamente, campanhas de conscientiza\u00e7\u00e3o devem alcan\u00e7ar diferentes regi\u00f5es e contextos sociais, garantindo que a informa\u00e7\u00e3o chegue a todos.<\/span><\/p>\n<h2><b>A import\u00e2ncia da educa\u00e7\u00e3o digital<\/b><\/h2>\n<p><span style=\"font-weight: 400;\">A preven\u00e7\u00e3o da adultiza\u00e7\u00e3o infantil exige esfor\u00e7o conjunto e constante. Envolve educa\u00e7\u00e3o digital, acompanhamento ativo do uso da tecnologia, fortalecimento da autoestima e cria\u00e7\u00e3o de ambientes \u2014 f\u00edsicos e virtuais \u2014 que respeitem o est\u00e1gio de desenvolvimento das crian\u00e7as. Essa n\u00e3o \u00e9 uma preocupa\u00e7\u00e3o restrita a casos que viralizam, mas uma responsabilidade di\u00e1ria, refletida em pequenas decis\u00f5es sobre consumo, lazer e comunica\u00e7\u00e3o. Proteger a inf\u00e2ncia \u00e9 garantir que cada crian\u00e7a possa viver plenamente sua etapa de vida, com experi\u00eancias adequadas, seguran\u00e7a e liberdade para crescer no seu tempo.<\/span><\/p>\n<p><b>Para saber mais sobre adultiza\u00e7\u00e3o infantil, visite<\/b> <a href=\"https:\/\/gauchazh.clicrbs.com.br\/viral\/noticia\/2025\/08\/felca-e-adultizacao-saiba-o-que-aconteceu-apos-a-repercussao-do-caso-levantado-pelo-youtuber-cme9yiseu0008014lbnwnan1c.html\" target=\"_blank\" rel=\"noopener\"><span style=\"font-weight: 400;\">https:\/\/gauchazh.clicrbs.com.br\/viral\/noticia\/2025\/08\/felca-e-adultizacao-saiba-o-que-aconteceu-apos-a-repercussao-do-caso-levantado-pelo-youtuber-cme9yiseu0008014lbnwnan1c.html<\/span><\/a><span style=\"font-weight: 400;\"> e <\/span><a href=\"https:\/\/g1.globo.com\/sp\/sao-paulo\/noticia\/2025\/08\/13\/monetizacao-exploracao-de-menores-e-redes-de-pedofilia-entenda-denuncias-feitas-por-felca.ghtml\" target=\"_blank\" rel=\"noopener\"><span style=\"font-weight: 400;\">https:\/\/g1.globo.com\/sp\/sao-paulo\/noticia\/2025\/08\/13\/monetizacao-exploracao-de-menores-e-redes-de-pedofilia-entenda-denuncias-feitas-por-felca.ghtml<\/span><\/a><\/p>\n<p>\u00a0<\/p>\n<p>\u00a0<\/p>\t\t\t\t\t\t\t\t<\/div>\n\t\t\t\t<\/div>\n\t\t\t\t\t<\/div>\n\t\t<\/div>\n\t\t\t\t\t<\/div>\n\t\t<\/section>\n\t\t\t\t<\/div>\n\t\t","protected":false},"excerpt":{"rendered":"<p>A inf\u00e2ncia pode ser abreviada quando crian\u00e7as s\u00e3o expostas, precocemente, a padr\u00f5es, comportamentos e responsabilidades do universo adulto. Essa realidade, conhecida como adultiza\u00e7\u00e3o infantil, vem preocupando fam\u00edlias, educadores e autoridades, especialmente pela for\u00e7a que ganhou com a populariza\u00e7\u00e3o das redes sociais. O caso que reacendeu esse debate foi o v\u00eddeo divulgado em agosto de 2025 [&hellip;]<\/p>\n","protected":false},"author":14,"featured_media":11793,"comment_status":"open","ping_status":"open","sticky":false,"template":"","format":"standard","meta":{"footnotes":""},"categories":[6],"tags":[],"class_list":["post-11781","post","type-post","status-publish","format-standard","has-post-thumbnail","hentry","category-blog"],"_links":{"self":[{"href":"https:\/\/colegioprigule.com.br\/blog\/wp-json\/wp\/v2\/posts\/11781","targetHints":{"allow":["GET"]}}],"collection":[{"href":"https:\/\/colegioprigule.com.br\/blog\/wp-json\/wp\/v2\/posts"}],"about":[{"href":"https:\/\/colegioprigule.com.br\/blog\/wp-json\/wp\/v2\/types\/post"}],"author":[{"embeddable":true,"href":"https:\/\/colegioprigule.com.br\/blog\/wp-json\/wp\/v2\/users\/14"}],"replies":[{"embeddable":true,"href":"https:\/\/colegioprigule.com.br\/blog\/wp-json\/wp\/v2\/comments?post=11781"}],"version-history":[{"count":14,"href":"https:\/\/colegioprigule.com.br\/blog\/wp-json\/wp\/v2\/posts\/11781\/revisions"}],"predecessor-version":[{"id":11797,"href":"https:\/\/colegioprigule.com.br\/blog\/wp-json\/wp\/v2\/posts\/11781\/revisions\/11797"}],"wp:featuredmedia":[{"embeddable":true,"href":"https:\/\/colegioprigule.com.br\/blog\/wp-json\/wp\/v2\/media\/11793"}],"wp:attachment":[{"href":"https:\/\/colegioprigule.com.br\/blog\/wp-json\/wp\/v2\/media?parent=11781"}],"wp:term":[{"taxonomy":"category","embeddable":true,"href":"https:\/\/colegioprigule.com.br\/blog\/wp-json\/wp\/v2\/categories?post=11781"},{"taxonomy":"post_tag","embeddable":true,"href":"https:\/\/colegioprigule.com.br\/blog\/wp-json\/wp\/v2\/tags?post=11781"}],"curies":[{"name":"wp","href":"https:\/\/api.w.org\/{rel}","templated":true}]}}