{"id":11972,"date":"2025-10-01T15:14:15","date_gmt":"2025-10-01T18:14:15","guid":{"rendered":"https:\/\/colegioprigule.com.br\/blog\/?p=11972"},"modified":"2025-10-01T15:16:13","modified_gmt":"2025-10-01T18:16:13","slug":"alunos-aprendem-com-o-projeto-social-bombeiros-do-amanha","status":"publish","type":"post","link":"https:\/\/colegioprigule.com.br\/blog\/alunos-aprendem-com-o-projeto-social-bombeiros-do-amanha\/","title":{"rendered":"Alunos aprendem com o projeto social Bombeiros do Amanh\u00e3"},"content":{"rendered":"\t\t<div data-elementor-type=\"wp-post\" data-elementor-id=\"11972\" class=\"elementor elementor-11972\" data-elementor-post-type=\"post\">\n\t\t\t\t\t\t<section class=\"elementor-section elementor-top-section elementor-element elementor-element-270f59c elementor-section-boxed elementor-section-height-default elementor-section-height-default\" data-id=\"270f59c\" data-element_type=\"section\" data-e-type=\"section\">\n\t\t\t\t\t\t<div class=\"elementor-container elementor-column-gap-default\">\n\t\t\t\t\t<div class=\"elementor-column elementor-col-100 elementor-top-column elementor-element elementor-element-533171d\" data-id=\"533171d\" data-element_type=\"column\" data-e-type=\"column\">\n\t\t\t<div class=\"elementor-widget-wrap elementor-element-populated\">\n\t\t\t\t\t\t<div class=\"elementor-element elementor-element-a99e1e9 elementor-widget elementor-widget-text-editor\" data-id=\"a99e1e9\" data-element_type=\"widget\" data-e-type=\"widget\" data-widget_type=\"text-editor.default\">\n\t\t\t\t<div class=\"elementor-widget-container\">\n\t\t\t\t\t\t\t\t\t<p><span style=\"font-weight: 400;\">Em uma manh\u00e3 cheia de descobertas, emo\u00e7\u00e3o e conscientiza\u00e7\u00e3o, os alunos do <strong>Col\u00e9gio Pr\u00edgule<\/strong> participaram de uma viv\u00eancia inesquec\u00edvel ao lado de quem entende do assunto. O projeto social Bombeiros do Amanh\u00e3 transformou o p\u00e1tio e as salas de aula em verdadeiros espa\u00e7os de aprendizagem ativa sobre como agir em momentos de emerg\u00eancia. A atividade foi conduzida de forma l\u00fadica, acess\u00edvel e repleta de ensinamentos importantes.<\/span><\/p><p><b>Crian\u00e7as aprendem brincando a salvar vidas<\/b><\/p><p><span style=\"font-weight: 400;\">O bombeiro civil, Alison Albino, conquistou a aten\u00e7\u00e3o dos pequenos desde o primeiro momento. Ex-aluno do Pr\u00edgule, ele retornou \u00e0 escola com um novo papel: o de educador da vida. A apresenta\u00e7\u00e3o envolveu os estudantes em din\u00e2micas interativas que explicavam o que fazer em situa\u00e7\u00f5es comuns, como quedas, engasgos ou desmaios.\u00a0<\/span><\/p><h2><b>Educa\u00e7\u00e3o que prepara para a vida al\u00e9m da sala de aula<\/b><\/h2><p><span style=\"font-weight: 400;\">Esse tipo de proposta vai muito al\u00e9m do conte\u00fado tradicional. Ao ensinar sobre socorro imediato e cuidado com o outro, a escola desenvolve valores fundamentais como empatia, solidariedade e autocontrole. As crian\u00e7as perceberam que podem ser agentes de ajuda, que suas atitudes fazem diferen\u00e7a em momentos delicados, e que informa\u00e7\u00e3o correta salva vidas. A empolga\u00e7\u00e3o foi vis\u00edvel nos olhos atentos, nos coment\u00e1rios ao final da palestra e nas perguntas feitas com vontade de saber mais.<\/span><\/p><p><span style=\"font-weight: 400;\">Durante a viv\u00eancia, os estudantes aprenderam que ajudar nem sempre significa fazer tudo sozinho, mas saber como pedir aux\u00edlio, manter a calma, ligar para os servi\u00e7os corretos e proteger quem precisa at\u00e9 a chegada de um profissional. Essa percep\u00e7\u00e3o aumenta a seguran\u00e7a pessoal e coletiva, al\u00e9m de fortalecer v\u00ednculos entre colegas e com a comunidade.<\/span><\/p><h2><b>Forma\u00e7\u00e3o continuada tamb\u00e9m para adultos da comunidade escolar<\/b><\/h2><p><span style=\"font-weight: 400;\">O Projeto n\u00e3o parou nas crian\u00e7as. Professores, funcion\u00e1rios e outros colaboradores do Col\u00e9gio Pr\u00edgule tamb\u00e9m participaram deste encontro marcado pela escuta e pela troca. Alison apresentou situa\u00e7\u00f5es reais que poderiam ocorrer dentro ou fora do ambiente escolar e como cada pessoa pode agir com rapidez e efici\u00eancia.<\/span><\/p><h2><b>Ex-aluno que inspira e transforma com exemplo verdadeiro<\/b><\/h2><p><span style=\"font-weight: 400;\">Ver Alison Albino de volta \u00e0 escola como refer\u00eancia positiva emocionou alunos, educadores e equipe. Formado ali mesmo, com hist\u00f3rias guardadas nos corredores e v\u00ednculos criados nas salas de aula, ele simboliza o poder que a educa\u00e7\u00e3o tem de transformar trajet\u00f3rias. Hoje, como bombeiro civil, ele compartilha seu conhecimento com leveza, seriedade e paix\u00e3o, inspirando os jovens a se verem tamb\u00e9m como protagonistas no futuro.<\/span><\/p><p><span style=\"font-weight: 400;\"><strong>Sua fala combinou t\u00e9cnica e afeto, experi\u00eancia e humildade.<\/strong> Cada gesto lembrava que crescer \u00e9 poss\u00edvel, que voltar ao lugar de onde se veio com algo a oferecer \u00e9 um ato de gratid\u00e3o e compromisso. E foi isso que ele fez: devolveu em forma de cuidado tudo o que recebeu um dia como aluno.<\/span><\/p><p><span style=\"font-weight: 400;\"><strong>O Col\u00e9gio Pr\u00edgule celebra cada oportunidade de construir esse tipo de experi\u00eancia com seus alunos, pois sabe que educar \u00e9, antes de tudo, cuidar.<\/strong> E cuidar \u00e9 um gesto que, como aprenderam com Alison, salva vidas.<\/span><\/p><p>\u00a0<\/p><p>\u00a0<\/p>\t\t\t\t\t\t\t\t<\/div>\n\t\t\t\t<\/div>\n\t\t\t\t\t<\/div>\n\t\t<\/div>\n\t\t\t\t\t<\/div>\n\t\t<\/section>\n\t\t\t\t<\/div>\n\t\t","protected":false},"excerpt":{"rendered":"<p>Em uma manh\u00e3 cheia de descobertas, emo\u00e7\u00e3o e conscientiza\u00e7\u00e3o, os alunos do Col\u00e9gio Pr\u00edgule participaram de uma viv\u00eancia inesquec\u00edvel ao lado de quem entende do assunto. O projeto social Bombeiros do Amanh\u00e3 transformou o p\u00e1tio e as salas de aula em verdadeiros espa\u00e7os de aprendizagem ativa sobre como agir em momentos de emerg\u00eancia. A atividade [&hellip;]<\/p>\n","protected":false},"author":14,"featured_media":11973,"comment_status":"open","ping_status":"open","sticky":false,"template":"","format":"standard","meta":{"footnotes":""},"categories":[6],"tags":[],"class_list":["post-11972","post","type-post","status-publish","format-standard","has-post-thumbnail","hentry","category-blog"],"_links":{"self":[{"href":"https:\/\/colegioprigule.com.br\/blog\/wp-json\/wp\/v2\/posts\/11972","targetHints":{"allow":["GET"]}}],"collection":[{"href":"https:\/\/colegioprigule.com.br\/blog\/wp-json\/wp\/v2\/posts"}],"about":[{"href":"https:\/\/colegioprigule.com.br\/blog\/wp-json\/wp\/v2\/types\/post"}],"author":[{"embeddable":true,"href":"https:\/\/colegioprigule.com.br\/blog\/wp-json\/wp\/v2\/users\/14"}],"replies":[{"embeddable":true,"href":"https:\/\/colegioprigule.com.br\/blog\/wp-json\/wp\/v2\/comments?post=11972"}],"version-history":[{"count":4,"href":"https:\/\/colegioprigule.com.br\/blog\/wp-json\/wp\/v2\/posts\/11972\/revisions"}],"predecessor-version":[{"id":11977,"href":"https:\/\/colegioprigule.com.br\/blog\/wp-json\/wp\/v2\/posts\/11972\/revisions\/11977"}],"wp:featuredmedia":[{"embeddable":true,"href":"https:\/\/colegioprigule.com.br\/blog\/wp-json\/wp\/v2\/media\/11973"}],"wp:attachment":[{"href":"https:\/\/colegioprigule.com.br\/blog\/wp-json\/wp\/v2\/media?parent=11972"}],"wp:term":[{"taxonomy":"category","embeddable":true,"href":"https:\/\/colegioprigule.com.br\/blog\/wp-json\/wp\/v2\/categories?post=11972"},{"taxonomy":"post_tag","embeddable":true,"href":"https:\/\/colegioprigule.com.br\/blog\/wp-json\/wp\/v2\/tags?post=11972"}],"curies":[{"name":"wp","href":"https:\/\/api.w.org\/{rel}","templated":true}]}}