{"id":11991,"date":"2025-10-27T16:19:00","date_gmt":"2025-10-27T19:19:00","guid":{"rendered":"https:\/\/colegioprigule.com.br\/blog\/?p=11991"},"modified":"2025-10-27T16:19:00","modified_gmt":"2025-10-27T19:19:00","slug":"o-impacto-da-arte-na-vida-de-criancas-e-adolescentes","status":"publish","type":"post","link":"https:\/\/colegioprigule.com.br\/blog\/o-impacto-da-arte-na-vida-de-criancas-e-adolescentes\/","title":{"rendered":"O Impacto da Arte na Vida de Crian\u00e7as e Adolescentes"},"content":{"rendered":"\n<p>A arte \u00e9 uma das formas mais ricas e profundas de express\u00e3o humana. Por meio da m\u00fasica, do teatro, da dan\u00e7a, da pintura ou da escrita, a crian\u00e7a e o adolescente encontram um espa\u00e7o de <strong>escuta, cria\u00e7\u00e3o e liberdade emocional<\/strong>. No entanto, em tempos de excesso de telas e pressa cotidiana, o contato com a arte tem sido, muitas vezes, deixado de lado \u2014 e isso traz consequ\u00eancias diretas para o desenvolvimento emocional e cognitivo dos jovens.<\/p>\n\n\n\n<p>Mais do que um simples \u201cpassatempo\u201d, a arte \u00e9 um <strong>instrumento formativo<\/strong> que influencia o modo de pensar, sentir e se relacionar com o mundo.<\/p>\n\n\n\n<h2 class=\"wp-block-heading\"><strong><em>A arte como linguagem do sentir e do pensar<\/em><\/strong><\/h2>\n\n\n\n<p>Desde cedo, a arte ajuda a crian\u00e7a a dar nome ao que sente, transformando emo\u00e7\u00f5es em forma, som e movimento.<br>Um desenho expressa o que ela ainda n\u00e3o consegue dizer com palavras.<br>Uma can\u00e7\u00e3o traduz aquilo que o cora\u00e7\u00e3o sente antes que a raz\u00e3o compreenda.<\/p>\n\n\n\n<p>Segundo pesquisa da <em>American Psychological Association (APA)<\/em>, crian\u00e7as que participam regularmente de atividades art\u00edsticas demonstram <strong>melhor autorregula\u00e7\u00e3o emocional, maior empatia e melhor desempenho acad\u00eamico<\/strong>. Isso acontece porque o fazer art\u00edstico desenvolve \u00e1reas cerebrais ligadas \u00e0 aten\u00e7\u00e3o, \u00e0 mem\u00f3ria e \u00e0 resolu\u00e7\u00e3o de problemas.<\/p>\n\n\n\n<h2 class=\"wp-block-heading\"><strong><em>O poder transformador da m\u00fasica e dos instrumentos musicais<\/em><\/strong><\/h2>\n\n\n\n<p>Entre todas as formas de arte, a <strong>m\u00fasica<\/strong> tem um papel especialmente poderoso no desenvolvimento infantil e juvenil. Tocar um instrumento vai muito al\u00e9m de aprender notas e ritmos \u2014 \u00e9 uma experi\u00eancia completa que envolve corpo, mente e emo\u00e7\u00e3o. Pesquisas da <strong>Harvard Medical School<\/strong> e da <strong>University of Southern California (USC)<\/strong> mostram que crian\u00e7as que tocam instrumentos musicais apresentam<\/p>\n\n\n\n<ul class=\"wp-block-list\">\n<li><strong>Maior desenvolvimento de \u00e1reas cerebrais ligadas \u00e0 linguagem e \u00e0 matem\u00e1tica<\/strong>;<\/li>\n\n\n\n<li><strong>Aprimoramento da mem\u00f3ria e da coordena\u00e7\u00e3o motora<\/strong>;<\/li>\n\n\n\n<li><strong>Melhora na concentra\u00e7\u00e3o e na disciplina pessoal<\/strong>;<\/li>\n\n\n\n<li><strong>Fortalecimento da autoestima e da confian\u00e7a<\/strong>, ao perceberem o resultado do esfor\u00e7o e da pr\u00e1tica;<\/li>\n\n\n\n<li><strong>Desenvolvimento da empatia e da escuta sens\u00edvel<\/strong>, especialmente em atividades musicais coletivas, como corais e bandas escolares.<\/li>\n<\/ul>\n\n\n\n<p>Al\u00e9m disso, o aprendizado musical estimula a <strong>paci\u00eancia e a persist\u00eancia<\/strong> \u2014 qualidades fundamentais em uma gera\u00e7\u00e3o acostumada \u00e0 gratifica\u00e7\u00e3o imediata. Cada nota aprendida \u00e9 uma pequena conquista, um convite \u00e0 supera\u00e7\u00e3o e \u00e0 valoriza\u00e7\u00e3o do tempo de aprender.<\/p>\n\n\n\n<h2 class=\"wp-block-heading\"><strong><em>As implica\u00e7\u00f5es da aus\u00eancia da arte no cotidiano<\/em><\/strong><\/h2>\n\n\n\n<p>A aus\u00eancia da arte na rotina das crian\u00e7as e adolescentes traz impactos silenciosos, mas profundos.<br>Sem espa\u00e7o para expressar emo\u00e7\u00f5es de forma criativa, muitos jovens apresentam:<\/p>\n\n\n\n<ul class=\"wp-block-list\">\n<li><strong>Maior irritabilidade e ansiedade<\/strong>;<\/li>\n\n\n\n<li><strong>Dificuldade de concentra\u00e7\u00e3o e de autoconhecimento<\/strong>;<\/li>\n\n\n\n<li><strong>Baixa toler\u00e2ncia \u00e0 frustra\u00e7\u00e3o<\/strong>;<\/li>\n\n\n\n<li><strong>Depend\u00eancia excessiva de est\u00edmulos digitais e externos para se entreter<\/strong>.<\/li>\n<\/ul>\n\n\n\n<p>Esses desequil\u00edbrios acabam sendo sentidos tamb\u00e9m pelas fam\u00edlias \u2014 em casa, surgem conflitos mais frequentes, problemas de comportamento e at\u00e9 <strong>necessidade de apoio psicopedag\u00f3gico adicional<\/strong>, o que representa n\u00e3o apenas um custo financeiro, mas um desgaste emocional coletivo.<\/p>\n\n\n\n<h2 class=\"wp-block-heading\"><strong><em>Solu\u00e7\u00f5es e caminhos poss\u00edveis<\/em><\/strong><\/h2>\n\n\n\n<p>Promover a arte como parte da vida cotidiana \u00e9 um gesto educativo e afetivo. Algumas a\u00e7\u00f5es simples podem fazer grande diferen\u00e7a:<\/p>\n\n\n\n<ol start=\"1\" class=\"wp-block-list\">\n<li><strong>Valorize o processo, n\u00e3o o resultado.<\/strong> O importante \u00e9 criar, experimentar, errar e tentar de novo.<\/li>\n\n\n\n<li><strong>Ofere\u00e7a contato com instrumentos musicais.<\/strong> Mesmo que n\u00e3o se tornem m\u00fasicos, as crian\u00e7as desenvolvem paci\u00eancia, coordena\u00e7\u00e3o e autoconfian\u00e7a.<\/li>\n\n\n\n<li><strong>Crie espa\u00e7os de express\u00e3o.<\/strong> Pe\u00e7as teatrais, apresenta\u00e7\u00f5es, exposi\u00e7\u00f5es e rodas de m\u00fasica fortalecem o v\u00ednculo entre escola e fam\u00edlia.<\/li>\n\n\n\n<li><strong>Reconhe\u00e7a a arte como parte da forma\u00e7\u00e3o integral.<\/strong> Ela educa o cora\u00e7\u00e3o e a mente na mesma medida.<\/li>\n\n\n\n<li><strong>Participe.<\/strong> Quando os pais se envolvem nas experi\u00eancias art\u00edsticas dos filhos, a mensagem \u00e9 clara: o sentir tamb\u00e9m \u00e9 parte do aprender.<\/li>\n<\/ol>\n\n\n\n<p>Diante do exposto, a arte \u00e9 o territ\u00f3rio da sensibilidade \u2014 e a sensibilidade \u00e9 o que nos torna humanos.<br>Ensinar uma crian\u00e7a a tocar um instrumento \u00e9 ensinar tamb\u00e9m sobre <strong>disciplina, escuta, emo\u00e7\u00e3o e beleza<\/strong>. \u00c9 dar a ela uma forma de se expressar quando as palavras n\u00e3o bastam, e de se conectar com o mundo de maneira profunda e criativa.<\/p>\n\n\n\n<p>No <strong>Col\u00e9gio Pr\u00edgule<\/strong>, acreditamos que a arte \u00e9 essencial para o desenvolvimento integral, n\u00e3o a toa, os alunos do Ensino M\u00e9dio s\u00e3o estimulados a desenvolverem o Sarau Liter\u00e1rio que trabalha enormemente os aspectos destacados nesse \u201cPr\u00edgule me ajuda!\u201d de hoje. A Arte n\u00e3o \u00e9 apenas uma atividade complementar \u2014 \u00e9 <strong>um caminho de autoconhecimento, empatia e intelig\u00eancia emocional<\/strong>.<br>Porque educar, afinal, \u00e9 tamb\u00e9m <strong>ensinar a sentir, a criar e a se encantar<\/strong> com o que \u00e9 humano.<\/p>\n\n\n\n<p><\/p>\n","protected":false},"excerpt":{"rendered":"<p>A arte \u00e9 uma das formas mais ricas e profundas de express\u00e3o humana. Por meio da m\u00fasica, do teatro, da dan\u00e7a, da pintura ou da escrita, a crian\u00e7a e o adolescente encontram um espa\u00e7o de escuta, cria\u00e7\u00e3o e liberdade emocional. No entanto, em tempos de excesso de telas e pressa cotidiana, o contato com a [&hellip;]<\/p>\n","protected":false},"author":11,"featured_media":11992,"comment_status":"open","ping_status":"open","sticky":false,"template":"","format":"standard","meta":{"footnotes":""},"categories":[92],"tags":[],"class_list":["post-11991","post","type-post","status-publish","format-standard","has-post-thumbnail","hentry","category-prigule-me-ajuda"],"_links":{"self":[{"href":"https:\/\/colegioprigule.com.br\/blog\/wp-json\/wp\/v2\/posts\/11991","targetHints":{"allow":["GET"]}}],"collection":[{"href":"https:\/\/colegioprigule.com.br\/blog\/wp-json\/wp\/v2\/posts"}],"about":[{"href":"https:\/\/colegioprigule.com.br\/blog\/wp-json\/wp\/v2\/types\/post"}],"author":[{"embeddable":true,"href":"https:\/\/colegioprigule.com.br\/blog\/wp-json\/wp\/v2\/users\/11"}],"replies":[{"embeddable":true,"href":"https:\/\/colegioprigule.com.br\/blog\/wp-json\/wp\/v2\/comments?post=11991"}],"version-history":[{"count":1,"href":"https:\/\/colegioprigule.com.br\/blog\/wp-json\/wp\/v2\/posts\/11991\/revisions"}],"predecessor-version":[{"id":11993,"href":"https:\/\/colegioprigule.com.br\/blog\/wp-json\/wp\/v2\/posts\/11991\/revisions\/11993"}],"wp:featuredmedia":[{"embeddable":true,"href":"https:\/\/colegioprigule.com.br\/blog\/wp-json\/wp\/v2\/media\/11992"}],"wp:attachment":[{"href":"https:\/\/colegioprigule.com.br\/blog\/wp-json\/wp\/v2\/media?parent=11991"}],"wp:term":[{"taxonomy":"category","embeddable":true,"href":"https:\/\/colegioprigule.com.br\/blog\/wp-json\/wp\/v2\/categories?post=11991"},{"taxonomy":"post_tag","embeddable":true,"href":"https:\/\/colegioprigule.com.br\/blog\/wp-json\/wp\/v2\/tags?post=11991"}],"curies":[{"name":"wp","href":"https:\/\/api.w.org\/{rel}","templated":true}]}}