{"id":1280,"date":"2021-03-04T10:45:28","date_gmt":"2021-03-04T13:45:28","guid":{"rendered":"https:\/\/colegioprigule.com.br\/?p=1280"},"modified":"2022-03-23T13:09:09","modified_gmt":"2022-03-23T16:09:09","slug":"janeiro-branco","status":"publish","type":"post","link":"https:\/\/colegioprigule.com.br\/blog\/janeiro-branco\/","title":{"rendered":"Janeiro Branco: Uma iniciativa pela sa\u00fade mental"},"content":{"rendered":"\n<p>Saiba tudo sobre o Janeiro Branco, uma iniciativa do psic\u00f3logo Leonardo Abra\u00e3o em prol da Sa\u00fade Mental<\/p>\n\n\n\n<h2 class=\"wp-block-heading\"><strong>Voc\u00ea j\u00e1 parou para pensar que ter sa\u00fade vai muito al\u00e9m de n\u00e3o estar doente?!<\/strong><\/h2>\n\n\n\n<p class=\"has-text-align-left\">A Organiza\u00e7\u00e3o Mundial da Sa\u00fade aponta que o conceito de Sa\u00fade \u00e9 bem mais abrangente que a simples aus\u00eancia de doen\u00e7a: \u00e9 um <strong>completo estado de bem estar f\u00edsico, mental e social<\/strong> e, dessa forma, merece aten\u00e7\u00e3o em todas as suas vertentes.<\/p>\n\n\n\n<h2 class=\"wp-block-heading\"><strong>E sa\u00fade mental, o que significa pra voc\u00ea?<\/strong><\/h2>\n\n\n\n<p class=\"has-text-align-left\">A campanha Janeiro Branco \u00e9 uma campanha que convida a popula\u00e7\u00e3o a refletir sobre suas vidas, e nada melhor que o in\u00edcio do ano para essa tarefa, n\u00e3o \u00e9 mesmo?<\/p>\n\n\n\n<div class=\"wp-block-cover has-background-dim is-position-center-center\" style=\"min-height:243px;aspect-ratio:unset;\"><img decoding=\"async\" class=\"wp-block-cover__image-background\" alt=\"\" src=\"https:\/\/files.aredacao.com.br\/upload\/content\/janeiro-branco-como-esta-a-sua-saude-mental.jpg\" data-object-fit=\"cover\"\/><div class=\"wp-block-cover__inner-container is-layout-flow wp-block-cover-is-layout-flow\">\n<p class=\"has-text-align-center has-black-color has-text-color has-background\" style=\"background-color:#dcdee1\">Criada em 2013 pelo psic\u00f3logo mineiro Leonardo Abra\u00e3o, a a\u00e7\u00e3o teve sua primeira edi\u00e7\u00e3o em janeiro de 2014 e, desde ent\u00e3o, vem alertando as pessoas sobre a import\u00e2ncia de cuidar das emo\u00e7\u00f5es.<\/p>\n<\/div><\/div>\n\n\n\n<hr class=\"wp-block-separator has-text-color has-background has-luminous-vivid-amber-background-color has-luminous-vivid-amber-color is-style-dots\"\/>\n\n\n\n<p class=\"has-text-align-left\">O novo ano sempre traz indaga\u00e7\u00f5es, pensamentos e promessas para um novo estilo de vida, novas perspectivas, novos horizontes, ent\u00e3o <strong>chegamos no melhor momento<\/strong> para avaliarmos como estamos <strong>enfrentando nossos desafios di\u00e1rios, nossos relacionamentos, nossas ang\u00fastias e medos<\/strong>.<\/p>\n\n\n\n<p class=\"has-text-align-left\"><strong>Janeiro Branco<\/strong> serve de alerta para que toda a sociedade reconhe\u00e7a a import\u00e2ncia de cuidarmos da mente, uma vez que fazendo a preven\u00e7\u00e3o ao adoecimento emocional estaremos cuidando tamb\u00e9m do nosso equil\u00edbrio f\u00edsico.<\/p>\n\n\n\n<p class=\"has-text-align-left\">A maneira como voc\u00ea reage \u00e0s mudan\u00e7as, desafios e confrontos ir\u00e1 determinar a qualidade dos seus relacionamentos, j\u00e1 pensou nisso?<\/p>\n\n\n\n<p class=\"has-text-align-left\">O <strong><u>autocuidado<\/u><\/strong> e <strong><u>autoconhecimento<\/u><\/strong> traz a habilidade de manejar as exig\u00eancias do dia a dia. Quando n\u00e3o estamos em harmonia com nossos pensamentos e emo\u00e7\u00f5es entramos em desequil\u00edbrio, diminu\u00edmos nossa imunidade e abrimos portas para as doen\u00e7as, ent\u00e3o cuidar da mente precisa deixar de ser visto como frescura e precisa passar a ser prioridade.<\/p>\n\n\n\n<h2 class=\"wp-block-heading\"><strong>\u00d3timo! E como fazemos isso?<\/strong><\/h2>\n\n\n\n<p class=\"has-text-align-left\">Em primeiro lugar precisamos reconhecer que somos seres \u00fanicos e que nossa forma de viver depende de nossa subjetividade, ou seja, a maneira particular e individual de entender e reconhecer o mundo. Precisamos aceitar e respeitar a diversidade e encontrar nela um caminho para o di\u00e1logo e a conviv\u00eancia.<\/p>\n\n\n\n<ol class=\"wp-block-list\" type=\"1\"><li><strong>Voc\u00ea sabe tudo sobre voc\u00ea?<\/strong><\/li><li><strong>Sabe do que gosta?<\/strong><\/li><li><strong>O que te desagrada?<\/strong><\/li><li><strong>O que te faz feliz?<\/strong><\/li><li><strong>Como voc\u00ea se acalma?<\/strong><\/li><li><strong>Voc\u00ea tem uma perspectiva de futuro alinhada com seus sonhos?<\/strong><\/li><li><strong>Voc\u00ea est\u00e1 vivendo ou sobrevivendo?&nbsp;<\/strong><\/li><\/ol>\n\n\n\n<hr class=\"wp-block-separator has-text-color has-background has-luminous-vivid-amber-background-color has-luminous-vivid-amber-color is-style-dots\"\/>\n\n\n\n<p class=\"has-text-align-left\">Todas essas respostas voc\u00ea encontra dentro de voc\u00ea, mas muitas vezes se faz necess\u00e1rio uma ajudinha.<\/p>\n\n\n\n<h2 class=\"wp-block-heading\">Depois de levantar todas essas quest\u00f5es, vamos pensar nas estrat\u00e9gias?<\/h2>\n\n\n\n<ul class=\"wp-block-list\"><li><strong>Terapia para autoconhecimento<\/strong> \u2013 A terapia \u00e9 indicada para toda e qualquer pessoa que deseja um espa\u00e7o para falar e se ouvir, para compreender seus processos psicol\u00f3gicos, perceber o que est\u00e1 por tr\u00e1s de seus comportamentos e trabalhar os aspectos emocionais que afeta todo ser humano. &nbsp;Ela \u00e9 aliada para quem busca desenvolvimento pessoal e ser uma pessoa melhor a cada dia. Voc\u00ea pode procurar profissionais da \u00e1rea da sa\u00fade em sites ou aplicativos de consulta online como <a href=\"https:\/\/zenklub.com.br\/busca\/\">Zenklub<\/a>, o&nbsp; <a href=\"https:\/\/www.getninjas.com.br\/\">GetNinja<\/a>, recorrer ao conv\u00eanio m\u00e9dico ou procurar atrav\u00e9s de indica\u00e7\u00e3o.<\/li><\/ul>\n\n\n\n<hr class=\"wp-block-separator has-text-color has-background has-luminous-vivid-amber-background-color has-luminous-vivid-amber-color is-style-dots\"\/>\n\n\n\n<h4 class=\"wp-block-heading\">Em nosso <a href=\"https:\/\/colegioprigule.com.br\/\">col\u00e9gio<\/a>, contamos com a parceria da <strong>Psic\u00f3loga Roberta<\/strong>, que realiza atendimentos de aconselhamento terap\u00eautico aos nossos alunos, pais e professores e prop\u00f5e um bate-papo aberto de orienta\u00e7\u00e3o a grupos de pais.&nbsp;<\/h4>\n\n\n\n<hr class=\"wp-block-separator has-text-color has-background has-luminous-vivid-amber-background-color has-luminous-vivid-amber-color is-style-dots\"\/>\n\n\n\n<ul class=\"wp-block-list\"><li><strong>Atividade f\u00edsica<\/strong> para a melhora do sistema imunol\u00f3gico e condicionamento f\u00edsico \u2013 Voc\u00ea pode fazer caminhada, exerc\u00edcios ao ar livre, se exercitar em casa com a ajuda de aplicativos ou v\u00eddeos&nbsp; (youtube), recorrer a academia ou procurar ajuda de um profissional personal trainer.<\/li><li><strong>Alimenta\u00e7\u00e3o saud\u00e1vel <\/strong>\u2013 Uma alimenta\u00e7\u00e3o saud\u00e1vel \u00e9 aquela que garante, principalmente, que seu organismo esteja recebendo todos os nutrientes de que ele precisa. Para ser uma alimenta\u00e7\u00e3o realmente saud\u00e1vel, \u00e9 preciso pensar em variedade, equil\u00edbrio, quantidade e na seguran\u00e7a dos alimentos que est\u00e3o sendo ingeridos. Se poss\u00edvel conte com o acompanhamento nutricional, busque se informar por meio de artigos, livros, consulte v\u00eddeos de especialistas para compor uma alimenta\u00e7\u00e3o mais saud\u00e1vel em seu dia-a-dia. <\/li><\/ul>\n\n\n\n<hr class=\"wp-block-separator has-text-color has-background has-luminous-vivid-amber-background-color has-luminous-vivid-amber-color is-style-dots\"\/>\n\n\n\n<h4 class=\"wp-block-heading\">Em nosso col\u00e9gio temos o servi\u00e7o da <strong>Nutricionista Marlete<\/strong>, que formula o card\u00e1pio da cantina e realiza encontros para auxiliar nossos pais para um estilo de vida mais saud\u00e1vel.&nbsp;&nbsp;<\/h4>\n\n\n\n<hr class=\"wp-block-separator has-text-color has-background has-luminous-vivid-amber-background-color has-luminous-vivid-amber-color is-style-dots\"\/>\n\n\n\n<ul class=\"wp-block-list\"><li><strong>Pr\u00e1ticas de relaxamento<\/strong> como respira\u00e7\u00e3o, medita\u00e7\u00e3o, yoga \u2013 Experimente parar 2 minutos do seu tempo, fechar os olhos e prestar aten\u00e7\u00e3o em sua respira\u00e7\u00e3o. Essa simples a\u00e7\u00e3o j\u00e1 te coloca numa nova frequ\u00eancia de estado emocional. &nbsp;A <strong>Netflix<\/strong> lan\u00e7ou a s\u00e9rie: <strong>Headspace &#8211; Medita\u00e7\u00e3o Guiada<\/strong>, vale a pena conferir! Alguns de nossos professores trabalham essas t\u00e9cnicas em sala de aula com nossos alunos.<\/li><\/ul>\n\n\n\n<ul class=\"wp-block-list\"><li><strong>Momentos de lazer<\/strong> \u2013 Invista no que voc\u00ea gosta! Desfrute do \u00f3cio criativo! Garanta tempo de qualidade ao lado da fam\u00edlia, longe de distra\u00e7\u00f5es como o celular, por exemplo.<\/li><\/ul>\n\n\n\n<hr class=\"wp-block-separator has-text-color has-background has-luminous-vivid-amber-background-color has-luminous-vivid-amber-color is-style-dots\"\/>\n\n\n\n<h4 class=\"wp-block-heading\"><strong>Cada um descobre a sua maneira de reencontrar a harmonia entre a raz\u00e3o e a emo\u00e7\u00e3o, o importante \u00e9 dar o primeiro passo!<\/strong><\/h4>\n\n\n\n<p>Aceita meu convite?<\/p>\n\n\n\n<p>Roberta Carvalho<\/p>\n","protected":false},"excerpt":{"rendered":"<p>A campanha Janeiro Branco \u00e9 uma iniciativa que convida a popula\u00e7\u00e3o a refletir sobre suas vidas. Para ajudar nesta tarefa, convidamos a psic\u00f3loga do col\u00e9gio, Roberta Carvalho, para falar sobre o assunto e trazer algumas dicas para os pais da nossa comunidade escolar!<\/p>\n","protected":false},"author":9,"featured_media":1621,"comment_status":"open","ping_status":"open","sticky":false,"template":"","format":"standard","meta":{"footnotes":""},"categories":[64],"tags":[23,22,19,21,20],"class_list":["post-1280","post","type-post","status-publish","format-standard","has-post-thumbnail","hentry","category-psicologia","tag-janeiro-branco","tag-janeirobranco","tag-saude","tag-saude-emocional","tag-saude-mental"],"_links":{"self":[{"href":"https:\/\/colegioprigule.com.br\/blog\/wp-json\/wp\/v2\/posts\/1280","targetHints":{"allow":["GET"]}}],"collection":[{"href":"https:\/\/colegioprigule.com.br\/blog\/wp-json\/wp\/v2\/posts"}],"about":[{"href":"https:\/\/colegioprigule.com.br\/blog\/wp-json\/wp\/v2\/types\/post"}],"author":[{"embeddable":true,"href":"https:\/\/colegioprigule.com.br\/blog\/wp-json\/wp\/v2\/users\/9"}],"replies":[{"embeddable":true,"href":"https:\/\/colegioprigule.com.br\/blog\/wp-json\/wp\/v2\/comments?post=1280"}],"version-history":[{"count":0,"href":"https:\/\/colegioprigule.com.br\/blog\/wp-json\/wp\/v2\/posts\/1280\/revisions"}],"wp:featuredmedia":[{"embeddable":true,"href":"https:\/\/colegioprigule.com.br\/blog\/wp-json\/wp\/v2\/media\/1621"}],"wp:attachment":[{"href":"https:\/\/colegioprigule.com.br\/blog\/wp-json\/wp\/v2\/media?parent=1280"}],"wp:term":[{"taxonomy":"category","embeddable":true,"href":"https:\/\/colegioprigule.com.br\/blog\/wp-json\/wp\/v2\/categories?post=1280"},{"taxonomy":"post_tag","embeddable":true,"href":"https:\/\/colegioprigule.com.br\/blog\/wp-json\/wp\/v2\/tags?post=1280"}],"curies":[{"name":"wp","href":"https:\/\/api.w.org\/{rel}","templated":true}]}}