{"id":2407,"date":"2021-09-10T15:28:43","date_gmt":"2021-09-10T18:28:43","guid":{"rendered":"https:\/\/www.colegioprigule.com.br\/?p=2407"},"modified":"2022-03-23T13:32:23","modified_gmt":"2022-03-23T16:32:23","slug":"suicidio-setembro-amarelo-vida","status":"publish","type":"post","link":"https:\/\/colegioprigule.com.br\/blog\/suicidio-setembro-amarelo-vida\/","title":{"rendered":"No Dia Mundial do Combate ao Suic\u00eddio, vamos falar sobre a vida?"},"content":{"rendered":"\n<p>No <strong>Dia Mundial do Combate ao Suic\u00eddio<\/strong>, convidamos o nosso orientador educacional<strong> Bruno Moreira <\/strong>para falar acerca dessa tem\u00e1tica t\u00e3o pertinente para a nossa sociedade. A seguir, uma reflex\u00e3o breve sobre o tema:<\/p>\n\n\n\n<p>Quem visa o suic\u00eddio n\u00e3o quer acabar com a vida, mas sim com o problema existente nela. Portanto, \u00e9 primordial partirmos desse ponto para considerar a devida problem\u00e1tica diante a condi\u00e7\u00e3o que o ato suicida implica no sujeito.<\/p>\n\n\n\n<h3 class=\"wp-block-heading\">Segundo a <a href=\"https:\/\/www.paho.org\/pt\/topicos\/suicidio\">OMS\/OPAS<\/a>:<\/h3>\n\n\n\n<ul class=\"wp-block-list\"><li>Cerca de 800 mil pessoas morrem por suic\u00eddio todos os anos;<\/li><li>Para cada suic\u00eddio, h\u00e1 muito mais pessoas que tentam o suic\u00eddio a cada ano. A tentativa pr\u00e9via \u00e9 o fator de risco mais importante para o suic\u00eddio na popula\u00e7\u00e3o em geral;<\/li><li>O suic\u00eddio \u00e9 a segunda principal causa de morte entre jovens com idade entre 15 e 29 anos;<\/li><li>79% dos suic\u00eddios no mundo ocorrem em pa\u00edses de baixa e m\u00e9dia renda.<\/li><\/ul>\n\n\n\n<p>Contudo, a cada ano, cerca de <strong>800 mil pessoas <\/strong>tiram a pr\u00f3pria vida e um n\u00famero ainda maior de indiv\u00edduos tenta suic\u00eddio. Por isso, cada suic\u00eddio \u00e9 uma trag\u00e9dia que afeta fam\u00edlias, comunidades e pa\u00edses inteiros e tem efeitos duradouros sobre as pessoas deixadas para tr\u00e1s. No entanto, o suic\u00eddio ocorre durante todo o curso de vida e foi a segunda principal causa de morte entre <strong>jovens de 15 a 29 anos <\/strong>em todo o mundo no ano de 2016.<\/p>\n\n\n\n<p>Todavia, a depress\u00e3o \u00e9 resultado de uma complexa intera\u00e7\u00e3o de fatores sociais, psicol\u00f3gicos e biol\u00f3gicos. Por isso, pessoas que passaram por eventos adversos durante a vida como desemprego, luto, trauma psicol\u00f3gico, s\u00e3o mais propensas a desenvolver depress\u00e3o.<\/p>\n\n\n\n<p>No Brasil, os dados de \u00f3bitos por suic\u00eddio apontam para um crescimento cont\u00ednuo nas \u00faltimas d\u00e9cadas. Entre 1980 e 2000, houve o aumento de 21% na taxa de mortes, sendo que os valores foram de duas a quatro vezes maiores entre os homens (Mello-Santos, Bertolotte, &amp; Wang, 2005). <\/p>\n\n\n\n<p>O relat\u00f3rio da <strong>Organiza\u00e7\u00e3o Mundial de Sa\u00fade (Organizaci\u00f3n Mundial de la Salud [OMS], 2014)<\/strong>, que analisa os dados de mortes por suic\u00eddio em 172 na\u00e7\u00f5es, assinala que entre os anos 2000 e 2012, houve um crescimento de 10,4% no Brasil, com as maiores taxas entre os homens. <\/p>\n\n\n\n<p>Al\u00e9m disso, o documento tamb\u00e9m exibe os valores absolutos de 2012, com 9.198 mortes de homens e 2.623 de mulheres. Os dados nacionais foram atualizados por um boletim epidemiol\u00f3gico produzido pelo Minist\u00e9rio da Sa\u00fade.<\/p>\n\n\n\n<p>Al\u00e9m do mais, no boletim epidemiol\u00f3gico <strong>(Minist\u00e9rio da Sa\u00fade, 2017b)<\/strong> supracitado, tamb\u00e9m foram apresentados os dados referentes \u00e0s tentativas de suic\u00eddio no pa\u00eds, pois, com informa\u00e7\u00f5es provenientes do <strong>Sistema de Informa\u00e7\u00e3o de Agravo de Notifica\u00e7\u00e3o (Sinan)<\/strong>, foi observado, no intervalo entre 2011 e 2016, que o n\u00famero de tentativas registradas de mulheres (69%) superou o dobro do total de homens (31%).<\/p>\n\n\n\n<h3 class=\"wp-block-heading\">De acordo com os dados da <strong>Secretaria de Estado de Sa\u00fade do Distrito Federal (SES-DF)<\/strong><\/h3>\n\n\n\n<figure class=\"wp-block-image size-large is-resized\"><img fetchpriority=\"high\" decoding=\"async\" src=\"https:\/\/www.colegioprigule.com.br\/wp-content\/uploads\/2021\/09\/image.png\" alt=\"\" class=\"wp-image-2410\" width=\"403\" height=\"135\" srcset=\"https:\/\/colegioprigule.com.br\/blog\/wp-content\/uploads\/2021\/09\/image.png 335w, https:\/\/colegioprigule.com.br\/blog\/wp-content\/uploads\/2021\/09\/image-300x100.png 300w\" sizes=\"(max-width: 403px) 100vw, 403px\" \/><\/figure>\n\n\n\n<p>Segundo <strong>Andr\u00e9 Gordilho<\/strong>, a depress\u00e3o \u00e9 um dos principais respons\u00e1veis pelo \u00edndice de suic\u00eddios. Acredita-se que 70% dos suic\u00eddios s\u00e3o decorrentes de transtornos de humor (depress\u00e3o, transtorno bipolar, transtorno dist\u00edmico, etc.). O Brasil vem apresentando aumento consider\u00e1vel no diagnostico de ansiedade e concomitantemente a depress\u00e3o, que n\u00e3o atoa, formam uma dupla din\u00e2mica no adoecimento do sujeito.<\/p>\n\n\n\n<h3 class=\"wp-block-heading\">Dois pontos s\u00e3o considerados no processo de ansiedade.<\/h3>\n\n\n\n<p>O primeiro se deve a baixa capacidade de aprecia\u00e7\u00e3o do t\u00e9dio\/\u00f3cio (\u00e9 aquele momento em que voc\u00ea abre m\u00e3o de pegar no seu celular enquanto aproveita a paisagem da viagem), devido a uma alta demanda do nosso sistema de mercado que visa alta produtividade, considerando o que est\u00e1 fora da produtividade como \u201cTEMPO PERDIDO\u201d. &nbsp;(Esse tempo perdido pode tamb\u00e9m ser lido como Tempo vivido!)*<\/p>\n\n\n\n<p>Tamb\u00e9m produzimos ansiedade por dispormos de cabedal tecnol\u00f3gico capaz de saciar nossas demandas imediatistas como, por exemplo, todos os epis\u00f3dios daquela serie in-cr\u00ed-vel na tranquilidade convidativa de um app que inicia o pr\u00f3ximo capitulo em 5.. 4.. 3&#8230; \u201cBoom\u201d, da\u00ed com tanta felicidade em lidar com suas vontades no rigor do seu desejo, no seu tempo, do seu modo, no conforto do seu sof\u00e1. <\/p>\n\n\n\n<p>Vem o mundo real antagonizar essa experi\u00eancia ao convite de lidar com o outro, que possui capacidade inigual\u00e1vel para nos surpreender ou para nos frustrar a depender da dose com que se planeja controlar aquilo que n\u00e3o \u00e9 voc\u00ea.<\/p>\n\n\n\n<p>Diante desse triste par, podemos considerar o seguinte esquema: ansiedade como demasiada expectativa frente ao futuro (que sempre dar\u00e1 seu jeito de ser incerto diante as nossas idealiza\u00e7\u00f5es) e ao passado como um ba\u00fa de expectativas idealizadas e n\u00e3o conclu\u00eddas.<\/p>\n\n\n\n<p>Resultado? Futuro rigorosamente idealizado, propiciando ansiedade e passado costumeiramente frustrado decorrente da angustia pelo que sonhou e n\u00e3o conseguiu realizar.<\/p>\n\n\n\n<p>O que surge a partir disso? Sujeitos potencialmente ap\u00e1ticos pelo desconhecimento do que s\u00e3o: humanos fal\u00edveis, mas tamb\u00e9m capazes de criar destinos mais palp\u00e1veis e menos idealizados.<\/p>\n\n\n\n<h3 class=\"wp-block-heading\"><strong>Dica 1<\/strong>: O que podemos considerar a partir da\u00ed?<\/h3>\n\n\n\n<p>Parcim\u00f4nia ao considerar os projetos e processos da nossa vida. Com isso, gera-se uma contempla\u00e7\u00e3o do sujeito em uma maior integralidade, capaz de avali\u00e1-lo n\u00e3o apenas pelo que produziu, mas tamb\u00e9m pelo percurso que tomou, o que sentiu, o que pode fazer de diferente.<\/p>\n\n\n\n<p>Reconhecer seu lugar no tempo e espa\u00e7o com um saber compreensivo ao que voc\u00ea viveu de experi\u00eancia no passado, n\u00e3o comparando-o com o seu eu mais atualizado e consciente do que poderia ter realizado de melhor.<\/p>\n\n\n\n<p>Necessitamos de maior amorosidade para menor morosidade diante aos desdobramentos da vida. \u00c9 aquele famoso. Um dia de cada vez ou 1% melhor a cada dia.<\/p>\n\n\n\n<p>Outro fator que os dados apontam, est\u00e1 no \u00edndice elevado de suic\u00eddios com homens chegando a quase triplicar em rela\u00e7\u00e3o \u00e0s mulheres.<\/p>\n\n\n\n<p>Um dos pontos est\u00e1 na maneira abrupta com que o homem define seu modo de suicidar. Outro agravante sintomatol\u00f3gico est\u00e1 na cultura que ainda privilegia \u201co estereotipo do homem casca grossa\u201d.<\/p>\n\n\n\n<h3 class=\"wp-block-heading\"><strong>Dica 2<\/strong>:  Para isso, o rem\u00e9dio muitas vezes pode estar no espa\u00e7o para dialogar verdadeiramente sobre emo\u00e7\u00f5es e vulnerabilidades, que perpassam a experi\u00eancia masculina. &nbsp;&nbsp;<\/h3>\n\n\n\n<p>Seguindo a aposta de falar sobre o que nos aflige: tamb\u00e9m podemos contar com a institui\u00e7\u00e3o CVV (Centro de Valoriza\u00e7\u00e3o da Vida) que funciona 24 horas por dia, todos os dias da semana, garantindo a possibilidade de fala. (Tel: 188)<\/p>\n\n\n\n<p><strong>Texto: Bruno Moreira &#8211; <strong>Orientador Educacional<\/strong><\/strong><\/p>\n","protected":false},"excerpt":{"rendered":"<p>No Dia Mundial do Combate ao Suic\u00eddio, convidamos o nosso orientador educacional Bruno Moreira para falar acerca dessa tem\u00e1tica t\u00e3o pertinente para a nossa sociedade. A seguir, uma reflex\u00e3o breve sobre o tema: Quem visa o suic\u00eddio n\u00e3o quer acabar com a vida, mas sim com o problema existente nela. Portanto, \u00e9 primordial partirmos desse [&hellip;]<\/p>\n","protected":false},"author":11,"featured_media":3023,"comment_status":"open","ping_status":"open","sticky":true,"template":"","format":"standard","meta":{"footnotes":""},"categories":[64],"tags":[56,57],"class_list":["post-2407","post","type-post","status-publish","format-standard","has-post-thumbnail","hentry","category-psicologia","tag-colegioprigule-3","tag-setembroamarelo"],"_links":{"self":[{"href":"https:\/\/colegioprigule.com.br\/blog\/wp-json\/wp\/v2\/posts\/2407","targetHints":{"allow":["GET"]}}],"collection":[{"href":"https:\/\/colegioprigule.com.br\/blog\/wp-json\/wp\/v2\/posts"}],"about":[{"href":"https:\/\/colegioprigule.com.br\/blog\/wp-json\/wp\/v2\/types\/post"}],"author":[{"embeddable":true,"href":"https:\/\/colegioprigule.com.br\/blog\/wp-json\/wp\/v2\/users\/11"}],"replies":[{"embeddable":true,"href":"https:\/\/colegioprigule.com.br\/blog\/wp-json\/wp\/v2\/comments?post=2407"}],"version-history":[{"count":0,"href":"https:\/\/colegioprigule.com.br\/blog\/wp-json\/wp\/v2\/posts\/2407\/revisions"}],"wp:featuredmedia":[{"embeddable":true,"href":"https:\/\/colegioprigule.com.br\/blog\/wp-json\/wp\/v2\/media\/3023"}],"wp:attachment":[{"href":"https:\/\/colegioprigule.com.br\/blog\/wp-json\/wp\/v2\/media?parent=2407"}],"wp:term":[{"taxonomy":"category","embeddable":true,"href":"https:\/\/colegioprigule.com.br\/blog\/wp-json\/wp\/v2\/categories?post=2407"},{"taxonomy":"post_tag","embeddable":true,"href":"https:\/\/colegioprigule.com.br\/blog\/wp-json\/wp\/v2\/tags?post=2407"}],"curies":[{"name":"wp","href":"https:\/\/api.w.org\/{rel}","templated":true}]}}