{"id":2439,"date":"2021-09-22T14:45:11","date_gmt":"2021-09-22T17:45:11","guid":{"rendered":"https:\/\/www.colegioprigule.com.br\/?p=2439"},"modified":"2022-03-23T13:11:39","modified_gmt":"2022-03-23T16:11:39","slug":"dialogo-saude-mental-jovens","status":"publish","type":"post","link":"https:\/\/colegioprigule.com.br\/blog\/dialogo-saude-mental-jovens\/","title":{"rendered":"Setembro Amarelo: O di\u00e1logo como caminho para cuidar da sa\u00fade mental dos jovens"},"content":{"rendered":"\n<p>Dando continuidade aos <a href=\"https:\/\/www.colegioprigule.com.br\/suicidio-setembro-amarelo-vida\/\">assuntos trabalhados<\/a> nesse <strong>Setembro Amarelo<\/strong>, convidamos nossa <strong>psic\u00f3loga Roberta Carvalho <\/strong>para discutirmos sobre a<strong> sa\u00fade mental <\/strong>de nossas crian\u00e7as e adolescentes atrav\u00e9s do<strong> di\u00e1logo <\/strong>como melhor caminho para essa jornada. Confira:<\/p>\n\n\n\n<p>Sa\u00fade Mental \u00e9 um termo muito utilizado ultimamente! Mas, voc\u00ea j\u00e1 parou para pensar o que realmente significa? J\u00e1 parou para pensar sobre a SUA sa\u00fade mental? J\u00e1 parou para pensar que sa\u00fade n\u00e3o pode ser&nbsp;vista,&nbsp;apenas, como aus\u00eancia de doen\u00e7a?!&nbsp;<\/p>\n\n\n\n<h2 class=\"wp-block-heading\">Como vai sua vida f\u00edsica, emocional, social e espiritual nesse momento?&nbsp;<\/h2>\n\n\n\n<p>Suas ideias e sentimentos andam em harmonia?&nbsp;<\/p>\n\n\n\n<p>Na verdade,&nbsp;nossa sa\u00fade mental depende de como lidamos com nossas emo\u00e7\u00f5es. Al\u00e9m disso, \u00e9 termos consci\u00eancia dos nossos anseios e limita\u00e7\u00f5es, \u00e9 termos equil\u00edbrio em todos os setores da vida e mais, \u00e9 sabermos como e onde pedir ajuda.&nbsp;<\/p>\n\n\n\n<p>Segundo a <strong><a href=\"https:\/\/www.paho.org\/pt\/brasil\">Organiza\u00e7\u00e3o Pan Americana de Sa\u00fade (Opas)<\/a><\/strong>, metade de todas as condi\u00e7\u00f5es de sa\u00fade mental come\u00e7am aos 14 anos de idade, mas a maioria dos casos n\u00e3o \u00e9 detectada, nem tratada.&nbsp;<\/p>\n\n\n\n<p>Infelizmente, a <strong>ABP (Associa\u00e7\u00e3o Brasileira de Psiquiatria)<\/strong> afirma que a popula\u00e7\u00e3o que comete suic\u00eddio est\u00e1 cada vez mais jovem, uma vez que a maioria dos transtornos podem ter in\u00edcio na inf\u00e2ncia e adolesc\u00eancia.&nbsp;&nbsp;<\/p>\n\n\n\n<p>Ent\u00e3o, como abordar o tema com nossas crian\u00e7as? Elas conseguem verbalizar com clareza o que pensam e sentem? Nem sempre!!<\/p>\n\n\n\n<p>\u00c9 poss\u00edvel perceber a diferen\u00e7a entre comportamentos t\u00edpicos da idade, daquele, de quando alguma coisa n\u00e3o vai bem com nossos filhos? Sim!!<\/p>\n\n\n\n<p>O mais importante \u00e9 observar as mudan\u00e7as de comportamento. Existem sinais claros de que um sofrimento pode ter se instalado desde a tenra idade, como por exemplo, isolamento social, irritabilidade, tristeza, queda no rendimento escolar, medos e ansiedades exagerados, entre outros.&nbsp;<\/p>\n\n\n\n<p>Mas, acima de tudo, aproxime-se da crian\u00e7a ou adolescente sem julgamentos, converse, pergunte, n\u00e3o tenha medo de \u201ctocar nas feridas\u201d, e, principalmente, n\u00e3o desmere\u00e7a os sentimentos deles. O di\u00e1logo \u00e9 o melhor caminho!!&nbsp;&nbsp;<\/p>\n\n\n\n<p>Aproveitando o&nbsp;<strong>Setembro&nbsp;Amarelo<\/strong> para lembrar que, \u00e0s vezes, a vida fica muito complicada, mas que voc\u00ea n\u00e3o precisa levar tudo, nos ombros, sozinho. Falar sobre os problemas com profissionais especializados ir\u00e1 te ajudar a encontrar sa\u00eddas para as dores mais profundas!&nbsp;&nbsp;<\/p>\n\n\n\n<p>Conte conosco!&nbsp;<\/p>\n","protected":false},"excerpt":{"rendered":"<p>Nesse Setembro Amarelo, precisamos ter um olhar mais atento para as nossas crian\u00e7as e adolescentes atrav\u00e9s do di\u00e1logo como melhor caminho.<\/p>\n","protected":false},"author":9,"featured_media":2462,"comment_status":"open","ping_status":"open","sticky":true,"template":"","format":"standard","meta":{"footnotes":""},"categories":[64],"tags":[61,56,62,60,59,57],"class_list":["post-2439","post","type-post","status-publish","format-standard","has-post-thumbnail","hentry","category-psicologia","tag-adolescentes","tag-colegioprigule-3","tag-criancas","tag-jovens","tag-saudemental","tag-setembroamarelo"],"_links":{"self":[{"href":"https:\/\/colegioprigule.com.br\/blog\/wp-json\/wp\/v2\/posts\/2439","targetHints":{"allow":["GET"]}}],"collection":[{"href":"https:\/\/colegioprigule.com.br\/blog\/wp-json\/wp\/v2\/posts"}],"about":[{"href":"https:\/\/colegioprigule.com.br\/blog\/wp-json\/wp\/v2\/types\/post"}],"author":[{"embeddable":true,"href":"https:\/\/colegioprigule.com.br\/blog\/wp-json\/wp\/v2\/users\/9"}],"replies":[{"embeddable":true,"href":"https:\/\/colegioprigule.com.br\/blog\/wp-json\/wp\/v2\/comments?post=2439"}],"version-history":[{"count":0,"href":"https:\/\/colegioprigule.com.br\/blog\/wp-json\/wp\/v2\/posts\/2439\/revisions"}],"wp:featuredmedia":[{"embeddable":true,"href":"https:\/\/colegioprigule.com.br\/blog\/wp-json\/wp\/v2\/media\/2462"}],"wp:attachment":[{"href":"https:\/\/colegioprigule.com.br\/blog\/wp-json\/wp\/v2\/media?parent=2439"}],"wp:term":[{"taxonomy":"category","embeddable":true,"href":"https:\/\/colegioprigule.com.br\/blog\/wp-json\/wp\/v2\/categories?post=2439"},{"taxonomy":"post_tag","embeddable":true,"href":"https:\/\/colegioprigule.com.br\/blog\/wp-json\/wp\/v2\/tags?post=2439"}],"curies":[{"name":"wp","href":"https:\/\/api.w.org\/{rel}","templated":true}]}}