{"id":3184,"date":"2022-04-05T17:41:42","date_gmt":"2022-04-05T20:41:42","guid":{"rendered":"https:\/\/colegioprigule.com.br\/?p=3184"},"modified":"2022-04-06T14:41:58","modified_gmt":"2022-04-06T17:41:58","slug":"dicas-praticas-para-ajudar-seu-filho-a-ir-bem-na-escola","status":"publish","type":"post","link":"https:\/\/colegioprigule.com.br\/blog\/dicas-praticas-para-ajudar-seu-filho-a-ir-bem-na-escola\/","title":{"rendered":"Dicas pr\u00e1ticas para ajudar seu filho a ir bem na escola"},"content":{"rendered":"\t\t<div data-elementor-type=\"wp-post\" data-elementor-id=\"3184\" class=\"elementor elementor-3184\" data-elementor-post-type=\"post\">\n\t\t\t\t\t\t<section class=\"elementor-section elementor-top-section elementor-element elementor-element-1a2df4fb elementor-section-boxed elementor-section-height-default elementor-section-height-default\" data-id=\"1a2df4fb\" data-element_type=\"section\" data-e-type=\"section\">\n\t\t\t\t\t\t<div class=\"elementor-container elementor-column-gap-default\">\n\t\t\t\t\t<div class=\"elementor-column elementor-col-100 elementor-top-column elementor-element elementor-element-4c0f117a\" data-id=\"4c0f117a\" data-element_type=\"column\" data-e-type=\"column\">\n\t\t\t<div class=\"elementor-widget-wrap elementor-element-populated\">\n\t\t\t\t\t\t<div class=\"elementor-element elementor-element-2c08416c elementor-widget elementor-widget-text-editor\" data-id=\"2c08416c\" data-element_type=\"widget\" data-e-type=\"widget\" data-widget_type=\"text-editor.default\">\n\t\t\t\t<div class=\"elementor-widget-container\">\n\t\t\t\t\t\t\t\t\t<p><\/p>\n<p>Dando continuidade ao nosso trabalho junto ao <a href=\"https:\/\/metodologia.opee.com.br\/\">material da OPEE<\/a>, a psic\u00f3loga Roberta Carvalho, indica o podcast: <strong>5 dicas pr\u00e1ticas para ajudar seu filho a ir bem na escola, <\/strong>(dispon\u00edvel no app Escola para Pais), tema do \u00faltimo bate-papo com a psic\u00f3loga, realizado na ter\u00e7a-feira, 05\/04.<br \/><br \/><\/p>\n<p><\/p>\n<p><\/p>\n<p>Voc\u00ea j\u00e1 parou para pensar que todos n\u00f3s queremos nos dar bem? Que \u00e9 natural encontrarmos caminhos para conquistarmos um objetivo? Ser\u00e1 que existe f\u00f3rmula m\u00e1gica pra isso? Claro que n\u00e3o!<br \/><br \/><\/p>\n<p><\/p>\n<p><\/p>\n<h5 class=\"wp-block-heading\"><b>Segundo o psic\u00f3logo <a href=\"https:\/\/leofraiman.com.br\/\">Leo Fraiman<\/a>, \u00e9 preciso unir conhecimento e arte&#8230;<\/b><\/h5>\n<p><\/p>\n<p><\/p>\n<p>Sim, isso mesmo&#8230;.precisamos de <strong>conhecimentos <\/strong>cient\u00edficos <strong>associados a espontaneidade<\/strong>, ou seja,<strong> nosso jeito de ver<\/strong>, <strong>sentir<\/strong> e <strong>entender as coisas<\/strong>. E mais, al\u00e9m de nos dar bem, temos o dever de fazer o bem!<br \/><br \/><\/p>\n<p><\/p>\n<p><\/p>\n<p>Voc\u00ea observou como tem resolvido seu dia a dia e programado seu futuro? Com nossos filhos e nossa fam\u00edlia n\u00e3o \u00e9 diferente, ou seja, necessitamos nos aparelhar de informa\u00e7\u00f5es, dicas, livros, debates e tamb\u00e9m temos que ouvir a opini\u00e3o e os desejos das crian\u00e7as e de todos os integrantes da fam\u00edlia&#8230; S\u00f3 assim poderemos ajustar o que precisa ser feito com a melhor forma de se fazer.<br \/><br \/><\/p>\n<p><\/p>\n<p><\/p>\n<p>O mundo est\u00e1 muito corrido, queremos tudo pra ontem. Aceleramos o \u00e1udio do WhatsApp porque n\u00e3o temos paci\u00eancia para ouvir, comemos no <em>drive-thru<\/em> porque precisamos voltar para o escrit\u00f3rio, esperamos virar filme aquela hist\u00f3ria longa porque n\u00e3o encontramos tempo para ler&#8230;<br \/><br \/><\/p>\n<p><\/p>\n<p><\/p>\n<p>Seja como for, tudo isso e muito mais mostra que essa correria toda pode estar nos afastando de nossa ess\u00eancia, pode nos tornar ego\u00edstas demais. Nesse sentido, o que pode ser mais nocivo \u00e9 dizer para nossos filhos que o mais importante \u00e9 a <strong>linha de chegada<\/strong>, esquecendo que <strong>o mais importante<\/strong> <strong>\u00e9 o caminho que percorremos<\/strong>.<\/p>\n<p><span style=\"color: var( --e-global-color-text ); letter-spacing: 0.2px;\">\u00a0<\/span><\/p>\n<h5><span style=\"color: var( --e-global-color-text ); letter-spacing: 0.2px;\">Dessa maneira <\/span><strong style=\"color: var( --e-global-color-text ); letter-spacing: 0.2px;\">n\u00e3o valorizamos os processos<\/strong><span style=\"color: var( --e-global-color-text ); letter-spacing: 0.2px;\">, <\/span><strong style=\"color: var( --e-global-color-text ); letter-spacing: 0.2px;\">apenas <\/strong><span style=\"color: var( --e-global-color-text ); letter-spacing: 0.2px;\">os <\/span><strong style=\"color: var( --e-global-color-text ); letter-spacing: 0.2px;\">resultados<\/strong><span style=\"color: var( --e-global-color-text ); letter-spacing: 0.2px;\">.<br \/><br \/><\/span><\/h5>\n<p><\/p>\n<p><\/p>\n<p>O podcast &#8220;5 dicas pr\u00e1ticas para ajudar seu filho a ir bem na escola&#8221;, dispon\u00edvel no aplicativo <a href=\"https:\/\/play.google.com\/store\/apps\/details?id=com.escolaparapaisopee&amp;hl=pt_BR&amp;gl=US\">Escola para Pais<\/a>, do nosso parceiro OPEE, \u00e9 um alerta para nossa pr\u00e1tica em fam\u00edlia. Nada adianta termos conhecimentos t\u00e9cnicos se n\u00e3o tivermos sabedoria para coloc\u00e1-los em pr\u00e1tica. E \u00e9 aqui que entra o \u201cse dar bem se eu fizer para o bem\u201d.<br \/><br \/><\/p>\n<p><\/p>\n<p><\/p>\n<p><strong>N\u00e3o podemos<\/strong> separar os <strong>conhecimentos formais<\/strong> da escola dos <strong>conhecimentos socioemocionais<\/strong>, assim como no trabalho, pouco adianta excelentes <em>hard skills<\/em> sem as <em>soft skills<\/em>, n\u00e3o \u00e9 mesmo?!<br \/><br \/><\/p>\n<p><\/p>\n<p><\/p>\n<h5 class=\"wp-block-heading\"><b>O que podemos fazer para desenvolver boas pr\u00e1ticas de estudo em casa?<\/b><\/h5>\n<p><\/p>\n<p><\/p>\n<p>Bom, tivemos dois anos para entender que a nossa casa pode ser a continuidade da escola, o lugar sagrado para a espiritualidade, o escrit\u00f3rio, a academia e at\u00e9 o <em>happy hour<\/em> com os amigos, mas n\u00e3o foi f\u00e1cil, foi preciso muita organiza\u00e7\u00e3o, reorganiza\u00e7\u00e3o, conversas e perseveran\u00e7a.<br \/><br \/><\/p>\n<p><\/p>\n<p><\/p>\n<p>Ent\u00e3o, a partir de nossas viv\u00eancias ficamos aptos e provavelmente mais efetivos nas decis\u00f5es e pr\u00e1ticas di\u00e1rias&#8230;aproveite isso&#8230;mostre pro seu filho o quanto \u00e9 importante:<br \/><br \/><\/p>\n<p><\/p>\n<p><\/p>\n<ul class=\"wp-block-list\">\n<li>Ter organiza\u00e7\u00e3o<\/li>\n<li>Planejamento di\u00e1rio<\/li>\n<li>Rotina<\/li>\n<li>Considerar todos os tipos de aprendizados<\/li>\n<li>Disciplina<\/li>\n<li>Respeito<\/li>\n<li>Perseveran\u00e7a<\/li>\n<li>Trabalho em equipe<\/li>\n<li>Boa vontade<br \/><br \/><\/li>\n<\/ul>\n<p><\/p>\n<p><\/p>\n<p>Dessa forma, convidamos, voc\u00ea, a dividir conosco suas experi\u00eancias, suas dicas e como voc\u00ea tem realizado suas tarefas, o que tem feito para se dar bem, ter bons resultados e principalmente ser feliz!<br \/><br \/><\/p>\n<p>O\u00a0<strong>Bate-papo com a Psic\u00f3loga<\/strong>\u00a0acontece toda 1\u00aa ter\u00e7a-feira do m\u00eas, \u00e0s 7:30 da manh\u00e3, no col\u00e9gio e\/ou via Google Meet.<\/p>\n<p>\u00a0<\/p>\n<p><strong>PR\u00d3XIMOS ENCONTROS:<\/strong><\/p>\n<p><\/p>\t\t\t\t\t\t\t\t<\/div>\n\t\t\t\t<\/div>\n\t\t\t\t\t<\/div>\n\t\t<\/div>\n\t\t\t\t\t<\/div>\n\t\t<\/section>\n\t\t\t\t<section class=\"elementor-section elementor-top-section elementor-element elementor-element-84ac533 elementor-section-boxed elementor-section-height-default elementor-section-height-default\" data-id=\"84ac533\" data-element_type=\"section\" data-e-type=\"section\">\n\t\t\t\t\t\t<div class=\"elementor-container elementor-column-gap-default\">\n\t\t\t\t\t<div class=\"elementor-column elementor-col-100 elementor-top-column elementor-element elementor-element-886076c\" data-id=\"886076c\" data-element_type=\"column\" data-e-type=\"column\">\n\t\t\t<div class=\"elementor-widget-wrap elementor-element-populated\">\n\t\t\t\t\t\t<div class=\"elementor-element elementor-element-e961432 elementor-widget elementor-widget-image\" data-id=\"e961432\" data-element_type=\"widget\" data-e-type=\"widget\" data-widget_type=\"image.default\">\n\t\t\t\t<div class=\"elementor-widget-container\">\n\t\t\t\t\t\t\t\t\t\t\t\t\t\t\t<img decoding=\"async\" src=\"https:\/\/colegioprigule.com.br\/blog\/wp-content\/uploads\/2022\/03\/Colorful-Modern-Minimalist-with-3d-Kids-Illustration-and-Quotes-2022-Calendar.png\" title=\"\" alt=\"Foto da psic\u00f3loga roberta com datas dos pr\u00f3ximos bate-papos\" loading=\"lazy\" \/>\t\t\t\t\t\t\t\t\t\t\t\t\t\t\t<\/div>\n\t\t\t\t<\/div>\n\t\t\t\t\t<\/div>\n\t\t<\/div>\n\t\t\t\t\t<\/div>\n\t\t<\/section>\n\t\t\t\t<\/div>\n\t\t","protected":false},"excerpt":{"rendered":"<p>Dando continuidade ao nosso trabalho junto ao material da OPEE, a psic\u00f3loga Roberta Carvalho, indica o podcast: 5 dicas pr\u00e1ticas para ajudar seu filho a ir bem na escola, (dispon\u00edvel no app Escola para Pais), tema do \u00faltimo bate-papo com a psic\u00f3loga, realizado na ter\u00e7a-feira, 05\/04. Voc\u00ea j\u00e1 parou para pensar que todos n\u00f3s queremos [&hellip;]<\/p>\n","protected":false},"author":9,"featured_media":3202,"comment_status":"open","ping_status":"closed","sticky":false,"template":"","format":"standard","meta":{"footnotes":""},"categories":[64],"tags":[],"class_list":["post-3184","post","type-post","status-publish","format-standard","has-post-thumbnail","hentry","category-psicologia"],"_links":{"self":[{"href":"https:\/\/colegioprigule.com.br\/blog\/wp-json\/wp\/v2\/posts\/3184","targetHints":{"allow":["GET"]}}],"collection":[{"href":"https:\/\/colegioprigule.com.br\/blog\/wp-json\/wp\/v2\/posts"}],"about":[{"href":"https:\/\/colegioprigule.com.br\/blog\/wp-json\/wp\/v2\/types\/post"}],"author":[{"embeddable":true,"href":"https:\/\/colegioprigule.com.br\/blog\/wp-json\/wp\/v2\/users\/9"}],"replies":[{"embeddable":true,"href":"https:\/\/colegioprigule.com.br\/blog\/wp-json\/wp\/v2\/comments?post=3184"}],"version-history":[{"count":0,"href":"https:\/\/colegioprigule.com.br\/blog\/wp-json\/wp\/v2\/posts\/3184\/revisions"}],"wp:featuredmedia":[{"embeddable":true,"href":"https:\/\/colegioprigule.com.br\/blog\/wp-json\/wp\/v2\/media\/3202"}],"wp:attachment":[{"href":"https:\/\/colegioprigule.com.br\/blog\/wp-json\/wp\/v2\/media?parent=3184"}],"wp:term":[{"taxonomy":"category","embeddable":true,"href":"https:\/\/colegioprigule.com.br\/blog\/wp-json\/wp\/v2\/categories?post=3184"},{"taxonomy":"post_tag","embeddable":true,"href":"https:\/\/colegioprigule.com.br\/blog\/wp-json\/wp\/v2\/tags?post=3184"}],"curies":[{"name":"wp","href":"https:\/\/api.w.org\/{rel}","templated":true}]}}