{"id":7192,"date":"2024-05-27T11:49:42","date_gmt":"2024-05-27T14:49:42","guid":{"rendered":"https:\/\/colegioprigule.com.br\/?p=7192"},"modified":"2024-05-27T11:59:40","modified_gmt":"2024-05-27T14:59:40","slug":"o-valor-do-estimulo-ao-aprendizado-fora-do-ambiente-escolar","status":"publish","type":"post","link":"https:\/\/colegioprigule.com.br\/blog\/o-valor-do-estimulo-ao-aprendizado-fora-do-ambiente-escolar\/","title":{"rendered":"O est\u00edmulo ao aprendizado fora do ambiente escolar"},"content":{"rendered":"\t\t<div data-elementor-type=\"wp-post\" data-elementor-id=\"7192\" class=\"elementor elementor-7192\" data-elementor-post-type=\"post\">\n\t\t\t\t\t\t<section class=\"elementor-section elementor-top-section elementor-element elementor-element-563b3fcc elementor-section-boxed elementor-section-height-default elementor-section-height-default\" data-id=\"563b3fcc\" data-element_type=\"section\" data-e-type=\"section\">\n\t\t\t\t\t\t<div class=\"elementor-container elementor-column-gap-default\">\n\t\t\t\t\t<div class=\"elementor-column elementor-col-100 elementor-top-column elementor-element elementor-element-204cc26d\" data-id=\"204cc26d\" data-element_type=\"column\" data-e-type=\"column\">\n\t\t\t<div class=\"elementor-widget-wrap elementor-element-populated\">\n\t\t\t\t\t\t<div class=\"elementor-element elementor-element-55a7f28 elementor-widget elementor-widget-heading\" data-id=\"55a7f28\" data-element_type=\"widget\" data-e-type=\"widget\" data-widget_type=\"heading.default\">\n\t\t\t\t<div class=\"elementor-widget-container\">\n\t\t\t\t\t<h2 class=\"elementor-heading-title elementor-size-default\">Os benef\u00edcios do aprendizado em ambientes diversos<\/h2>\t\t\t\t<\/div>\n\t\t\t\t<\/div>\n\t\t\t\t<div class=\"elementor-element elementor-element-3c8c08cd elementor-widget elementor-widget-text-editor\" data-id=\"3c8c08cd\" data-element_type=\"widget\" data-e-type=\"widget\" data-widget_type=\"text-editor.default\">\n\t\t\t\t<div class=\"elementor-widget-container\">\n\t\t\t\t\t\t\t\t\t<p><span style=\"letter-spacing: 0.2px;\">Ao proporcionar oportunidades de aprendizado em contextos diversos, as crian\u00e7as e adolescentes t\u00eam a chance de <b>explorar novos interesses<\/b>, <b>desenvolver habilidades pr\u00e1ticas<\/b>, <b>ampliar seu repert\u00f3rio cultural<\/b> e <b>socializar de maneira mais ampla.<\/b><\/span><\/p>\n<p><span style=\"letter-spacing: 0.2px;\">&nbsp;<\/span><\/p>\n<p>O <b>per\u00edodo de estudos na escola<\/b> \u00e9 apenas uma parte do processo educacional. Somente ele n\u00e3o \u00e9 suficiente para o desenvolvimento integral da crian\u00e7a ou adolescente, pois o ambiente escolar, embora fundamental, \u00e9 limitado no tempo e na abrang\u00eancia das experi\u00eancias educacionais, devendo ser complementado por uma variedade de experi\u00eancias e intera\u00e7\u00f5es em diversos ambientes.<\/p>\t\t\t\t\t\t\t\t<\/div>\n\t\t\t\t<\/div>\n\t\t\t\t\t<\/div>\n\t\t<\/div>\n\t\t\t\t\t<\/div>\n\t\t<\/section>\n\t\t\t\t<section class=\"elementor-section elementor-top-section elementor-element elementor-element-4510b31 elementor-section-boxed elementor-section-height-default elementor-section-height-default\" data-id=\"4510b31\" data-element_type=\"section\" data-e-type=\"section\">\n\t\t\t\t\t\t<div class=\"elementor-container elementor-column-gap-default\">\n\t\t\t\t\t<div class=\"elementor-column elementor-col-100 elementor-top-column elementor-element elementor-element-9f8b9e8\" data-id=\"9f8b9e8\" data-element_type=\"column\" data-e-type=\"column\">\n\t\t\t<div class=\"elementor-widget-wrap elementor-element-populated\">\n\t\t\t\t\t\t<div class=\"elementor-element elementor-element-b1a2a9a elementor-widget elementor-widget-heading\" data-id=\"b1a2a9a\" data-element_type=\"widget\" data-e-type=\"widget\" data-widget_type=\"heading.default\">\n\t\t\t\t<div class=\"elementor-widget-container\">\n\t\t\t\t\t<h2 class=\"elementor-heading-title elementor-size-default\">O aprendizado significativo fora da Escola<\/h2>\t\t\t\t<\/div>\n\t\t\t\t<\/div>\n\t\t\t\t<div class=\"elementor-element elementor-element-1621799 elementor-widget elementor-widget-text-editor\" data-id=\"1621799\" data-element_type=\"widget\" data-e-type=\"widget\" data-widget_type=\"text-editor.default\">\n\t\t\t\t<div class=\"elementor-widget-container\">\n\t\t\t\t\t\t\t\t\t<p><span style=\"font-style: inherit; font-weight: inherit; color: var( --e-global-color-text ); font-family: var( --e-global-typography-text-font-family ), Sans-serif; background-color: var(--ast-global-color-5); letter-spacing: 0.2px;\">O aprendizado fora do ambiente escolar <\/span><span style=\"font-style: inherit; color: var( --e-global-color-text ); font-family: var( --e-global-typography-text-font-family ), Sans-serif; background-color: var(--ast-global-color-5); letter-spacing: 0.2px;\"><b>estimula a curiosidade<\/b><\/span><span style=\"font-style: inherit; font-weight: inherit; color: var( --e-global-color-text ); font-family: var( --e-global-typography-text-font-family ), Sans-serif; background-color: var(--ast-global-color-5); letter-spacing: 0.2px;\">, a <\/span><span style=\"font-style: inherit; color: var( --e-global-color-text ); font-family: var( --e-global-typography-text-font-family ), Sans-serif; background-color: var(--ast-global-color-5); letter-spacing: 0.2px;\"><b>criatividade<\/b><\/span><span style=\"font-style: inherit; font-weight: inherit; color: var( --e-global-color-text ); font-family: var( --e-global-typography-text-font-family ), Sans-serif; background-color: var(--ast-global-color-5); letter-spacing: 0.2px;\"> e a <\/span><span style=\"font-style: inherit; color: var( --e-global-color-text ); font-family: var( --e-global-typography-text-font-family ), Sans-serif; background-color: var(--ast-global-color-5); letter-spacing: 0.2px;\"><b>autonomia das crian\u00e7as e adolescentes<\/b><\/span><span style=\"font-style: inherit; font-weight: inherit; color: var( --e-global-color-text ); font-family: var( --e-global-typography-text-font-family ), Sans-serif; background-color: var(--ast-global-color-5); letter-spacing: 0.2px;\">, permitindo que eles <\/span><span style=\"font-style: inherit; color: var( --e-global-color-text ); font-family: var( --e-global-typography-text-font-family ), Sans-serif; background-color: var(--ast-global-color-5); letter-spacing: 0.2px;\"><b>d<\/b><\/span><span style=\"font-style: inherit; color: var( --e-global-color-text ); font-family: var( --e-global-typography-text-font-family ), Sans-serif; background-color: var(--ast-global-color-5); letter-spacing: 0.2px;\"><b>escubram o mundo de maneira mais abrangente e contextualizada. <\/b>Confira algumas ideias de atividades para fazer em fam\u00edlia e que\u00a0<\/span><span style=\"letter-spacing: 0.2px; color: var( --e-global-color-text ); font-family: var( --e-global-typography-text-font-family ), Sans-serif; font-size: var( --e-global-typography-text-font-size ); font-weight: var( --e-global-typography-text-font-weight ); background-color: var(--ast-global-color-5);\">contribuem para uma educa\u00e7\u00e3o mais hol\u00edstica e enriquecedora:\u00a0<\/span><\/p>\t\t\t\t\t\t\t\t<\/div>\n\t\t\t\t<\/div>\n\t\t\t\t<div class=\"elementor-element elementor-element-56d8ecc elementor-widget elementor-widget-text-editor\" data-id=\"56d8ecc\" data-element_type=\"widget\" data-e-type=\"widget\" data-widget_type=\"text-editor.default\">\n\t\t\t\t<div class=\"elementor-widget-container\">\n\t\t\t\t\t\t\t\t\t<ul><li><span style=\"background-color: var(--ast-global-color-5); color: var( --e-global-color-text ); font-family: var( --e-global-typography-text-font-family ), Sans-serif; font-style: inherit; font-weight: inherit; letter-spacing: 0.2px;\">Visitas a museus<\/span><\/li><li><span style=\"font-style: inherit; font-weight: inherit; color: var( --e-global-color-text ); font-family: var( --e-global-typography-text-font-family ), Sans-serif; background-color: var(--ast-global-color-5); letter-spacing: 0.2px;\">Viagens<\/span><\/li><li><span style=\"font-style: inherit; font-weight: inherit; color: var( --e-global-color-text ); font-family: var( --e-global-typography-text-font-family ), Sans-serif; background-color: var(--ast-global-color-5); letter-spacing: 0.2px;\">Atividades esportivas<\/span><\/li><li><span style=\"font-style: inherit; font-weight: inherit; color: var( --e-global-color-text ); font-family: var( --e-global-typography-text-font-family ), Sans-serif; background-color: var(--ast-global-color-5); letter-spacing: 0.2px;\">Atividades culturais<\/span><\/li><li><span style=\"font-style: inherit; font-weight: inherit; color: var( --e-global-color-text ); font-family: var( --e-global-typography-text-font-family ), Sans-serif; background-color: var(--ast-global-color-5); letter-spacing: 0.2px;\">Atividades art\u00edsticas<\/span><\/li><li><span style=\"background-color: var(--ast-global-color-5); color: var( --e-global-color-text ); font-family: var( --e-global-typography-text-font-family ), Sans-serif; font-style: inherit; font-weight: inherit; letter-spacing: 0.2px;\">Intera\u00e7\u00f5es com a natureza<\/span><\/li><\/ul>\t\t\t\t\t\t\t\t<\/div>\n\t\t\t\t<\/div>\n\t\t\t\t<div class=\"elementor-element elementor-element-76b7b69 elementor-widget elementor-widget-text-editor\" data-id=\"76b7b69\" data-element_type=\"widget\" data-e-type=\"widget\" data-widget_type=\"text-editor.default\">\n\t\t\t\t<div class=\"elementor-widget-container\">\n\t\t\t\t\t\t\t\t\t<p><span style=\"color: var( --e-global-color-text ); font-family: var( --e-global-typography-text-font-family ), Sans-serif; font-size: var( --e-global-typography-text-font-size ); font-weight: var( --e-global-typography-text-font-weight ); background-color: var(--ast-global-color-5); letter-spacing: 0.2px;\">O est\u00edmulo ao aprendizado al\u00e9m do espa\u00e7o escolar promove a <\/span><span style=\"color: var( --e-global-color-text ); font-family: var( --e-global-typography-text-font-family ), Sans-serif; font-size: var( --e-global-typography-text-font-size ); background-color: var(--ast-global-color-5); letter-spacing: 0.2px;\"><b>aplica\u00e7\u00e3o pr\u00e1tica dos conhecimentos adquiridos em sala de aula<\/b><\/span><span style=\"color: var( --e-global-color-text ); font-family: var( --e-global-typography-text-font-family ), Sans-serif; font-size: var( --e-global-typography-text-font-size ); font-weight: var( --e-global-typography-text-font-weight ); background-color: var(--ast-global-color-5); letter-spacing: 0.2px;\">, permitindo que as crian\u00e7as <\/span><span style=\"color: var( --e-global-color-text ); font-family: var( --e-global-typography-text-font-family ), Sans-serif; font-size: var( --e-global-typography-text-font-size ); background-color: var(--ast-global-color-5); letter-spacing: 0.2px;\"><b>percebam a relev\u00e2ncia e utilidade do que est\u00e3o aprendendo<\/b><\/span><span style=\"color: var( --e-global-color-text ); font-family: var( --e-global-typography-text-font-family ), Sans-serif; font-size: var( --e-global-typography-text-font-size ); font-weight: var( --e-global-typography-text-font-weight ); background-color: var(--ast-global-color-5); letter-spacing: 0.2px;\">. Isso pode fortalecer sua motiva\u00e7\u00e3o para aprender e desenvolver habilidades de resolu\u00e7\u00e3o de problemas no mundo real.<\/span><span style=\"color: var( --e-global-color-text ); font-family: var( --e-global-typography-text-font-family ), Sans-serif; font-size: var( --e-global-typography-text-font-size ); font-weight: var( --e-global-typography-text-font-weight ); letter-spacing: 0.2px; background-color: var(--ast-global-color-5);\">\u00a0<\/span><\/p>\t\t\t\t\t\t\t\t<\/div>\n\t\t\t\t<\/div>\n\t\t\t\t\t<\/div>\n\t\t<\/div>\n\t\t\t\t\t<\/div>\n\t\t<\/section>\n\t\t\t\t<section class=\"elementor-section elementor-top-section elementor-element elementor-element-e45cd38 elementor-section-boxed elementor-section-height-default elementor-section-height-default\" data-id=\"e45cd38\" data-element_type=\"section\" data-e-type=\"section\">\n\t\t\t\t\t\t<div class=\"elementor-container elementor-column-gap-default\">\n\t\t\t\t\t<div class=\"elementor-column elementor-col-50 elementor-top-column elementor-element elementor-element-f5eafaa\" data-id=\"f5eafaa\" data-element_type=\"column\" data-e-type=\"column\">\n\t\t\t<div class=\"elementor-widget-wrap elementor-element-populated\">\n\t\t\t\t\t\t<div class=\"elementor-element elementor-element-3d0e0d6 elementor-widget elementor-widget-image\" data-id=\"3d0e0d6\" data-element_type=\"widget\" data-e-type=\"widget\" data-widget_type=\"image.default\">\n\t\t\t\t<div class=\"elementor-widget-container\">\n\t\t\t\t\t\t\t\t\t\t\t\t\t\t\t<img decoding=\"async\" src=\"https:\/\/colegioprigule.com.br\/blog\/wp-content\/uploads\/elementor\/thumbs\/aprendizado-em-familia-fora-da-escola-qos5exywum6yxhhdgpa8jxyy00ho2cnhqbg8yue658.png\" title=\"aprendizado em fam\u00edlia fora da escola\" alt=\"Fam\u00edlia composta por um casal de adultos e duas crian\u00e7as apontando para um animal que est\u00e1 em cima de algumas rochas.\" loading=\"lazy\" \/>\t\t\t\t\t\t\t\t\t\t\t\t\t\t\t<\/div>\n\t\t\t\t<\/div>\n\t\t\t\t\t<\/div>\n\t\t<\/div>\n\t\t\t\t<div class=\"elementor-column elementor-col-50 elementor-top-column elementor-element elementor-element-09bcf06\" data-id=\"09bcf06\" data-element_type=\"column\" data-e-type=\"column\">\n\t\t\t<div class=\"elementor-widget-wrap elementor-element-populated\">\n\t\t\t\t\t\t<div class=\"elementor-element elementor-element-7801686 elementor-widget elementor-widget-heading\" data-id=\"7801686\" data-element_type=\"widget\" data-e-type=\"widget\" data-widget_type=\"heading.default\">\n\t\t\t\t<div class=\"elementor-widget-container\">\n\t\t\t\t\t<h2 class=\"elementor-heading-title elementor-size-default\">O ambiente familiar soma com o processo de aprendizagem...<\/h2>\t\t\t\t<\/div>\n\t\t\t\t<\/div>\n\t\t\t\t<div class=\"elementor-element elementor-element-4733555 elementor-widget elementor-widget-text-editor\" data-id=\"4733555\" data-element_type=\"widget\" data-e-type=\"widget\" data-widget_type=\"text-editor.default\">\n\t\t\t\t<div class=\"elementor-widget-container\">\n\t\t\t\t\t\t\t\t\t<p>O <b>ambiente familiar oferece um contexto \u00fanico<\/b> para a aprendizagem, onde <b>valores<\/b>, <b>tradi\u00e7\u00f5es <\/b>e <b>habilidades pr\u00e1ticas<\/b> s\u00e3o transmitidos<b> de gera\u00e7\u00e3o em gera\u00e7\u00e3o.\u00a0<\/b><\/p>\n<p>\u00a0<\/p>\n<p>O <b>suporte emocional<\/b>, a <b>seguran\u00e7a afetiva<\/b> e a <b>orienta\u00e7\u00e3o dos pais<\/b> e f<b>amiliares<\/b> desempenham um <b>papel crucial no desenvolvimento global da crian\u00e7a e do adolescente,<\/b> <b>influenciando<\/b> sua <b>autoestima<\/b>, <b>autoconfian\u00e7a<\/b> e <strong>resili\u00eancia.<\/strong><\/p>\t\t\t\t\t\t\t\t<\/div>\n\t\t\t\t<\/div>\n\t\t\t\t\t<\/div>\n\t\t<\/div>\n\t\t\t\t\t<\/div>\n\t\t<\/section>\n\t\t\t\t<section class=\"elementor-section elementor-top-section elementor-element elementor-element-0608740 elementor-section-boxed elementor-section-height-default elementor-section-height-default\" data-id=\"0608740\" data-element_type=\"section\" data-e-type=\"section\">\n\t\t\t\t\t\t<div class=\"elementor-container elementor-column-gap-default\">\n\t\t\t\t\t<div class=\"elementor-column elementor-col-100 elementor-top-column elementor-element elementor-element-d417ac3\" data-id=\"d417ac3\" data-element_type=\"column\" data-e-type=\"column\">\n\t\t\t<div class=\"elementor-widget-wrap elementor-element-populated\">\n\t\t\t\t\t\t<div class=\"elementor-element elementor-element-1772b15 elementor-widget elementor-widget-text-editor\" data-id=\"1772b15\" data-element_type=\"widget\" data-e-type=\"widget\" data-widget_type=\"text-editor.default\">\n\t\t\t\t<div class=\"elementor-widget-container\">\n\t\t\t\t\t\t\t\t\t<p><span style=\"font-style: inherit; font-weight: inherit; color: var( --e-global-color-text ); font-family: var( --e-global-typography-text-font-family ), Sans-serif; background-color: var(--ast-global-color-5); letter-spacing: 0.2px;\">Os <\/span><b style=\"font-style: inherit; color: var( --e-global-color-text ); font-family: var( --e-global-typography-text-font-family ), Sans-serif; background-color: var(--ast-global-color-5); letter-spacing: 0.2px;\">pais e familiares<\/b><span style=\"font-style: inherit; font-weight: inherit; color: var( --e-global-color-text ); font-family: var( --e-global-typography-text-font-family ), Sans-serif; background-color: var(--ast-global-color-5); letter-spacing: 0.2px;\"> desempenham um <\/span><b style=\"font-style: inherit; color: var( --e-global-color-text ); font-family: var( --e-global-typography-text-font-family ), Sans-serif; background-color: var(--ast-global-color-5); letter-spacing: 0.2px;\">papel fundamental<\/b><span style=\"font-style: inherit; font-weight: inherit; color: var( --e-global-color-text ); font-family: var( --e-global-typography-text-font-family ), Sans-serif; background-color: var(--ast-global-color-5); letter-spacing: 0.2px;\"> ao <\/span><b style=\"font-style: inherit; color: var( --e-global-color-text ); font-family: var( --e-global-typography-text-font-family ), Sans-serif; background-color: var(--ast-global-color-5); letter-spacing: 0.2px;\">incentivar e apoiar o aprendizado fora da escola<\/b><span style=\"font-style: inherit; font-weight: inherit; color: var( --e-global-color-text ); font-family: var( --e-global-typography-text-font-family ), Sans-serif; background-color: var(--ast-global-color-5); letter-spacing: 0.2px;\">, <\/span><b style=\"font-style: inherit; color: var( --e-global-color-text ); font-family: var( --e-global-typography-text-font-family ), Sans-serif; background-color: var(--ast-global-color-5); letter-spacing: 0.2px;\">proporcionando um ambiente rico em est\u00edmulos educacionais e oportunidades de crescimento<\/b><span style=\"font-style: inherit; font-weight: inherit; color: var( --e-global-color-text ); font-family: var( --e-global-typography-text-font-family ), Sans-serif; background-color: var(--ast-global-color-5); letter-spacing: 0.2px;\">. Dessa forma, as crian\u00e7as podem integrar de maneira completa os conhecimentos adquiridos em diferentes contextos, enriquecendo sua forma\u00e7\u00e3o e preparando-as para enfrentar os desafios do mundo contempor\u00e2neo.<\/span><\/p>\t\t\t\t\t\t\t\t<\/div>\n\t\t\t\t<\/div>\n\t\t\t\t\t<\/div>\n\t\t<\/div>\n\t\t\t\t\t<\/div>\n\t\t<\/section>\n\t\t\t\t<\/div>\n\t\t","protected":false},"excerpt":{"rendered":"<p>Descubra maneiras de estimular o aprendizado fora da escola de modo que enrique\u00e7a a jornada educacional de seus filhos!<\/p>\n","protected":false},"author":6,"featured_media":7193,"comment_status":"closed","ping_status":"closed","sticky":false,"template":"","format":"standard","meta":{"footnotes":""},"categories":[68,92],"tags":[],"class_list":["post-7192","post","type-post","status-publish","format-standard","has-post-thumbnail","hentry","category-educacao","category-prigule-me-ajuda"],"_links":{"self":[{"href":"https:\/\/colegioprigule.com.br\/blog\/wp-json\/wp\/v2\/posts\/7192","targetHints":{"allow":["GET"]}}],"collection":[{"href":"https:\/\/colegioprigule.com.br\/blog\/wp-json\/wp\/v2\/posts"}],"about":[{"href":"https:\/\/colegioprigule.com.br\/blog\/wp-json\/wp\/v2\/types\/post"}],"author":[{"embeddable":true,"href":"https:\/\/colegioprigule.com.br\/blog\/wp-json\/wp\/v2\/users\/6"}],"replies":[{"embeddable":true,"href":"https:\/\/colegioprigule.com.br\/blog\/wp-json\/wp\/v2\/comments?post=7192"}],"version-history":[{"count":15,"href":"https:\/\/colegioprigule.com.br\/blog\/wp-json\/wp\/v2\/posts\/7192\/revisions"}],"predecessor-version":[{"id":7211,"href":"https:\/\/colegioprigule.com.br\/blog\/wp-json\/wp\/v2\/posts\/7192\/revisions\/7211"}],"wp:featuredmedia":[{"embeddable":true,"href":"https:\/\/colegioprigule.com.br\/blog\/wp-json\/wp\/v2\/media\/7193"}],"wp:attachment":[{"href":"https:\/\/colegioprigule.com.br\/blog\/wp-json\/wp\/v2\/media?parent=7192"}],"wp:term":[{"taxonomy":"category","embeddable":true,"href":"https:\/\/colegioprigule.com.br\/blog\/wp-json\/wp\/v2\/categories?post=7192"},{"taxonomy":"post_tag","embeddable":true,"href":"https:\/\/colegioprigule.com.br\/blog\/wp-json\/wp\/v2\/tags?post=7192"}],"curies":[{"name":"wp","href":"https:\/\/api.w.org\/{rel}","templated":true}]}}