{"id":7937,"date":"2024-07-11T13:05:01","date_gmt":"2024-07-11T16:05:01","guid":{"rendered":"https:\/\/www.colegioprigule.com.br\/?p=7937"},"modified":"2024-07-11T14:01:17","modified_gmt":"2024-07-11T17:01:17","slug":"divertidamente-2-o-impacto-das-emocoes-na-adolescencia","status":"publish","type":"post","link":"https:\/\/colegioprigule.com.br\/blog\/divertidamente-2-o-impacto-das-emocoes-na-adolescencia\/","title":{"rendered":"Divertidamente 2: O Impacto das Emo\u00e7\u00f5es na Adolesc\u00eancia"},"content":{"rendered":"\t\t<div data-elementor-type=\"wp-post\" data-elementor-id=\"7937\" class=\"elementor elementor-7937\" data-elementor-post-type=\"post\">\n\t\t\t\t\t\t<section class=\"elementor-section elementor-top-section elementor-element elementor-element-8454b43 elementor-section-boxed elementor-section-height-default elementor-section-height-default\" data-id=\"8454b43\" data-element_type=\"section\" data-e-type=\"section\">\n\t\t\t\t\t\t<div class=\"elementor-container elementor-column-gap-default\">\n\t\t\t\t\t<div class=\"elementor-column elementor-col-100 elementor-top-column elementor-element elementor-element-1557268\" data-id=\"1557268\" data-element_type=\"column\" data-e-type=\"column\">\n\t\t\t<div class=\"elementor-widget-wrap elementor-element-populated\">\n\t\t\t\t\t\t<div class=\"elementor-element elementor-element-7f3567b elementor-widget elementor-widget-text-editor\" data-id=\"7f3567b\" data-element_type=\"widget\" data-e-type=\"widget\" data-widget_type=\"text-editor.default\">\n\t\t\t\t<div class=\"elementor-widget-container\">\n\t\t\t\t\t\t\t\t\t<p>O filme Divertidamente 2, estreado nos cinemas brasileiros h\u00e1 menos de 1 m\u00eas, virou sucesso absoluto e est\u00e1 sendo muito comentado por pensadores e cientistas da mente humana.<\/p>\t\t\t\t\t\t\t\t<\/div>\n\t\t\t\t<\/div>\n\t\t\t\t\t<\/div>\n\t\t<\/div>\n\t\t\t\t\t<\/div>\n\t\t<\/section>\n\t\t\t\t<section class=\"elementor-section elementor-top-section elementor-element elementor-element-0d06507 elementor-section-boxed elementor-section-height-default elementor-section-height-default\" data-id=\"0d06507\" data-element_type=\"section\" data-e-type=\"section\">\n\t\t\t\t\t\t<div class=\"elementor-container elementor-column-gap-default\">\n\t\t\t\t\t<div class=\"elementor-column elementor-col-100 elementor-top-column elementor-element elementor-element-41ce845\" data-id=\"41ce845\" data-element_type=\"column\" data-e-type=\"column\">\n\t\t\t<div class=\"elementor-widget-wrap elementor-element-populated\">\n\t\t\t\t\t\t<div class=\"elementor-element elementor-element-659ee67 elementor-widget elementor-widget-text-editor\" data-id=\"659ee67\" data-element_type=\"widget\" data-e-type=\"widget\" data-widget_type=\"text-editor.default\">\n\t\t\t\t<div class=\"elementor-widget-container\">\n\t\t\t\t\t\t\t\t\t<p>De forma leve e divertida, o primeiro filme (Divertidamente 1) nos mostra o c\u00e9rebro da personagem Riley, uma crian\u00e7a de 11 anos, como sendo um quartel general controlado por cinco emo\u00e7\u00f5es principais: <strong>Alegria, Tristeza, Medo, Raiva e Nojinho.<\/strong><\/p>\t\t\t\t\t\t\t\t<\/div>\n\t\t\t\t<\/div>\n\t\t\t\t\t<\/div>\n\t\t<\/div>\n\t\t\t\t\t<\/div>\n\t\t<\/section>\n\t\t\t\t<section class=\"elementor-section elementor-top-section elementor-element elementor-element-a65c35b elementor-section-boxed elementor-section-height-default elementor-section-height-default\" data-id=\"a65c35b\" data-element_type=\"section\" data-e-type=\"section\">\n\t\t\t\t\t\t<div class=\"elementor-container elementor-column-gap-default\">\n\t\t\t\t\t<div class=\"elementor-column elementor-col-100 elementor-top-column elementor-element elementor-element-309f417\" data-id=\"309f417\" data-element_type=\"column\" data-e-type=\"column\">\n\t\t\t<div class=\"elementor-widget-wrap elementor-element-populated\">\n\t\t\t\t\t\t<div class=\"elementor-element elementor-element-589f493 elementor-widget elementor-widget-text-editor\" data-id=\"589f493\" data-element_type=\"widget\" data-e-type=\"widget\" data-widget_type=\"text-editor.default\">\n\t\t\t\t<div class=\"elementor-widget-container\">\n\t\t\t\t\t\t\t\t\t<p><span style=\"letter-spacing: 0.2px; text-align: justify;\">A continuidade do filme apresenta Riley aos 13 anos e os desafios de atravessar a adolesc\u00eancia, precisando se adaptar a quatro novas emo\u00e7\u00f5es:<strong> Inveja, Vergonha, T\u00e9dio e Ansiedade.<\/strong><\/span><\/p>\t\t\t\t\t\t\t\t<\/div>\n\t\t\t\t<\/div>\n\t\t\t\t\t<\/div>\n\t\t<\/div>\n\t\t\t\t\t<\/div>\n\t\t<\/section>\n\t\t\t\t<section class=\"elementor-section elementor-top-section elementor-element elementor-element-8d2a4f7 elementor-section-boxed elementor-section-height-default elementor-section-height-default\" data-id=\"8d2a4f7\" data-element_type=\"section\" data-e-type=\"section\">\n\t\t\t\t\t\t<div class=\"elementor-container elementor-column-gap-default\">\n\t\t\t\t\t<div class=\"elementor-column elementor-col-100 elementor-top-column elementor-element elementor-element-7b05ad9\" data-id=\"7b05ad9\" data-element_type=\"column\" data-e-type=\"column\">\n\t\t\t<div class=\"elementor-widget-wrap elementor-element-populated\">\n\t\t\t\t\t\t<div class=\"elementor-element elementor-element-2381233 elementor-widget elementor-widget-text-editor\" data-id=\"2381233\" data-element_type=\"widget\" data-e-type=\"widget\" data-widget_type=\"text-editor.default\">\n\t\t\t\t<div class=\"elementor-widget-container\">\n\t\t\t\t\t\t\t\t\t<h2>Emo\u00e7\u00f5es na Adolesc\u00eancia<\/h2>\t\t\t\t\t\t\t\t<\/div>\n\t\t\t\t<\/div>\n\t\t\t\t\t<\/div>\n\t\t<\/div>\n\t\t\t\t\t<\/div>\n\t\t<\/section>\n\t\t\t\t<section class=\"elementor-section elementor-top-section elementor-element elementor-element-563c51d elementor-section-boxed elementor-section-height-default elementor-section-height-default\" data-id=\"563c51d\" data-element_type=\"section\" data-e-type=\"section\">\n\t\t\t\t\t\t<div class=\"elementor-container elementor-column-gap-default\">\n\t\t\t\t\t<div class=\"elementor-column elementor-col-100 elementor-top-column elementor-element elementor-element-528a723\" data-id=\"528a723\" data-element_type=\"column\" data-e-type=\"column\">\n\t\t\t<div class=\"elementor-widget-wrap elementor-element-populated\">\n\t\t\t\t\t\t<div class=\"elementor-element elementor-element-f3946ed elementor-widget elementor-widget-text-editor\" data-id=\"f3946ed\" data-element_type=\"widget\" data-e-type=\"widget\" data-widget_type=\"text-editor.default\">\n\t\t\t\t<div class=\"elementor-widget-container\">\n\t\t\t\t\t\t\t\t\t<p>O sucesso do filme est\u00e1 justamente em revelar o quanto as emo\u00e7\u00f5es est\u00e3o por tr\u00e1s de cada comportamento que a crian\u00e7a\/adolescente tem e por nos aproximar, de forma did\u00e1tica, sobre o funcionamento do c\u00e9rebro, o sistema de cren\u00e7as, sistema de armazenamento das mem\u00f3rias e a forma\u00e7\u00e3o da identidade.<\/p>\t\t\t\t\t\t\t\t<\/div>\n\t\t\t\t<\/div>\n\t\t\t\t\t<\/div>\n\t\t<\/div>\n\t\t\t\t\t<\/div>\n\t\t<\/section>\n\t\t\t\t<section class=\"elementor-section elementor-top-section elementor-element elementor-element-fcd6bfa elementor-section-boxed elementor-section-height-default elementor-section-height-default\" data-id=\"fcd6bfa\" data-element_type=\"section\" data-e-type=\"section\">\n\t\t\t\t\t\t<div class=\"elementor-container elementor-column-gap-default\">\n\t\t\t\t\t<div class=\"elementor-column elementor-col-50 elementor-top-column elementor-element elementor-element-0558f32\" data-id=\"0558f32\" data-element_type=\"column\" data-e-type=\"column\">\n\t\t\t<div class=\"elementor-widget-wrap elementor-element-populated\">\n\t\t\t\t\t\t<div class=\"elementor-element elementor-element-1c7ca54 elementor-widget elementor-widget-image\" data-id=\"1c7ca54\" data-element_type=\"widget\" data-e-type=\"widget\" data-widget_type=\"image.default\">\n\t\t\t\t<div class=\"elementor-widget-container\">\n\t\t\t\t\t\t\t\t\t\t\t\t\t\t\t<img fetchpriority=\"high\" decoding=\"async\" width=\"800\" height=\"800\" src=\"https:\/\/colegioprigule.com.br\/blog\/wp-content\/uploads\/2024\/07\/Arte-aniversariantes-2023-Individual-5-1024x1024.png\" class=\"attachment-large size-large wp-image-7957\" alt=\"\" srcset=\"https:\/\/colegioprigule.com.br\/blog\/wp-content\/uploads\/2024\/07\/Arte-aniversariantes-2023-Individual-5-1024x1024.png 1024w, https:\/\/colegioprigule.com.br\/blog\/wp-content\/uploads\/2024\/07\/Arte-aniversariantes-2023-Individual-5-300x300.png 300w, https:\/\/colegioprigule.com.br\/blog\/wp-content\/uploads\/2024\/07\/Arte-aniversariantes-2023-Individual-5-150x150.png 150w, https:\/\/colegioprigule.com.br\/blog\/wp-content\/uploads\/2024\/07\/Arte-aniversariantes-2023-Individual-5-768x768.png 768w, https:\/\/colegioprigule.com.br\/blog\/wp-content\/uploads\/2024\/07\/Arte-aniversariantes-2023-Individual-5.png 1080w\" sizes=\"(max-width: 800px) 100vw, 800px\" \/>\t\t\t\t\t\t\t\t\t\t\t\t\t\t\t<\/div>\n\t\t\t\t<\/div>\n\t\t\t\t\t<\/div>\n\t\t<\/div>\n\t\t\t\t<div class=\"elementor-column elementor-col-50 elementor-top-column elementor-element elementor-element-7c317ae\" data-id=\"7c317ae\" data-element_type=\"column\" data-e-type=\"column\">\n\t\t\t<div class=\"elementor-widget-wrap elementor-element-populated\">\n\t\t\t\t\t\t<div class=\"elementor-element elementor-element-85b3226 elementor-widget elementor-widget-text-editor\" data-id=\"85b3226\" data-element_type=\"widget\" data-e-type=\"widget\" data-widget_type=\"text-editor.default\">\n\t\t\t\t<div class=\"elementor-widget-container\">\n\t\t\t\t\t\t\t\t\t<p>Ent\u00e3o, didaticamente, \u00e9 como se o c\u00e9rebro tivesse um <strong>painel de controle sendo manuseado pelas emo\u00e7\u00f5es<\/strong> e isso n\u00e3o \u00e9 preciso dentro da literatura cient\u00edfica, ou seja, n\u00e3o h\u00e1 preciosismo acad\u00eamico no filme e nem nesse texto, por\u00e9m h\u00e1 uma vis\u00e3o compreens\u00edvel e popular para que seja poss\u00edvel o entendimento sobre a import\u00e2ncia das emo\u00e7\u00f5es na vida do ser humano.\u00a0<\/p>\t\t\t\t\t\t\t\t<\/div>\n\t\t\t\t<\/div>\n\t\t\t\t\t<\/div>\n\t\t<\/div>\n\t\t\t\t\t<\/div>\n\t\t<\/section>\n\t\t\t\t<section class=\"elementor-section elementor-top-section elementor-element elementor-element-9815d68 elementor-section-boxed elementor-section-height-default elementor-section-height-default\" data-id=\"9815d68\" data-element_type=\"section\" data-e-type=\"section\">\n\t\t\t\t\t\t<div class=\"elementor-container elementor-column-gap-default\">\n\t\t\t\t\t<div class=\"elementor-column elementor-col-100 elementor-top-column elementor-element elementor-element-1af46bf\" data-id=\"1af46bf\" data-element_type=\"column\" data-e-type=\"column\">\n\t\t\t<div class=\"elementor-widget-wrap elementor-element-populated\">\n\t\t\t\t\t\t<div class=\"elementor-element elementor-element-73f4d99 elementor-widget elementor-widget-text-editor\" data-id=\"73f4d99\" data-element_type=\"widget\" data-e-type=\"widget\" data-widget_type=\"text-editor.default\">\n\t\t\t\t<div class=\"elementor-widget-container\">\n\t\t\t\t\t\t\t\t\t<p>E isso j\u00e1 \u00e9 avassalador numa sociedade que durante muitos anos trouxe como fundamental e importante quesito para o sucesso o coeficiente intelectual. Sim, estamos na Era onde<strong> o coeficiente emocional esta se sobrepondo ao intelectual<\/strong> e, pesquisas em neuroci\u00eancias comprovam que por tr\u00e1s de toda decis\u00e3o dif\u00edcil e importante, quem decide s\u00e3o as <strong>emo\u00e7\u00f5es e n\u00e3o o n\u00edvel de intelectualidade.\u00a0<\/strong><\/p>\t\t\t\t\t\t\t\t<\/div>\n\t\t\t\t<\/div>\n\t\t\t\t\t<\/div>\n\t\t<\/div>\n\t\t\t\t\t<\/div>\n\t\t<\/section>\n\t\t\t\t<section class=\"elementor-section elementor-top-section elementor-element elementor-element-509eb7c elementor-section-boxed elementor-section-height-default elementor-section-height-default\" data-id=\"509eb7c\" data-element_type=\"section\" data-e-type=\"section\">\n\t\t\t\t\t\t<div class=\"elementor-container elementor-column-gap-default\">\n\t\t\t\t\t<div class=\"elementor-column elementor-col-100 elementor-top-column elementor-element elementor-element-cdbdeca\" data-id=\"cdbdeca\" data-element_type=\"column\" data-e-type=\"column\">\n\t\t\t<div class=\"elementor-widget-wrap elementor-element-populated\">\n\t\t\t\t\t\t<div class=\"elementor-element elementor-element-0bf30f9 elementor-widget elementor-widget-text-editor\" data-id=\"0bf30f9\" data-element_type=\"widget\" data-e-type=\"widget\" data-widget_type=\"text-editor.default\">\n\t\t\t\t<div class=\"elementor-widget-container\">\n\t\t\t\t\t\t\t\t\t<p>Voltando ao filme, todas as experi\u00eancias vividas tornam-se mem\u00f3rias, de curto ou longo prazo, sendo as de longo prazo \u2013 aquelas com mais representatividade, import\u00e2ncia ou significado \u2013 s\u00e3o as emo\u00e7\u00f5es que decidem se essa mem\u00f3ria ficar\u00e1 mais enraizada. Essas mem\u00f3rias formam certas ra\u00edzes de forma a criar uma esp\u00e9cie de teias (de forma fict\u00edcia) e o conjunto dessa teia de mem\u00f3ria constr\u00f3i como se fosse um tronco de \u00e1rvore, o que pode ser comparado ao que a psicologia chama de<strong> \u201c<em>self<\/em>\u201d<\/strong> ou a refer\u00eancia de \u00a0<strong>\u201cquem eu sou\u201d<\/strong>.<\/p>\t\t\t\t\t\t\t\t<\/div>\n\t\t\t\t<\/div>\n\t\t\t\t\t<\/div>\n\t\t<\/div>\n\t\t\t\t\t<\/div>\n\t\t<\/section>\n\t\t\t\t<section class=\"elementor-section elementor-top-section elementor-element elementor-element-5ac5643 elementor-section-boxed elementor-section-height-default elementor-section-height-default\" data-id=\"5ac5643\" data-element_type=\"section\" data-e-type=\"section\">\n\t\t\t\t\t\t<div class=\"elementor-container elementor-column-gap-default\">\n\t\t\t\t\t<div class=\"elementor-column elementor-col-100 elementor-top-column elementor-element elementor-element-9b5d67d\" data-id=\"9b5d67d\" data-element_type=\"column\" data-e-type=\"column\">\n\t\t\t<div class=\"elementor-widget-wrap elementor-element-populated\">\n\t\t\t\t\t\t<div class=\"elementor-element elementor-element-8e634f4 elementor-widget elementor-widget-text-editor\" data-id=\"8e634f4\" data-element_type=\"widget\" data-e-type=\"widget\" data-widget_type=\"text-editor.default\">\n\t\t\t\t<div class=\"elementor-widget-container\">\n\t\t\t\t\t\t\t\t\t<p>At\u00e9 ent\u00e3o, a Riley tinha mem\u00f3rias sobre si controladas ou administradas pelas emo\u00e7\u00f5es b\u00e1sicas e geridas pela \u201calegria\u201d trazendo como mem\u00f3rias base de uma inf\u00e2ncia saud\u00e1vel, fazendo-se sentir estimada por si e por quem estivesse ao seu redor.<\/p>\t\t\t\t\t\t\t\t<\/div>\n\t\t\t\t<\/div>\n\t\t\t\t\t<\/div>\n\t\t<\/div>\n\t\t\t\t\t<\/div>\n\t\t<\/section>\n\t\t\t\t<section class=\"elementor-section elementor-top-section elementor-element elementor-element-f67992d elementor-section-boxed elementor-section-height-default elementor-section-height-default\" data-id=\"f67992d\" data-element_type=\"section\" data-e-type=\"section\">\n\t\t\t\t\t\t<div class=\"elementor-container elementor-column-gap-default\">\n\t\t\t\t\t<div class=\"elementor-column elementor-col-50 elementor-top-column elementor-element elementor-element-423c63e\" data-id=\"423c63e\" data-element_type=\"column\" data-e-type=\"column\">\n\t\t\t<div class=\"elementor-widget-wrap elementor-element-populated\">\n\t\t\t\t\t\t<div class=\"elementor-element elementor-element-c5eb72d elementor-widget elementor-widget-image\" data-id=\"c5eb72d\" data-element_type=\"widget\" data-e-type=\"widget\" data-widget_type=\"image.default\">\n\t\t\t\t<div class=\"elementor-widget-container\">\n\t\t\t\t\t\t\t\t\t\t\t\t\t\t\t<img decoding=\"async\" width=\"800\" height=\"427\" src=\"https:\/\/colegioprigule.com.br\/blog\/wp-content\/uploads\/2024\/07\/tudo-sobre-divertida-mente-2-1024x547.webp\" class=\"attachment-large size-large wp-image-7959\" alt=\"\" srcset=\"https:\/\/colegioprigule.com.br\/blog\/wp-content\/uploads\/2024\/07\/tudo-sobre-divertida-mente-2-1024x547.webp 1024w, https:\/\/colegioprigule.com.br\/blog\/wp-content\/uploads\/2024\/07\/tudo-sobre-divertida-mente-2-300x160.webp 300w, https:\/\/colegioprigule.com.br\/blog\/wp-content\/uploads\/2024\/07\/tudo-sobre-divertida-mente-2-768x410.webp 768w, https:\/\/colegioprigule.com.br\/blog\/wp-content\/uploads\/2024\/07\/tudo-sobre-divertida-mente-2-1536x820.webp 1536w, https:\/\/colegioprigule.com.br\/blog\/wp-content\/uploads\/2024\/07\/tudo-sobre-divertida-mente-2.webp 1686w\" sizes=\"(max-width: 800px) 100vw, 800px\" \/>\t\t\t\t\t\t\t\t\t\t\t\t\t\t\t<\/div>\n\t\t\t\t<\/div>\n\t\t\t\t\t<\/div>\n\t\t<\/div>\n\t\t\t\t<div class=\"elementor-column elementor-col-50 elementor-top-column elementor-element elementor-element-9f70337\" data-id=\"9f70337\" data-element_type=\"column\" data-e-type=\"column\">\n\t\t\t<div class=\"elementor-widget-wrap elementor-element-populated\">\n\t\t\t\t\t\t<div class=\"elementor-element elementor-element-2ef5a8d elementor-widget elementor-widget-text-editor\" data-id=\"2ef5a8d\" data-element_type=\"widget\" data-e-type=\"widget\" data-widget_type=\"text-editor.default\">\n\t\t\t\t<div class=\"elementor-widget-container\">\n\t\t\t\t\t\t\t\t\t<p>Sabemos que a fase da adolesc\u00eancia traz consigo in\u00fameros desafios. Come\u00e7ando com a puberdade trazendo um rio de horm\u00f4nios e isso faz toda uma bagun\u00e7a no aparato neurol\u00f3gico, at\u00e9 ent\u00e3o sob controle para o corpo e para a mente da crian\u00e7a.\u00a0<\/p>\t\t\t\t\t\t\t\t<\/div>\n\t\t\t\t<\/div>\n\t\t\t\t\t<\/div>\n\t\t<\/div>\n\t\t\t\t\t<\/div>\n\t\t<\/section>\n\t\t\t\t<section class=\"elementor-section elementor-top-section elementor-element elementor-element-41f1890 elementor-section-boxed elementor-section-height-default elementor-section-height-default\" data-id=\"41f1890\" data-element_type=\"section\" data-e-type=\"section\">\n\t\t\t\t\t\t<div class=\"elementor-container elementor-column-gap-default\">\n\t\t\t\t\t<div class=\"elementor-column elementor-col-100 elementor-top-column elementor-element elementor-element-c5513de\" data-id=\"c5513de\" data-element_type=\"column\" data-e-type=\"column\">\n\t\t\t<div class=\"elementor-widget-wrap elementor-element-populated\">\n\t\t\t\t\t\t<div class=\"elementor-element elementor-element-df7dda1 elementor-widget elementor-widget-text-editor\" data-id=\"df7dda1\" data-element_type=\"widget\" data-e-type=\"widget\" data-widget_type=\"text-editor.default\">\n\t\t\t\t<div class=\"elementor-widget-container\">\n\t\t\t\t\t\t\t\t\t<p>Mudan\u00e7as estruturais come\u00e7am a surgir na identidade, nos gostos, na aceita\u00e7\u00e3o social, no corpo e nos interesses trazendo um desequil\u00edbrio na atua\u00e7\u00e3o das emo\u00e7\u00f5es que j\u00e1 tinha&#8230; por isso, eis que chegam as novas emo\u00e7\u00f5es!<\/p>\t\t\t\t\t\t\t\t<\/div>\n\t\t\t\t<\/div>\n\t\t\t\t\t<\/div>\n\t\t<\/div>\n\t\t\t\t\t<\/div>\n\t\t<\/section>\n\t\t\t\t<section class=\"elementor-section elementor-top-section elementor-element elementor-element-7c30de2 elementor-section-boxed elementor-section-height-default elementor-section-height-default\" data-id=\"7c30de2\" data-element_type=\"section\" data-e-type=\"section\">\n\t\t\t\t\t\t<div class=\"elementor-container elementor-column-gap-default\">\n\t\t\t\t\t<div class=\"elementor-column elementor-col-100 elementor-top-column elementor-element elementor-element-7310063\" data-id=\"7310063\" data-element_type=\"column\" data-e-type=\"column\">\n\t\t\t<div class=\"elementor-widget-wrap elementor-element-populated\">\n\t\t\t\t\t\t<div class=\"elementor-element elementor-element-e46e7ba elementor-widget elementor-widget-text-editor\" data-id=\"e46e7ba\" data-element_type=\"widget\" data-e-type=\"widget\" data-widget_type=\"text-editor.default\">\n\t\t\t\t<div class=\"elementor-widget-container\">\n\t\t\t\t\t\t\t\t\t<h2>E quanto a ansiedade?<\/h2>\t\t\t\t\t\t\t\t<\/div>\n\t\t\t\t<\/div>\n\t\t\t\t\t<\/div>\n\t\t<\/div>\n\t\t\t\t\t<\/div>\n\t\t<\/section>\n\t\t\t\t<section class=\"elementor-section elementor-top-section elementor-element elementor-element-21dcee4 elementor-section-boxed elementor-section-height-default elementor-section-height-default\" data-id=\"21dcee4\" data-element_type=\"section\" data-e-type=\"section\">\n\t\t\t\t\t\t<div class=\"elementor-container elementor-column-gap-default\">\n\t\t\t\t\t<div class=\"elementor-column elementor-col-100 elementor-top-column elementor-element elementor-element-cd3cd0e\" data-id=\"cd3cd0e\" data-element_type=\"column\" data-e-type=\"column\">\n\t\t\t<div class=\"elementor-widget-wrap elementor-element-populated\">\n\t\t\t\t\t\t<div class=\"elementor-element elementor-element-7ac9631 elementor-widget elementor-widget-text-editor\" data-id=\"7ac9631\" data-element_type=\"widget\" data-e-type=\"widget\" data-widget_type=\"text-editor.default\">\n\t\t\t\t<div class=\"elementor-widget-container\">\n\t\t\t\t\t\t\t\t\t<p>A ansiedade na adolesc\u00eancia \u00e9 muito prevalente porque o <strong>sistema de recompensa<\/strong> e o <strong>sistema de detec\u00e7\u00e3o de medo e perigo<\/strong> entra em a\u00e7\u00e3o. A ansiedade faz com que o adolescente sofra por<strong> n\u00e3o compreender as novas realidades<\/strong> que se abrem e, n\u00e3o sabendo lidar, ficam <strong>agitados, criam in\u00fameros cen\u00e1rios referente ao futuro<\/strong>, se vai dar certo ou n\u00e3o, sentem-se<strong> confusos<\/strong> e, por vezes, <strong>incompreendidos<\/strong>.<\/p>\t\t\t\t\t\t\t\t<\/div>\n\t\t\t\t<\/div>\n\t\t\t\t\t<\/div>\n\t\t<\/div>\n\t\t\t\t\t<\/div>\n\t\t<\/section>\n\t\t\t\t<section class=\"elementor-section elementor-top-section elementor-element elementor-element-805ec2d elementor-section-boxed elementor-section-height-default elementor-section-height-default\" data-id=\"805ec2d\" data-element_type=\"section\" data-e-type=\"section\">\n\t\t\t\t\t\t<div class=\"elementor-container elementor-column-gap-default\">\n\t\t\t\t\t<div class=\"elementor-column elementor-col-50 elementor-top-column elementor-element elementor-element-396f50d\" data-id=\"396f50d\" data-element_type=\"column\" data-e-type=\"column\">\n\t\t\t<div class=\"elementor-widget-wrap elementor-element-populated\">\n\t\t\t\t\t\t<div class=\"elementor-element elementor-element-626bc83 elementor-widget elementor-widget-image\" data-id=\"626bc83\" data-element_type=\"widget\" data-e-type=\"widget\" data-widget_type=\"image.default\">\n\t\t\t\t<div class=\"elementor-widget-container\">\n\t\t\t\t\t\t\t\t\t\t\t\t\t\t\t<img decoding=\"async\" width=\"650\" height=\"757\" src=\"https:\/\/colegioprigule.com.br\/blog\/wp-content\/uploads\/2024\/07\/6e606ab5-c57a-4345-86d1-97fc037abb36.png\" class=\"attachment-large size-large wp-image-7968\" alt=\"\" srcset=\"https:\/\/colegioprigule.com.br\/blog\/wp-content\/uploads\/2024\/07\/6e606ab5-c57a-4345-86d1-97fc037abb36.png 650w, https:\/\/colegioprigule.com.br\/blog\/wp-content\/uploads\/2024\/07\/6e606ab5-c57a-4345-86d1-97fc037abb36-258x300.png 258w\" sizes=\"(max-width: 650px) 100vw, 650px\" \/>\t\t\t\t\t\t\t\t\t\t\t\t\t\t\t<\/div>\n\t\t\t\t<\/div>\n\t\t\t\t\t<\/div>\n\t\t<\/div>\n\t\t\t\t<div class=\"elementor-column elementor-col-50 elementor-top-column elementor-element elementor-element-bef7777\" data-id=\"bef7777\" data-element_type=\"column\" data-e-type=\"column\">\n\t\t\t<div class=\"elementor-widget-wrap elementor-element-populated\">\n\t\t\t\t\t\t<div class=\"elementor-element elementor-element-dbce975 elementor-widget__width-initial elementor-widget elementor-widget-text-editor\" data-id=\"dbce975\" data-element_type=\"widget\" data-e-type=\"widget\" data-widget_type=\"text-editor.default\">\n\t\t\t\t<div class=\"elementor-widget-container\">\n\t\t\t\t\t\t\t\t\t<p>A ansiedade \u00e9 uma emo\u00e7\u00e3o muito forte que toma conta do sistema cerebral da Riley e, de certa forma ela \u00e9 \u00fatil, porque ela queria que a Riley realmente vencesse os desafios que estavam \u00e0 sua frente. A ansiedade pode ser positiva quando <strong>te prepara para algo novo<\/strong>; se n\u00e3o h\u00e1 ansiedade, por vezes, a pessoa n\u00e3o se prepara para um melhor enfrentamento, por\u00e9m, <strong>se tomar muito tempo o controle<\/strong>, <strong>vem a preocupa\u00e7\u00e3o<\/strong>, <strong>a proje\u00e7\u00e3o de in\u00fameros pensamentos infrut\u00edferos <\/strong>e <strong>ruins<\/strong>, <strong>abrindo margem para grandes crises<\/strong>.<\/p>\t\t\t\t\t\t\t\t<\/div>\n\t\t\t\t<\/div>\n\t\t\t\t\t<\/div>\n\t\t<\/div>\n\t\t\t\t\t<\/div>\n\t\t<\/section>\n\t\t\t\t<section class=\"elementor-section elementor-top-section elementor-element elementor-element-12e7c57 elementor-section-boxed elementor-section-height-default elementor-section-height-default\" data-id=\"12e7c57\" data-element_type=\"section\" data-e-type=\"section\">\n\t\t\t\t\t\t<div class=\"elementor-container elementor-column-gap-default\">\n\t\t\t\t\t<div class=\"elementor-column elementor-col-100 elementor-top-column elementor-element elementor-element-b35ac72\" data-id=\"b35ac72\" data-element_type=\"column\" data-e-type=\"column\">\n\t\t\t<div class=\"elementor-widget-wrap elementor-element-populated\">\n\t\t\t\t\t\t<div class=\"elementor-element elementor-element-25a4249 elementor-widget elementor-widget-text-editor\" data-id=\"25a4249\" data-element_type=\"widget\" data-e-type=\"widget\" data-widget_type=\"text-editor.default\">\n\t\t\t\t<div class=\"elementor-widget-container\">\n\t\t\t\t\t\t\t\t\t<p>Assim, a ansiedade funciona dentro de um limiar, para al\u00e9m disso, fica disfuncional e isso come\u00e7ou a modular o senso de \u201ceu\u201d da Riley.<\/p>\t\t\t\t\t\t\t\t<\/div>\n\t\t\t\t<\/div>\n\t\t\t\t\t<\/div>\n\t\t<\/div>\n\t\t\t\t\t<\/div>\n\t\t<\/section>\n\t\t\t\t<section class=\"elementor-section elementor-top-section elementor-element elementor-element-bf80977 elementor-section-boxed elementor-section-height-default elementor-section-height-default\" data-id=\"bf80977\" data-element_type=\"section\" data-e-type=\"section\">\n\t\t\t\t\t\t<div class=\"elementor-container elementor-column-gap-default\">\n\t\t\t\t\t<div class=\"elementor-column elementor-col-100 elementor-top-column elementor-element elementor-element-dfd6051\" data-id=\"dfd6051\" data-element_type=\"column\" data-e-type=\"column\">\n\t\t\t<div class=\"elementor-widget-wrap elementor-element-populated\">\n\t\t\t\t\t\t<div class=\"elementor-element elementor-element-d209772 elementor-widget elementor-widget-heading\" data-id=\"d209772\" data-element_type=\"widget\" data-e-type=\"widget\" data-widget_type=\"heading.default\">\n\t\t\t\t<div class=\"elementor-widget-container\">\n\t\t\t\t\t<h2 class=\"elementor-heading-title elementor-size-default\">Vergonha, T\u00e9dio e Inveja <\/h2>\t\t\t\t<\/div>\n\t\t\t\t<\/div>\n\t\t\t\t\t<\/div>\n\t\t<\/div>\n\t\t\t\t\t<\/div>\n\t\t<\/section>\n\t\t\t\t<section class=\"elementor-section elementor-top-section elementor-element elementor-element-1fa1b8a elementor-section-boxed elementor-section-height-default elementor-section-height-default\" data-id=\"1fa1b8a\" data-element_type=\"section\" data-e-type=\"section\">\n\t\t\t\t\t\t<div class=\"elementor-container elementor-column-gap-default\">\n\t\t\t\t\t<div class=\"elementor-column elementor-col-50 elementor-top-column elementor-element elementor-element-224831d\" data-id=\"224831d\" data-element_type=\"column\" data-e-type=\"column\">\n\t\t\t<div class=\"elementor-widget-wrap elementor-element-populated\">\n\t\t\t\t\t\t<div class=\"elementor-element elementor-element-45719f5 elementor-widget elementor-widget-text-editor\" data-id=\"45719f5\" data-element_type=\"widget\" data-e-type=\"widget\" data-widget_type=\"text-editor.default\">\n\t\t\t\t<div class=\"elementor-widget-container\">\n\t\t\t\t\t\t\t\t\t<p>A passagem da emo\u00e7\u00e3o <strong>T\u00e9dio<\/strong> tamb\u00e9m \u00e9 bem caracter\u00edstico do adolescente. Comportamentos como revirar os olhos, dizer que n\u00e3o esta nem a\u00ed, estabelecer di\u00e1logos com respostas sucintas como \u201clegal\/normal\u201d e que est\u00e1 cansado ou que tudo \u201c\u00e9 um saco\u201d, \u00e9 bastante comum de encontrarmos.<\/p>\t\t\t\t\t\t\t\t<\/div>\n\t\t\t\t<\/div>\n\t\t\t\t\t<\/div>\n\t\t<\/div>\n\t\t\t\t<div class=\"elementor-column elementor-col-50 elementor-top-column elementor-element elementor-element-8e27056\" data-id=\"8e27056\" data-element_type=\"column\" data-e-type=\"column\">\n\t\t\t<div class=\"elementor-widget-wrap elementor-element-populated\">\n\t\t\t\t\t\t<div class=\"elementor-element elementor-element-f455b5a elementor-widget__width-initial elementor-widget elementor-widget-image\" data-id=\"f455b5a\" data-element_type=\"widget\" data-e-type=\"widget\" data-widget_type=\"image.default\">\n\t\t\t\t<div class=\"elementor-widget-container\">\n\t\t\t\t\t\t\t\t\t\t\t\t\t\t\t<img loading=\"lazy\" decoding=\"async\" width=\"800\" height=\"450\" src=\"https:\/\/colegioprigule.com.br\/blog\/wp-content\/uploads\/2024\/07\/0ab942b4-527c-40e1-986d-6336758dfe11-1024x576.jpg\" class=\"attachment-large size-large wp-image-7971\" alt=\"\" srcset=\"https:\/\/colegioprigule.com.br\/blog\/wp-content\/uploads\/2024\/07\/0ab942b4-527c-40e1-986d-6336758dfe11-1024x576.jpg 1024w, https:\/\/colegioprigule.com.br\/blog\/wp-content\/uploads\/2024\/07\/0ab942b4-527c-40e1-986d-6336758dfe11-300x169.jpg 300w, https:\/\/colegioprigule.com.br\/blog\/wp-content\/uploads\/2024\/07\/0ab942b4-527c-40e1-986d-6336758dfe11-768x432.jpg 768w, https:\/\/colegioprigule.com.br\/blog\/wp-content\/uploads\/2024\/07\/0ab942b4-527c-40e1-986d-6336758dfe11.jpg 1060w\" sizes=\"(max-width: 800px) 100vw, 800px\" \/>\t\t\t\t\t\t\t\t\t\t\t\t\t\t\t<\/div>\n\t\t\t\t<\/div>\n\t\t\t\t\t<\/div>\n\t\t<\/div>\n\t\t\t\t\t<\/div>\n\t\t<\/section>\n\t\t\t\t<section class=\"elementor-section elementor-top-section elementor-element elementor-element-e421e03 elementor-section-boxed elementor-section-height-default elementor-section-height-default\" data-id=\"e421e03\" data-element_type=\"section\" data-e-type=\"section\">\n\t\t\t\t\t\t<div class=\"elementor-container elementor-column-gap-default\">\n\t\t\t\t\t<div class=\"elementor-column elementor-col-50 elementor-top-column elementor-element elementor-element-c97b410\" data-id=\"c97b410\" data-element_type=\"column\" data-e-type=\"column\">\n\t\t\t<div class=\"elementor-widget-wrap elementor-element-populated\">\n\t\t\t\t\t\t<div class=\"elementor-element elementor-element-4dad8fa elementor-widget elementor-widget-image\" data-id=\"4dad8fa\" data-element_type=\"widget\" data-e-type=\"widget\" data-widget_type=\"image.default\">\n\t\t\t\t<div class=\"elementor-widget-container\">\n\t\t\t\t\t\t\t\t\t\t\t\t\t\t\t<img loading=\"lazy\" decoding=\"async\" width=\"800\" height=\"450\" src=\"https:\/\/colegioprigule.com.br\/blog\/wp-content\/uploads\/2024\/07\/vergonha-1024x576.jpg\" class=\"attachment-large size-large wp-image-7972\" alt=\"\" srcset=\"https:\/\/colegioprigule.com.br\/blog\/wp-content\/uploads\/2024\/07\/vergonha-1024x576.jpg 1024w, https:\/\/colegioprigule.com.br\/blog\/wp-content\/uploads\/2024\/07\/vergonha-300x169.jpg 300w, https:\/\/colegioprigule.com.br\/blog\/wp-content\/uploads\/2024\/07\/vergonha-768x432.jpg 768w, https:\/\/colegioprigule.com.br\/blog\/wp-content\/uploads\/2024\/07\/vergonha.jpg 1200w\" sizes=\"(max-width: 800px) 100vw, 800px\" \/>\t\t\t\t\t\t\t\t\t\t\t\t\t\t\t<\/div>\n\t\t\t\t<\/div>\n\t\t\t\t\t<\/div>\n\t\t<\/div>\n\t\t\t\t<div class=\"elementor-column elementor-col-50 elementor-top-column elementor-element elementor-element-83b77e8\" data-id=\"83b77e8\" data-element_type=\"column\" data-e-type=\"column\">\n\t\t\t<div class=\"elementor-widget-wrap elementor-element-populated\">\n\t\t\t\t\t\t<div class=\"elementor-element elementor-element-ce1823c elementor-widget elementor-widget-text-editor\" data-id=\"ce1823c\" data-element_type=\"widget\" data-e-type=\"widget\" data-widget_type=\"text-editor.default\">\n\t\t\t\t<div class=\"elementor-widget-container\">\n\t\t\t\t\t\t\t\t\t<p>Bem como faz muito sentido a emo\u00e7\u00e3o <strong>Vergonha<\/strong> porque essa \u00e9 a fase da vida em que o ser humano <strong>mais se preocupa com o que os pares est\u00e3o pensando sobre si<\/strong>, o que pode gerar tamb\u00e9m a <strong>Inveja<\/strong> pelo o que o outro tem ou pelo que o outro \u00e9 e &#8220;eu&#8221; n\u00e3o consigo&#8230;<\/p>\t\t\t\t\t\t\t\t<\/div>\n\t\t\t\t<\/div>\n\t\t\t\t\t<\/div>\n\t\t<\/div>\n\t\t\t\t\t<\/div>\n\t\t<\/section>\n\t\t\t\t<section class=\"elementor-section elementor-top-section elementor-element elementor-element-209240c elementor-section-boxed elementor-section-height-default elementor-section-height-default\" data-id=\"209240c\" data-element_type=\"section\" data-e-type=\"section\">\n\t\t\t\t\t\t<div class=\"elementor-container elementor-column-gap-default\">\n\t\t\t\t\t<div class=\"elementor-column elementor-col-100 elementor-top-column elementor-element elementor-element-24cf40a\" data-id=\"24cf40a\" data-element_type=\"column\" data-e-type=\"column\">\n\t\t\t<div class=\"elementor-widget-wrap elementor-element-populated\">\n\t\t\t\t\t\t<div class=\"elementor-element elementor-element-f6d1a5a elementor-widget elementor-widget-text-editor\" data-id=\"f6d1a5a\" data-element_type=\"widget\" data-e-type=\"widget\" data-widget_type=\"text-editor.default\">\n\t\t\t\t<div class=\"elementor-widget-container\">\n\t\t\t\t\t\t\t\t\t<p>Por fim, quando houve a jun\u00e7\u00e3o das emo\u00e7\u00f5es e todas se deram as m\u00e3os, se acolheram, percebendo o bem que juntas poderiam fazer pela Riyle ao interagirem entre si, isso a ajudou a recriar o senso de identidade da \u201cnossa garotinha que est\u00e1 crescendo\u201d&#8230; a Riyle entendeu que ela era todas as emo\u00e7\u00f5es juntas, pois foi necess\u00e1rio <strong>compreender e aceitar o que se sentia<\/strong> para<strong> lidar de forma mais assertiva e inteligente<\/strong> a fim de tirar proveito de cada situa\u00e7\u00e3o da vida. H\u00e1 momentos em que a ansiedade deve assumir o controle, assim como a alegria, a tristeza.<\/p>\t\t\t\t\t\t\t\t<\/div>\n\t\t\t\t<\/div>\n\t\t\t\t\t<\/div>\n\t\t<\/div>\n\t\t\t\t\t<\/div>\n\t\t<\/section>\n\t\t\t\t<section class=\"elementor-section elementor-top-section elementor-element elementor-element-91d26a1 elementor-section-boxed elementor-section-height-default elementor-section-height-default\" data-id=\"91d26a1\" data-element_type=\"section\" data-e-type=\"section\">\n\t\t\t\t\t\t<div class=\"elementor-container elementor-column-gap-default\">\n\t\t\t\t\t<div class=\"elementor-column elementor-col-100 elementor-top-column elementor-element elementor-element-7faab3d\" data-id=\"7faab3d\" data-element_type=\"column\" data-e-type=\"column\">\n\t\t\t<div class=\"elementor-widget-wrap elementor-element-populated\">\n\t\t\t\t\t\t<div class=\"elementor-element elementor-element-e38b958 elementor-widget elementor-widget-text-editor\" data-id=\"e38b958\" data-element_type=\"widget\" data-e-type=\"widget\" data-widget_type=\"text-editor.default\">\n\t\t\t\t<div class=\"elementor-widget-container\">\n\t\t\t\t\t\t\t\t\t<p>\u201cAgora \u00e9 a sua vez\u201d porque n\u00e3o \u00e9 sobre emo\u00e7\u00f5es boas ou ruins, mas sobre compreend\u00ea-las e integra-las como Seres c\u00edclicos que somos.<\/p>\t\t\t\t\t\t\t\t<\/div>\n\t\t\t\t<\/div>\n\t\t\t\t\t<\/div>\n\t\t<\/div>\n\t\t\t\t\t<\/div>\n\t\t<\/section>\n\t\t\t\t<section class=\"elementor-section elementor-top-section elementor-element elementor-element-fc64efd elementor-section-boxed elementor-section-height-default elementor-section-height-default\" data-id=\"fc64efd\" data-element_type=\"section\" data-e-type=\"section\">\n\t\t\t\t\t\t<div class=\"elementor-container elementor-column-gap-default\">\n\t\t\t\t\t<div class=\"elementor-column elementor-col-100 elementor-top-column elementor-element elementor-element-7e11243\" data-id=\"7e11243\" data-element_type=\"column\" data-e-type=\"column\">\n\t\t\t<div class=\"elementor-widget-wrap elementor-element-populated\">\n\t\t\t\t\t\t<div class=\"elementor-element elementor-element-5874341 elementor-widget elementor-widget-text-editor\" data-id=\"5874341\" data-element_type=\"widget\" data-e-type=\"widget\" data-widget_type=\"text-editor.default\">\n\t\t\t\t<div class=\"elementor-widget-container\">\n\t\t\t\t\t\t\t\t\t<p>Eu j\u00e1 estou na torcida pelo Divertidamente 3, 4, 5, 6 ou mais, de modo a perpassar todas as fases da nossa vida, de forma leve, divertida, recheada de significados e emo\u00e7\u00f5es, e voc\u00ea?<\/p>\t\t\t\t\t\t\t\t<\/div>\n\t\t\t\t<\/div>\n\t\t\t\t\t<\/div>\n\t\t<\/div>\n\t\t\t\t\t<\/div>\n\t\t<\/section>\n\t\t\t\t<section class=\"elementor-section elementor-top-section elementor-element elementor-element-0b8b797 elementor-section-boxed elementor-section-height-default elementor-section-height-default\" data-id=\"0b8b797\" data-element_type=\"section\" data-e-type=\"section\">\n\t\t\t\t\t\t<div class=\"elementor-container elementor-column-gap-default\">\n\t\t\t\t\t<div class=\"elementor-column elementor-col-100 elementor-top-column elementor-element elementor-element-ff60c9e\" data-id=\"ff60c9e\" data-element_type=\"column\" data-e-type=\"column\">\n\t\t\t<div class=\"elementor-widget-wrap elementor-element-populated\">\n\t\t\t\t\t\t<div class=\"elementor-element elementor-element-038be6e elementor-widget elementor-widget-text-editor\" data-id=\"038be6e\" data-element_type=\"widget\" data-e-type=\"widget\" data-widget_type=\"text-editor.default\">\n\t\t\t\t<div class=\"elementor-widget-container\">\n\t\t\t\t\t\t\t\t\t<p>Texto de: <a href=\"https:\/\/www.instagram.com\/p\/C3lWe9xvQ1f\/?utm_source=ig_web_copy_link&amp;igsh=MzRlODBiNWFlZA==\">@leticia_dorighello<\/a><\/p>\t\t\t\t\t\t\t\t<\/div>\n\t\t\t\t<\/div>\n\t\t\t\t\t<\/div>\n\t\t<\/div>\n\t\t\t\t\t<\/div>\n\t\t<\/section>\n\t\t\t\t<\/div>\n\t\t","protected":false},"excerpt":{"rendered":"<p>O filme Divertidamente 2, estreado nos cinemas brasileiros h\u00e1 menos de 1 m\u00eas, virou sucesso absoluto e est\u00e1 sendo muito comentado por pensadores e cientistas da mente humana. De forma leve e divertida, o primeiro filme (Divertidamente 1) nos mostra o c\u00e9rebro da personagem Riley, uma crian\u00e7a de 11 anos, como sendo um quartel general [&hellip;]<\/p>\n","protected":false},"author":13,"featured_media":7939,"comment_status":"open","ping_status":"open","sticky":false,"template":"","format":"standard","meta":{"footnotes":""},"categories":[92],"tags":[],"class_list":["post-7937","post","type-post","status-publish","format-standard","has-post-thumbnail","hentry","category-prigule-me-ajuda"],"_links":{"self":[{"href":"https:\/\/colegioprigule.com.br\/blog\/wp-json\/wp\/v2\/posts\/7937","targetHints":{"allow":["GET"]}}],"collection":[{"href":"https:\/\/colegioprigule.com.br\/blog\/wp-json\/wp\/v2\/posts"}],"about":[{"href":"https:\/\/colegioprigule.com.br\/blog\/wp-json\/wp\/v2\/types\/post"}],"author":[{"embeddable":true,"href":"https:\/\/colegioprigule.com.br\/blog\/wp-json\/wp\/v2\/users\/13"}],"replies":[{"embeddable":true,"href":"https:\/\/colegioprigule.com.br\/blog\/wp-json\/wp\/v2\/comments?post=7937"}],"version-history":[{"count":23,"href":"https:\/\/colegioprigule.com.br\/blog\/wp-json\/wp\/v2\/posts\/7937\/revisions"}],"predecessor-version":[{"id":7983,"href":"https:\/\/colegioprigule.com.br\/blog\/wp-json\/wp\/v2\/posts\/7937\/revisions\/7983"}],"wp:featuredmedia":[{"embeddable":true,"href":"https:\/\/colegioprigule.com.br\/blog\/wp-json\/wp\/v2\/media\/7939"}],"wp:attachment":[{"href":"https:\/\/colegioprigule.com.br\/blog\/wp-json\/wp\/v2\/media?parent=7937"}],"wp:term":[{"taxonomy":"category","embeddable":true,"href":"https:\/\/colegioprigule.com.br\/blog\/wp-json\/wp\/v2\/categories?post=7937"},{"taxonomy":"post_tag","embeddable":true,"href":"https:\/\/colegioprigule.com.br\/blog\/wp-json\/wp\/v2\/tags?post=7937"}],"curies":[{"name":"wp","href":"https:\/\/api.w.org\/{rel}","templated":true}]}}