{"id":9422,"date":"2024-11-01T14:04:49","date_gmt":"2024-11-01T17:04:49","guid":{"rendered":"https:\/\/colegioprigule.com.br\/?p=9422"},"modified":"2024-11-04T18:28:05","modified_gmt":"2024-11-04T21:28:05","slug":"elementor-9422","status":"publish","type":"post","link":"https:\/\/colegioprigule.com.br\/blog\/elementor-9422\/","title":{"rendered":"Cidadania na pr\u00e1tica engaja alunos dos 5\u00bas Anos do Col\u00e9gio Pr\u00edgule"},"content":{"rendered":"\t\t<div data-elementor-type=\"wp-post\" data-elementor-id=\"9422\" class=\"elementor elementor-9422\" data-elementor-post-type=\"post\">\n\t\t\t\t\t\t<section class=\"elementor-section elementor-top-section elementor-element elementor-element-5c7ddb8 elementor-section-boxed elementor-section-height-default elementor-section-height-default\" data-id=\"5c7ddb8\" data-element_type=\"section\" data-e-type=\"section\">\n\t\t\t\t\t\t<div class=\"elementor-container elementor-column-gap-default\">\n\t\t\t\t\t<div class=\"elementor-column elementor-col-100 elementor-top-column elementor-element elementor-element-b450102\" data-id=\"b450102\" data-element_type=\"column\" data-e-type=\"column\">\n\t\t\t<div class=\"elementor-widget-wrap elementor-element-populated\">\n\t\t\t\t\t\t<div class=\"elementor-element elementor-element-10ce270 elementor-widget elementor-widget-text-editor\" data-id=\"10ce270\" data-element_type=\"widget\" data-e-type=\"widget\" data-widget_type=\"text-editor.default\">\n\t\t\t\t<div class=\"elementor-widget-container\">\n\t\t\t\t\t\t\t\t\t<p style=\"text-align: left;\"><span style=\"background-color: transparent; font-weight: inherit; text-align: center; letter-spacing: 0.2px;\">V<\/span><span style=\"background-color: transparent; color: #000000; font-family: Arial, sans-serif; font-size: 12pt; font-style: italic; white-space-collapse: preserve; font-weight: inherit; text-align: center; letter-spacing: 0.2px;\">iv\u00eancia sobre democracia com atividade pr\u00e1tica abrangendo o cen\u00e1rio das elei\u00e7\u00f5es desperta senso de responsabilidade social nas crian\u00e7as.<\/span><\/p>\n<p><\/p>\n<p dir=\"ltr\" style=\"line-height: 1.3800000000000001; margin-top: 14pt; margin-bottom: 14pt;\"><span style=\"font-size: 12pt; font-family: Arial, sans-serif; color: #000000; background-color: transparent; font-variant-numeric: normal; font-variant-east-asian: normal; font-variant-alternates: normal; font-variant-position: normal; vertical-align: baseline; white-space-collapse: preserve;\">No Col\u00e9gio Pr\u00edgule, a abordagem da cidadania e da democracia transcendeu o material did\u00e1tico e trouxe uma viv\u00eancia pr\u00e1tica para os alunos dos 5\u00ba anos A e B. Durante o m\u00eas de outubro, enquanto o Brasil vivenciava o per\u00edodo eleitoral, as turmas orientadas pela professora F\u00e1tima aprofundaram o conhecimento em sala de aula simulando tudo o que envolve uma elei\u00e7\u00e3o.&nbsp;&nbsp;<\/span><\/p>\n<p dir=\"ltr\" style=\"line-height: 1.3800000000000001; text-align: justify; margin-top: 0pt; margin-bottom: 8pt;\"><span style=\"font-size: 12pt; font-family: Arial, sans-serif; color: #000000; background-color: transparent; font-variant-numeric: normal; font-variant-east-asian: normal; font-variant-alternates: normal; font-variant-position: normal; vertical-align: baseline; white-space-collapse: preserve;\">A atividade, proposta pelo \u00c9tico Sistema de Ensino, permitiu aos estudantes mergulharem no universo eleitoral e, durante 15 dias, eles tiveram uma vis\u00e3o detalhada sobre os seguintes temas:<\/span><\/p>\n<ul style=\"margin-bottom: 0px; padding-inline-start: 48px;\">\n<li dir=\"ltr\" style=\"list-style-type: disc; font-size: 12pt; font-family: Arial, sans-serif; color: #000000; background-color: transparent; font-weight: 400; font-style: normal; font-variant-numeric: normal; font-variant-east-asian: normal; font-variant-alternates: normal; font-variant-position: normal; white-space: pre;\" aria-level=\"1\"><p dir=\"ltr\" style=\"line-height: 1.3800000000000001; text-align: justify; margin-top: 0pt; margin-bottom: 0pt;\" role=\"presentation\"><span style=\"font-size: 12pt; background-color: transparent; font-variant-numeric: normal; font-variant-east-asian: normal; font-variant-alternates: normal; font-variant-position: normal; vertical-align: baseline; text-wrap-mode: wrap;\">O surgimento da democracia em Atenas;<\/span><\/p>\n<\/li>\n<li dir=\"ltr\" style=\"list-style-type: disc; font-size: 12pt; font-family: Arial, sans-serif; color: #000000; background-color: transparent; font-weight: 400; font-style: normal; font-variant-numeric: normal; font-variant-east-asian: normal; font-variant-alternates: normal; font-variant-position: normal; white-space: pre;\" aria-level=\"1\"><p dir=\"ltr\" style=\"line-height: 1.3800000000000001; text-align: justify; margin-top: 0pt; margin-bottom: 0pt;\" role=\"presentation\"><span style=\"font-size: 12pt; background-color: transparent; font-variant-numeric: normal; font-variant-east-asian: normal; font-variant-alternates: normal; font-variant-position: normal; vertical-align: baseline; text-wrap-mode: wrap;\">A promulga\u00e7\u00e3o da Declara\u00e7\u00e3o dos Direitos do Homem e do Cidad\u00e3o no contexto da revolu\u00e7\u00e3o Francesa;<\/span><\/p>\n<\/li>\n<li dir=\"ltr\" style=\"list-style-type: disc; font-size: 12pt; font-family: Arial, sans-serif; color: #000000; background-color: transparent; font-weight: 400; font-style: normal; font-variant-numeric: normal; font-variant-east-asian: normal; font-variant-alternates: normal; font-variant-position: normal; white-space: pre;\" aria-level=\"1\"><p dir=\"ltr\" style=\"line-height: 1.3800000000000001; text-align: justify; margin-top: 0pt; margin-bottom: 0pt;\" role=\"presentation\"><span style=\"font-size: 12pt; background-color: transparent; font-variant-numeric: normal; font-variant-east-asian: normal; font-variant-alternates: normal; font-variant-position: normal; vertical-align: baseline; text-wrap-mode: wrap;\">A publica\u00e7\u00e3o da Declara\u00e7\u00e3o Universal dos Direitos do Homem pelas Na\u00e7\u00f5es Unidas, em 1948<\/span><\/p>\n<\/li>\n<\/ul>\n<p dir=\"ltr\" style=\"line-height: 1.3800000000000001; margin-top: 14pt; margin-bottom: 14pt;\"><span style=\"font-size: 12pt; font-family: Arial, sans-serif; color: #000000; background-color: transparent; font-variant-numeric: normal; font-variant-east-asian: normal; font-variant-alternates: normal; font-variant-position: normal; vertical-align: baseline; white-space-collapse: preserve;\">Para tornar o aprendizado mais pr\u00e1tico e din\u00e2mico, a professora F\u00e1tima incentivou cada aluno a criar seu pr\u00f3prio &#8220;projeto de lei&#8221; voltado para pol\u00edticas p\u00fablicas, incluindo slogan de campanha e n\u00famero para vota\u00e7\u00e3o. O ambiente de vota\u00e7\u00e3o, cuidadosamente recriado, incluiu urna eletr\u00f4nica, cartazes informativos e alunos atuando como mes\u00e1rios. Com direito a \u201ct\u00edtulo de eleitor\u201d, os estudantes puderam, assim, viver uma experi\u00eancia cidad\u00e3, e a atividade foi conclu\u00edda com uma vota\u00e7\u00e3o especial durante a Semana da Crian\u00e7a.<\/span><\/p>\n<p dir=\"ltr\" style=\"line-height: 1.3800000000000001; margin-top: 14pt; margin-bottom: 14pt;\"><span style=\"font-size: 12pt; font-family: Arial, sans-serif; color: #000000; background-color: transparent; font-variant-numeric: normal; font-variant-east-asian: normal; font-variant-alternates: normal; font-variant-position: normal; vertical-align: baseline; white-space-collapse: preserve;\">Al\u00e9m da divers\u00e3o, essa experi\u00eancia foi uma oportunidade \u00fanica para que os alunos escolhessem os candidatos a &#8220;prefeito&#8221; e &#8220;vereador&#8221; que apresentaram os projetos mais inspiradores. Os eleitos receberam a miss\u00e3o de contribuir com a sala at\u00e9 o fim do ano letivo, incentivando o engajamento e o di\u00e1logo.<\/span><\/p>\n<p dir=\"ltr\" style=\"line-height: 1.3800000000000001; margin-top: 14pt; margin-bottom: 14pt;\"><span style=\"font-size: 12pt; font-family: Arial, sans-serif; color: #000000; background-color: transparent; font-variant-numeric: normal; font-variant-east-asian: normal; font-variant-alternates: normal; font-variant-position: normal; vertical-align: baseline; white-space-collapse: preserve;\">Os eleitos foram:<\/span><\/p>\n<ul style=\"margin-bottom: 0px; padding-inline-start: 48px;\">\n<li dir=\"ltr\" style=\"list-style-type: disc; font-size: 12pt; font-family: Arial, sans-serif; color: #000000; background-color: transparent; font-weight: 400; font-style: normal; font-variant-numeric: normal; font-variant-east-asian: normal; font-variant-alternates: normal; font-variant-position: normal; white-space: pre;\" aria-level=\"1\"><p dir=\"ltr\" style=\"line-height: 1.3800000000000001; margin-top: 14pt; margin-bottom: 0pt;\" role=\"presentation\"><span style=\"font-size: 12pt; background-color: transparent; font-weight: bold; font-variant-numeric: normal; font-variant-east-asian: normal; font-variant-alternates: normal; font-variant-position: normal; vertical-align: baseline; text-wrap-mode: wrap;\">Prefeito do 5\u00ba ano A<\/span><span style=\"font-size: 12pt; background-color: transparent; font-variant-numeric: normal; font-variant-east-asian: normal; font-variant-alternates: normal; font-variant-position: normal; vertical-align: baseline; text-wrap-mode: wrap;\"> \u2013 Valentina Dearo<\/span><\/p>\n<\/li>\n<li dir=\"ltr\" style=\"list-style-type: disc; font-size: 12pt; font-family: Arial, sans-serif; color: #000000; background-color: transparent; font-weight: 400; font-style: normal; font-variant-numeric: normal; font-variant-east-asian: normal; font-variant-alternates: normal; font-variant-position: normal; white-space: pre;\" aria-level=\"1\"><p dir=\"ltr\" style=\"line-height: 1.3800000000000001; margin-top: 0pt; margin-bottom: 0pt;\" role=\"presentation\"><span style=\"font-size: 12pt; background-color: transparent; font-weight: bold; font-variant-numeric: normal; font-variant-east-asian: normal; font-variant-alternates: normal; font-variant-position: normal; vertical-align: baseline; text-wrap-mode: wrap;\">Vereador do 5\u00ba ano A<\/span><span style=\"font-size: 12pt; background-color: transparent; font-variant-numeric: normal; font-variant-east-asian: normal; font-variant-alternates: normal; font-variant-position: normal; vertical-align: baseline; text-wrap-mode: wrap;\"> \u2013 Ana Clara Dorighello<\/span><\/p>\n<\/li>\n<li dir=\"ltr\" style=\"list-style-type: disc; font-size: 12pt; font-family: Arial, sans-serif; color: #000000; background-color: transparent; font-weight: 400; font-style: normal; font-variant-numeric: normal; font-variant-east-asian: normal; font-variant-alternates: normal; font-variant-position: normal; white-space: pre;\" aria-level=\"1\"><p dir=\"ltr\" style=\"line-height: 1.3800000000000001; margin-top: 0pt; margin-bottom: 0pt;\" role=\"presentation\"><span style=\"font-size: 12pt; background-color: transparent; font-weight: bold; font-variant-numeric: normal; font-variant-east-asian: normal; font-variant-alternates: normal; font-variant-position: normal; vertical-align: baseline; text-wrap-mode: wrap;\">Prefeito do 5\u00ba ano B<\/span><span style=\"font-size: 12pt; background-color: transparent; font-variant-numeric: normal; font-variant-east-asian: normal; font-variant-alternates: normal; font-variant-position: normal; vertical-align: baseline; text-wrap-mode: wrap;\"> \u2013 Aisha de Oliveira<\/span><\/p>\n<\/li>\n<li dir=\"ltr\" style=\"list-style-type: disc; font-size: 12pt; font-family: Arial, sans-serif; color: #000000; background-color: transparent; font-weight: 400; font-style: normal; font-variant-numeric: normal; font-variant-east-asian: normal; font-variant-alternates: normal; font-variant-position: normal; white-space: pre;\" aria-level=\"1\"><p dir=\"ltr\" style=\"line-height: 1.3800000000000001; margin-top: 0pt; margin-bottom: 14pt;\" role=\"presentation\"><span style=\"font-size: 12pt; background-color: transparent; font-weight: bold; font-variant-numeric: normal; font-variant-east-asian: normal; font-variant-alternates: normal; font-variant-position: normal; vertical-align: baseline; text-wrap-mode: wrap;\">Vereador do 5\u00ba ano B<\/span><span style=\"font-size: 12pt; background-color: transparent; font-variant-numeric: normal; font-variant-east-asian: normal; font-variant-alternates: normal; font-variant-position: normal; vertical-align: baseline; text-wrap-mode: wrap;\"> \u2013 Fl\u00e1via Bispo<\/span><\/p>\n<\/li>\n<\/ul>\n<p dir=\"ltr\" style=\"line-height: 1.3800000000000001; margin-top: 14pt; margin-bottom: 14pt;\"><span style=\"font-size: 12pt; font-family: Arial, sans-serif; color: #000000; background-color: transparent; font-variant-numeric: normal; font-variant-east-asian: normal; font-variant-alternates: normal; font-variant-position: normal; vertical-align: baseline; white-space-collapse: preserve;\">A proposta envolveu conceitos de direitos e deveres e ressaltou o valor do respeito e da colabora\u00e7\u00e3o. Com essa atividade, os alunos compreenderam a import\u00e2ncia de um voto consciente e da \u00e9tica cidad\u00e3 desde cedo.<\/span><\/p>\n<p dir=\"ltr\" style=\"line-height: 1.2; margin-top: 0pt; margin-bottom: 8pt;\"><span style=\"font-size: 12pt; font-family: Arial, sans-serif; color: #000000; background-color: transparent; font-variant-numeric: normal; font-variant-east-asian: normal; font-variant-alternates: normal; font-variant-position: normal; vertical-align: baseline; white-space-collapse: preserve;\">Para conferir os momentos desta viv\u00eancia e ver os alunos em a\u00e7\u00e3o, veja as fotos e a publica\u00e7\u00e3o em nosso <\/span><a href=\"https:\/\/www.instagram.com\/p\/DBe44XbP-L2\/?img_index=1\"><span style=\"font-size: 12pt; font-family: Arial, sans-serif; color: #0000ff; background-color: transparent; font-variant-numeric: normal; font-variant-east-asian: normal; font-variant-alternates: normal; font-variant-position: normal; text-decoration-line: underline; text-decoration-skip-ink: none; vertical-align: baseline; white-space-collapse: preserve;\">Instagram<\/span><\/a><span style=\"font-size: 12pt; font-family: Arial, sans-serif; color: #000000; background-color: transparent; font-variant-numeric: normal; font-variant-east-asian: normal; font-variant-alternates: normal; font-variant-position: normal; vertical-align: baseline; white-space-collapse: preserve;\"> [<\/span><a href=\"https:\/\/www.instagram.com\/p\/DBe44XbP-L2\/?img_index=1\"><span style=\"font-size: 12pt; font-family: Arial, sans-serif; color: #1155cc; background-color: transparent; font-variant-numeric: normal; font-variant-east-asian: normal; font-variant-alternates: normal; font-variant-position: normal; text-decoration-line: underline; text-decoration-skip-ink: none; vertical-align: baseline; white-space-collapse: preserve;\">https:\/\/www.instagram.com\/p\/DBe44XbP-L2\/?img_index=1<\/span><\/a><span style=\"font-size: 12pt; font-family: 'Times New Roman', serif; color: #000000; background-color: transparent; font-variant-numeric: normal; font-variant-east-asian: normal; font-variant-alternates: normal; font-variant-position: normal; vertical-align: baseline; white-space-collapse: preserve;\">]<\/span><\/p>\n<p dir=\"ltr\" style=\"line-height: 1.3800000000000001; margin-top: 14pt; margin-bottom: 14pt;\"><span style=\"font-size: 12pt; font-family: Arial, sans-serif; color: #000000; background-color: transparent; font-variant-numeric: normal; font-variant-east-asian: normal; font-variant-alternates: normal; font-variant-position: normal; vertical-align: baseline; white-space-collapse: preserve;\">Quer saber mais sobre como o Col\u00e9gio Pr\u00edgule transforma o aprendizado em experi\u00eancia pr\u00e1tica? Acompanhe nossas redes e fique por dentro das pr\u00f3ximas atividades.<\/span><\/p>\n<p><\/p>\t\t\t\t\t\t\t\t<\/div>\n\t\t\t\t<\/div>\n\t\t\t\t\t<\/div>\n\t\t<\/div>\n\t\t\t\t\t<\/div>\n\t\t<\/section>\n\t\t\t\t<\/div>\n\t\t","protected":false},"excerpt":{"rendered":"<p>Viv\u00eancia sobre democracia com atividade pr\u00e1tica abrangendo o cen\u00e1rio das elei\u00e7\u00f5es desperta senso de responsabilidade social nas crian\u00e7as. No Col\u00e9gio Pr\u00edgule, a abordagem da cidadania e da democracia transcendeu o material did\u00e1tico e trouxe uma viv\u00eancia pr\u00e1tica para os alunos dos 5\u00ba anos A e B. Durante o m\u00eas de outubro, enquanto o Brasil vivenciava [&hellip;]<\/p>\n","protected":false},"author":14,"featured_media":9423,"comment_status":"open","ping_status":"open","sticky":false,"template":"","format":"standard","meta":{"footnotes":""},"categories":[6],"tags":[],"class_list":["post-9422","post","type-post","status-publish","format-standard","has-post-thumbnail","hentry","category-blog"],"_links":{"self":[{"href":"https:\/\/colegioprigule.com.br\/blog\/wp-json\/wp\/v2\/posts\/9422","targetHints":{"allow":["GET"]}}],"collection":[{"href":"https:\/\/colegioprigule.com.br\/blog\/wp-json\/wp\/v2\/posts"}],"about":[{"href":"https:\/\/colegioprigule.com.br\/blog\/wp-json\/wp\/v2\/types\/post"}],"author":[{"embeddable":true,"href":"https:\/\/colegioprigule.com.br\/blog\/wp-json\/wp\/v2\/users\/14"}],"replies":[{"embeddable":true,"href":"https:\/\/colegioprigule.com.br\/blog\/wp-json\/wp\/v2\/comments?post=9422"}],"version-history":[{"count":15,"href":"https:\/\/colegioprigule.com.br\/blog\/wp-json\/wp\/v2\/posts\/9422\/revisions"}],"predecessor-version":[{"id":9466,"href":"https:\/\/colegioprigule.com.br\/blog\/wp-json\/wp\/v2\/posts\/9422\/revisions\/9466"}],"wp:featuredmedia":[{"embeddable":true,"href":"https:\/\/colegioprigule.com.br\/blog\/wp-json\/wp\/v2\/media\/9423"}],"wp:attachment":[{"href":"https:\/\/colegioprigule.com.br\/blog\/wp-json\/wp\/v2\/media?parent=9422"}],"wp:term":[{"taxonomy":"category","embeddable":true,"href":"https:\/\/colegioprigule.com.br\/blog\/wp-json\/wp\/v2\/categories?post=9422"},{"taxonomy":"post_tag","embeddable":true,"href":"https:\/\/colegioprigule.com.br\/blog\/wp-json\/wp\/v2\/tags?post=9422"}],"curies":[{"name":"wp","href":"https:\/\/api.w.org\/{rel}","templated":true}]}}