{"id":9516,"date":"2024-11-08T12:28:58","date_gmt":"2024-11-08T15:28:58","guid":{"rendered":"https:\/\/colegioprigule.com.br\/?p=9516"},"modified":"2024-11-08T12:31:28","modified_gmt":"2024-11-08T15:31:28","slug":"mostra-cultural-unesco-2024-tem-foco-em-sustentabilidade-e-cidadania","status":"publish","type":"post","link":"https:\/\/colegioprigule.com.br\/blog\/mostra-cultural-unesco-2024-tem-foco-em-sustentabilidade-e-cidadania\/","title":{"rendered":"Mostra Cultural UNESCO 2024 tem foco em sustentabilidade e cidadania"},"content":{"rendered":"\t\t<div data-elementor-type=\"wp-post\" data-elementor-id=\"9516\" class=\"elementor elementor-9516\" data-elementor-post-type=\"post\">\n\t\t\t\t\t\t<section class=\"elementor-section elementor-top-section elementor-element elementor-element-e65c0fe elementor-section-boxed elementor-section-height-default elementor-section-height-default\" data-id=\"e65c0fe\" data-element_type=\"section\" data-e-type=\"section\">\n\t\t\t\t\t\t<div class=\"elementor-container elementor-column-gap-default\">\n\t\t\t\t\t<div class=\"elementor-column elementor-col-100 elementor-top-column elementor-element elementor-element-0fa1de1\" data-id=\"0fa1de1\" data-element_type=\"column\" data-e-type=\"column\">\n\t\t\t<div class=\"elementor-widget-wrap elementor-element-populated\">\n\t\t\t\t\t\t<div class=\"elementor-element elementor-element-6c946d1 elementor-widget elementor-widget-text-editor\" data-id=\"6c946d1\" data-element_type=\"widget\" data-e-type=\"widget\" data-widget_type=\"text-editor.default\">\n\t\t\t\t<div class=\"elementor-widget-container\">\n\t\t\t\t\t\t\t\t\t<span id=\"docs-internal-guid-55ddbc76-7fff-9506-5e16-c96a821f98f3\"><p dir=\"ltr\" style=\"line-height:1.3800000000000001;text-align: center;margin-top:14pt;margin-bottom:14pt;\"><span style=\"font-size: 12pt; font-family: Arial, sans-serif; color: rgb(0, 0, 0); background-color: transparent; font-style: italic; font-variant-numeric: normal; font-variant-east-asian: normal; font-variant-alternates: normal; font-variant-position: normal; vertical-align: baseline; white-space-collapse: preserve;\">Evento do Col\u00e9gio Pr\u00edgule envolveu alunos de todas as idades e refor\u00e7ou a import\u00e2ncia de pr\u00e1ticas sustent\u00e1veis e da valoriza\u00e7\u00e3o da diversidade.<\/span><\/p><br><p dir=\"ltr\" style=\"line-height:1.3800000000000001;margin-top:14pt;margin-bottom:14pt;\"><span style=\"font-size: 12pt; font-family: Arial, sans-serif; color: rgb(0, 0, 0); background-color: transparent; font-variant-numeric: normal; font-variant-east-asian: normal; font-variant-alternates: normal; font-variant-position: normal; vertical-align: baseline; white-space-collapse: preserve;\">O Col\u00e9gio Pr\u00edgule realizou a Mostra Cultural UNESCO, evento anual que re\u00fane alunos de todos os n\u00edveis de ensino \u2014 do Infantil ao Ensino M\u00e9dio. A mostra \u00e9 uma oportunidade para que os estudantes compartilhem com a comunidade escolar os projetos desenvolvidos ao longo do ano sobre temas globais fundamentais, como sustentabilidade, cidadania e respeito \u00e0 diversidade cultural.<\/span><\/p><p dir=\"ltr\" style=\"line-height:1.3800000000000001;margin-top:14pt;margin-bottom:14pt;\"><span style=\"font-size: 12pt; font-family: Arial, sans-serif; color: rgb(0, 0, 0); background-color: transparent; font-variant-numeric: normal; font-variant-east-asian: normal; font-variant-alternates: normal; font-variant-position: normal; vertical-align: baseline; white-space-collapse: preserve;\">Desde 1999, o Col\u00e9gio Pr\u00edgule integra a rede de Escolas Associadas \u00e0 UNESCO, compromisso que implica na ades\u00e3o a uma educa\u00e7\u00e3o voltada para os princ\u00edpios dessa organiza\u00e7\u00e3o internacional. A cada ano, os alunos s\u00e3o incentivados a trabalhar quest\u00f5es de relev\u00e2ncia mundial, aplicando os valores da UNESCO em suas atividades escolares. Neste sentido, a Mostra Cultural tem sido um espa\u00e7o de reflex\u00e3o, aprendizado e, acima de tudo, de a\u00e7\u00e3o, ao proporcionar aos estudantes a chance de se engajar ativamente em causas que impactam o futuro do planeta.<\/span><\/p><p dir=\"ltr\" style=\"line-height:1.3800000000000001;margin-top:14pt;margin-bottom:14pt;\"><span style=\"font-size: 12pt; font-family: Arial, sans-serif; color: rgb(0, 0, 0); background-color: transparent; font-variant-numeric: normal; font-variant-east-asian: normal; font-variant-alternates: normal; font-variant-position: normal; vertical-align: baseline; white-space-collapse: preserve;\">Os temas abordados em 2024 foram diversos e engajadores, com destaque para a promo\u00e7\u00e3o de pr\u00e1ticas sustent\u00e1veis e a conscientiza\u00e7\u00e3o ambiental. Entre os assuntos trabalhados, estiveram o consumo consciente e a reutiliza\u00e7\u00e3o de \u00e1gua, os cuidados com a natureza e a import\u00e2ncia da restaura\u00e7\u00e3o de ecossistemas, al\u00e9m de temas como a sa\u00fade do solo e a oceanografia para o desenvolvimento sustent\u00e1vel. Outros t\u00f3picos de relev\u00e2ncia social tamb\u00e9m marcaram presen\u00e7a, como a representatividade negra no esporte, na arte e na moda, e o respeito \u00e0 diversidade cultural, em alinhamento com a D\u00e9cada Internacional da Afrodescend\u00eancia.<\/span><\/p><p dir=\"ltr\" style=\"line-height:1.3800000000000001;margin-top:14pt;margin-bottom:14pt;\"><span style=\"font-size: 12pt; font-family: Arial, sans-serif; color: rgb(0, 0, 0); background-color: transparent; font-variant-numeric: normal; font-variant-east-asian: normal; font-variant-alternates: normal; font-variant-position: normal; vertical-align: baseline; white-space-collapse: preserve;\">Durante a Mostra Cultural do Col\u00e9gio Pr\u00edgule os alunos s\u00e3o incentivados a dialogar com a comunidade escolar sobre o que aprenderam, compartilhando descobertas e reflex\u00f5es com colegas, professores e familiares. Esse formato interativo permite que os estudantes desenvolvam habilidades de comunica\u00e7\u00e3o, trabalho em equipe e cidadania ativa.<\/span><\/p><p dir=\"ltr\" style=\"line-height:1.3800000000000001;margin-top:14pt;margin-bottom:14pt;\"><span style=\"font-size: 12pt; font-family: Arial, sans-serif; color: rgb(0, 0, 0); background-color: transparent; font-variant-numeric: normal; font-variant-east-asian: normal; font-variant-alternates: normal; font-variant-position: normal; vertical-align: baseline; white-space-collapse: preserve;\">Por meio de atividades como a Mostra Cultural, a escola tamb\u00e9m promove um ambiente de aprendizado colaborativo, onde alunos de diferentes idades trabalham juntos para construir solu\u00e7\u00f5es criativas e refletir sobre problemas globais. Esse processo, al\u00e9m de enriquecer a forma\u00e7\u00e3o dos estudantes, fortalece os la\u00e7os de solidariedade e coopera\u00e7\u00e3o entre todos.<\/span><\/p><\/span><p>Lo<\/p>\t\t\t\t\t\t\t\t<\/div>\n\t\t\t\t<\/div>\n\t\t\t\t\t<\/div>\n\t\t<\/div>\n\t\t\t\t\t<\/div>\n\t\t<\/section>\n\t\t\t\t<\/div>\n\t\t","protected":false},"excerpt":{"rendered":"<p>O Col\u00e9gio Pr\u00edgule realizou a Mostra Cultural UNESCO, evento anual que re\u00fane alunos de todos os n\u00edveis de ensino \u2014 do Infantil ao Ensino M\u00e9dio.<\/p>\n","protected":false},"author":14,"featured_media":9518,"comment_status":"open","ping_status":"open","sticky":false,"template":"","format":"standard","meta":{"footnotes":""},"categories":[6],"tags":[],"class_list":["post-9516","post","type-post","status-publish","format-standard","has-post-thumbnail","hentry","category-blog"],"_links":{"self":[{"href":"https:\/\/colegioprigule.com.br\/blog\/wp-json\/wp\/v2\/posts\/9516","targetHints":{"allow":["GET"]}}],"collection":[{"href":"https:\/\/colegioprigule.com.br\/blog\/wp-json\/wp\/v2\/posts"}],"about":[{"href":"https:\/\/colegioprigule.com.br\/blog\/wp-json\/wp\/v2\/types\/post"}],"author":[{"embeddable":true,"href":"https:\/\/colegioprigule.com.br\/blog\/wp-json\/wp\/v2\/users\/14"}],"replies":[{"embeddable":true,"href":"https:\/\/colegioprigule.com.br\/blog\/wp-json\/wp\/v2\/comments?post=9516"}],"version-history":[{"count":4,"href":"https:\/\/colegioprigule.com.br\/blog\/wp-json\/wp\/v2\/posts\/9516\/revisions"}],"predecessor-version":[{"id":9522,"href":"https:\/\/colegioprigule.com.br\/blog\/wp-json\/wp\/v2\/posts\/9516\/revisions\/9522"}],"wp:featuredmedia":[{"embeddable":true,"href":"https:\/\/colegioprigule.com.br\/blog\/wp-json\/wp\/v2\/media\/9518"}],"wp:attachment":[{"href":"https:\/\/colegioprigule.com.br\/blog\/wp-json\/wp\/v2\/media?parent=9516"}],"wp:term":[{"taxonomy":"category","embeddable":true,"href":"https:\/\/colegioprigule.com.br\/blog\/wp-json\/wp\/v2\/categories?post=9516"},{"taxonomy":"post_tag","embeddable":true,"href":"https:\/\/colegioprigule.com.br\/blog\/wp-json\/wp\/v2\/tags?post=9516"}],"curies":[{"name":"wp","href":"https:\/\/api.w.org\/{rel}","templated":true}]}}