{"id":9887,"date":"2024-11-28T15:29:13","date_gmt":"2024-11-28T18:29:13","guid":{"rendered":"https:\/\/www.colegioprigule.com.br\/?p=9887"},"modified":"2024-11-28T15:32:52","modified_gmt":"2024-11-28T18:32:52","slug":"disciplina-positiva-fortalecendo-a-educacao-parental","status":"publish","type":"post","link":"https:\/\/colegioprigule.com.br\/blog\/disciplina-positiva-fortalecendo-a-educacao-parental\/","title":{"rendered":"Disciplina Positiva: Fortalecendo a Educa\u00e7\u00e3o Parental"},"content":{"rendered":"\t\t<div data-elementor-type=\"wp-post\" data-elementor-id=\"9887\" class=\"elementor elementor-9887\" data-elementor-post-type=\"post\">\n\t\t\t\t\t\t<section class=\"elementor-section elementor-top-section elementor-element elementor-element-1fcf5c8 elementor-section-boxed elementor-section-height-default elementor-section-height-default\" data-id=\"1fcf5c8\" data-element_type=\"section\" data-e-type=\"section\">\n\t\t\t\t\t\t<div class=\"elementor-container elementor-column-gap-default\">\n\t\t\t\t\t<div class=\"elementor-column elementor-col-100 elementor-top-column elementor-element elementor-element-11eb617\" data-id=\"11eb617\" data-element_type=\"column\" data-e-type=\"column\">\n\t\t\t<div class=\"elementor-widget-wrap elementor-element-populated\">\n\t\t\t\t\t\t<div class=\"elementor-element elementor-element-253d610 elementor-widget elementor-widget-text-editor\" data-id=\"253d610\" data-element_type=\"widget\" data-e-type=\"widget\" data-widget_type=\"text-editor.default\">\n\t\t\t\t<div class=\"elementor-widget-container\">\n\t\t\t\t\t\t\t\t\t<p><span style=\"font-weight: 400;\">No dia 23 de novembro, s\u00e1bado passado, realizamos um workshop para as fam\u00edlias e colaboradores do Col\u00e9gio, com o tema &#8220;Disciplina Positiva e Educa\u00e7\u00e3o Parental&#8221;. Ficamos muito felizes com a presen\u00e7a de todos que puderam participar desse momento. Para aqueles que n\u00e3o puderam comparecer, compartilhamos a seguir um breve resumo dos principais pontos abordados.<\/span><\/p>\t\t\t\t\t\t\t\t<\/div>\n\t\t\t\t<\/div>\n\t\t\t\t\t<\/div>\n\t\t<\/div>\n\t\t\t\t\t<\/div>\n\t\t<\/section>\n\t\t\t\t<section class=\"elementor-section elementor-top-section elementor-element elementor-element-ef52f9f elementor-section-boxed elementor-section-height-default elementor-section-height-default\" data-id=\"ef52f9f\" data-element_type=\"section\" data-e-type=\"section\">\n\t\t\t\t\t\t<div class=\"elementor-container elementor-column-gap-default\">\n\t\t\t\t\t<div class=\"elementor-column elementor-col-100 elementor-top-column elementor-element elementor-element-36e7a53\" data-id=\"36e7a53\" data-element_type=\"column\" data-e-type=\"column\">\n\t\t\t<div class=\"elementor-widget-wrap elementor-element-populated\">\n\t\t\t\t\t\t<div class=\"elementor-element elementor-element-14158e7 elementor-widget elementor-widget-text-editor\" data-id=\"14158e7\" data-element_type=\"widget\" data-e-type=\"widget\" data-widget_type=\"text-editor.default\">\n\t\t\t\t<div class=\"elementor-widget-container\">\n\t\t\t\t\t\t\t\t\t<h4><b>Conceito de Disciplina Positiva<\/b><span style=\"font-weight: 400;\"><br \/><\/span><\/h4>\t\t\t\t\t\t\t\t<\/div>\n\t\t\t\t<\/div>\n\t\t\t\t\t<\/div>\n\t\t<\/div>\n\t\t\t\t\t<\/div>\n\t\t<\/section>\n\t\t\t\t<section class=\"elementor-section elementor-top-section elementor-element elementor-element-05f6f1c elementor-section-boxed elementor-section-height-default elementor-section-height-default\" data-id=\"05f6f1c\" data-element_type=\"section\" data-e-type=\"section\">\n\t\t\t\t\t\t<div class=\"elementor-container elementor-column-gap-default\">\n\t\t\t\t\t<div class=\"elementor-column elementor-col-100 elementor-top-column elementor-element elementor-element-c9f1f2c\" data-id=\"c9f1f2c\" data-element_type=\"column\" data-e-type=\"column\">\n\t\t\t<div class=\"elementor-widget-wrap elementor-element-populated\">\n\t\t\t\t\t\t<div class=\"elementor-element elementor-element-3dbfdfd elementor-widget elementor-widget-text-editor\" data-id=\"3dbfdfd\" data-element_type=\"widget\" data-e-type=\"widget\" data-widget_type=\"text-editor.default\">\n\t\t\t\t<div class=\"elementor-widget-container\">\n\t\t\t\t\t\t\t\t\t<p><span style=\"font-weight: 400;\">A disciplina positiva \u00e9 uma abordagem educativa que visa <strong>construir um relacionamento saud\u00e1vel e respeitoso entre pais e filhos<\/strong>, promovendo o <strong>desenvolvimento emocional e social das crian\u00e7as<\/strong>. Seu foco est\u00e1 em ensinar comportamentos adequados, ao mesmo tempo que se valoriza a conex\u00e3o afetiva e a aprendizagem de habilidades essenciais para a vida.<\/span><\/p>\t\t\t\t\t\t\t\t<\/div>\n\t\t\t\t<\/div>\n\t\t\t\t\t<\/div>\n\t\t<\/div>\n\t\t\t\t\t<\/div>\n\t\t<\/section>\n\t\t\t\t<section class=\"elementor-section elementor-top-section elementor-element elementor-element-2767a40 elementor-section-boxed elementor-section-height-default elementor-section-height-default\" data-id=\"2767a40\" data-element_type=\"section\" data-e-type=\"section\">\n\t\t\t\t\t\t<div class=\"elementor-container elementor-column-gap-default\">\n\t\t\t\t\t<div class=\"elementor-column elementor-col-100 elementor-top-column elementor-element elementor-element-6b1a00e\" data-id=\"6b1a00e\" data-element_type=\"column\" data-e-type=\"column\">\n\t\t\t<div class=\"elementor-widget-wrap elementor-element-populated\">\n\t\t\t\t\t\t<div class=\"elementor-element elementor-element-c071476 elementor-widget elementor-widget-text-editor\" data-id=\"c071476\" data-element_type=\"widget\" data-e-type=\"widget\" data-widget_type=\"text-editor.default\">\n\t\t\t\t<div class=\"elementor-widget-container\">\n\t\t\t\t\t\t\t\t\t<h4><b>Crit\u00e9rios da Disciplina Positiva<\/b><span style=\"font-weight: 400;\"><br \/><\/span><\/h4>\t\t\t\t\t\t\t\t<\/div>\n\t\t\t\t<\/div>\n\t\t\t\t\t<\/div>\n\t\t<\/div>\n\t\t\t\t\t<\/div>\n\t\t<\/section>\n\t\t\t\t<section class=\"elementor-section elementor-top-section elementor-element elementor-element-826746b elementor-section-boxed elementor-section-height-default elementor-section-height-default\" data-id=\"826746b\" data-element_type=\"section\" data-e-type=\"section\">\n\t\t\t\t\t\t<div class=\"elementor-container elementor-column-gap-default\">\n\t\t\t\t\t<div class=\"elementor-column elementor-col-100 elementor-top-column elementor-element elementor-element-93d565a\" data-id=\"93d565a\" data-element_type=\"column\" data-e-type=\"column\">\n\t\t\t<div class=\"elementor-widget-wrap elementor-element-populated\">\n\t\t\t\t\t\t<div class=\"elementor-element elementor-element-da3d6d5 elementor-widget elementor-widget-text-editor\" data-id=\"da3d6d5\" data-element_type=\"widget\" data-e-type=\"widget\" data-widget_type=\"text-editor.default\">\n\t\t\t\t<div class=\"elementor-widget-container\">\n\t\t\t\t\t\t\t\t\t<p><span style=\"font-weight: 400;\">A disciplina positiva se baseia em alguns crit\u00e9rios fundamentais para garantir que o processo educativo seja efetivo e ben\u00e9fico para a crian\u00e7a:<\/span><\/p>\t\t\t\t\t\t\t\t<\/div>\n\t\t\t\t<\/div>\n\t\t\t\t\t<\/div>\n\t\t<\/div>\n\t\t\t\t\t<\/div>\n\t\t<\/section>\n\t\t\t\t<section class=\"elementor-section elementor-top-section elementor-element elementor-element-cb15ad5 elementor-section-boxed elementor-section-height-default elementor-section-height-default\" data-id=\"cb15ad5\" data-element_type=\"section\" data-e-type=\"section\">\n\t\t\t\t\t\t<div class=\"elementor-container elementor-column-gap-default\">\n\t\t\t\t\t<div class=\"elementor-column elementor-col-100 elementor-top-column elementor-element elementor-element-1b2b460\" data-id=\"1b2b460\" data-element_type=\"column\" data-e-type=\"column\">\n\t\t\t<div class=\"elementor-widget-wrap elementor-element-populated\">\n\t\t\t\t\t\t<div class=\"elementor-element elementor-element-6b4e45a elementor-widget elementor-widget-text-editor\" data-id=\"6b4e45a\" data-element_type=\"widget\" data-e-type=\"widget\" data-widget_type=\"text-editor.default\">\n\t\t\t\t<div class=\"elementor-widget-container\">\n\t\t\t\t\t\t\t\t\t<ol><li style=\"font-weight: 400;\" aria-level=\"1\"><b>Conex\u00e3o:<\/b><span style=\"font-weight: 400;\"> A crian\u00e7a deve sentir que pertence \u00e0 fam\u00edlia e que \u00e9 importante para ela.<\/span><\/li><li style=\"font-weight: 400;\" aria-level=\"1\"><b>Respeito m\u00fatuo:<\/b><span style=\"font-weight: 400;\"> A abordagem busca equilibrar firmeza e gentileza, tratando a crian\u00e7a com dignidade, mas mantendo limites claros.<\/span><\/li><li style=\"font-weight: 400;\" aria-level=\"1\"><b>Resultados a longo prazo:<\/b><span style=\"font-weight: 400;\"> A disciplina positiva considera os pensamentos, sentimentos e aprendizados da crian\u00e7a, buscando prepar\u00e1-la para tomar boas decis\u00f5es no futuro e ter sucesso em suas rela\u00e7\u00f5es sociais e pessoais.<\/span><\/li><li style=\"font-weight: 400;\" aria-level=\"1\"><b>Habilidades sociais e de vida:<\/b><span style=\"font-weight: 400;\"> Ensinar a crian\u00e7a a respeitar os outros, a resolver problemas, a cooperar e a cuidar de si mesma e do pr\u00f3ximo.<\/span><\/li><li style=\"font-weight: 400;\" aria-level=\"1\"><b>Descoberta das capacidades da crian\u00e7a:<\/b><span style=\"font-weight: 400;\"> Incentivar a crian\u00e7a a explorar e desenvolver sua autonomia e poder pessoal de maneira construtiva.<\/span><\/li><\/ol>\t\t\t\t\t\t\t\t<\/div>\n\t\t\t\t<\/div>\n\t\t\t\t\t<\/div>\n\t\t<\/div>\n\t\t\t\t\t<\/div>\n\t\t<\/section>\n\t\t\t\t<section class=\"elementor-section elementor-top-section elementor-element elementor-element-fa63ee6 elementor-section-boxed elementor-section-height-default elementor-section-height-default\" data-id=\"fa63ee6\" data-element_type=\"section\" data-e-type=\"section\">\n\t\t\t\t\t\t<div class=\"elementor-container elementor-column-gap-default\">\n\t\t\t\t\t<div class=\"elementor-column elementor-col-100 elementor-top-column elementor-element elementor-element-afe1947\" data-id=\"afe1947\" data-element_type=\"column\" data-e-type=\"column\">\n\t\t\t<div class=\"elementor-widget-wrap elementor-element-populated\">\n\t\t\t\t\t\t<div class=\"elementor-element elementor-element-b07b9ab elementor-widget elementor-widget-text-editor\" data-id=\"b07b9ab\" data-element_type=\"widget\" data-e-type=\"widget\" data-widget_type=\"text-editor.default\">\n\t\t\t\t<div class=\"elementor-widget-container\">\n\t\t\t\t\t\t\t\t\t<h4><b>Principais Objetivos e Princ\u00edpios da Disciplina Positiva<\/b><\/h4>\t\t\t\t\t\t\t\t<\/div>\n\t\t\t\t<\/div>\n\t\t\t\t\t<\/div>\n\t\t<\/div>\n\t\t\t\t\t<\/div>\n\t\t<\/section>\n\t\t\t\t<section class=\"elementor-section elementor-top-section elementor-element elementor-element-aaf9c2d elementor-section-boxed elementor-section-height-default elementor-section-height-default\" data-id=\"aaf9c2d\" data-element_type=\"section\" data-e-type=\"section\">\n\t\t\t\t\t\t<div class=\"elementor-container elementor-column-gap-default\">\n\t\t\t\t\t<div class=\"elementor-column elementor-col-100 elementor-top-column elementor-element elementor-element-8ce7112\" data-id=\"8ce7112\" data-element_type=\"column\" data-e-type=\"column\">\n\t\t\t<div class=\"elementor-widget-wrap elementor-element-populated\">\n\t\t\t\t\t\t<div class=\"elementor-element elementor-element-6ec0b96 elementor-widget elementor-widget-text-editor\" data-id=\"6ec0b96\" data-element_type=\"widget\" data-e-type=\"widget\" data-widget_type=\"text-editor.default\">\n\t\t\t\t<div class=\"elementor-widget-container\">\n\t\t\t\t\t\t\t\t\t<ul><li style=\"font-weight: 400;\" aria-level=\"1\"><b>Respeito m\u00fatuo:<\/b><span style=\"font-weight: 400;\"> Estabelecer um ambiente de respeito em ambas as dire\u00e7\u00f5es \u2013 adulto-crian\u00e7a e vice-versa.<\/span><\/li><li style=\"font-weight: 400;\" aria-level=\"1\"><b>Foco em solu\u00e7\u00f5es:<\/b><span style=\"font-weight: 400;\"> Em vez de punir, busca-se entender a situa\u00e7\u00e3o e encontrar solu\u00e7\u00f5es que promovam aprendizado.<\/span><\/li><li style=\"font-weight: 400;\" aria-level=\"1\"><b>Ensinar responsabilidades:<\/b><span style=\"font-weight: 400;\"> A crian\u00e7a aprende a assumir a responsabilidade por suas a\u00e7\u00f5es e decis\u00f5es.<\/span><\/li><li style=\"font-weight: 400;\" aria-level=\"1\"><b>Comunica\u00e7\u00e3o eficaz:<\/b><span style=\"font-weight: 400;\"> Estimular um di\u00e1logo aberto, claro e respeitoso entre pais e filhos.<\/span><\/li><\/ul>\t\t\t\t\t\t\t\t<\/div>\n\t\t\t\t<\/div>\n\t\t\t\t\t<\/div>\n\t\t<\/div>\n\t\t\t\t\t<\/div>\n\t\t<\/section>\n\t\t\t\t<section class=\"elementor-section elementor-top-section elementor-element elementor-element-e7fb37b elementor-section-boxed elementor-section-height-default elementor-section-height-default\" data-id=\"e7fb37b\" data-element_type=\"section\" data-e-type=\"section\">\n\t\t\t\t\t\t<div class=\"elementor-container elementor-column-gap-default\">\n\t\t\t\t\t<div class=\"elementor-column elementor-col-100 elementor-top-column elementor-element elementor-element-4ca5278\" data-id=\"4ca5278\" data-element_type=\"column\" data-e-type=\"column\">\n\t\t\t<div class=\"elementor-widget-wrap elementor-element-populated\">\n\t\t\t\t\t\t<div class=\"elementor-element elementor-element-36004d3 elementor-widget elementor-widget-text-editor\" data-id=\"36004d3\" data-element_type=\"widget\" data-e-type=\"widget\" data-widget_type=\"text-editor.default\">\n\t\t\t\t<div class=\"elementor-widget-container\">\n\t\t\t\t\t\t\t\t\t<h4><b>As 3 Principais Abordagens para a Intera\u00e7\u00e3o Adulto &#8211; Crian\u00e7a<\/b><\/h4>\t\t\t\t\t\t\t\t<\/div>\n\t\t\t\t<\/div>\n\t\t\t\t\t<\/div>\n\t\t<\/div>\n\t\t\t\t\t<\/div>\n\t\t<\/section>\n\t\t\t\t<section class=\"elementor-section elementor-top-section elementor-element elementor-element-7545167 elementor-section-boxed elementor-section-height-default elementor-section-height-default\" data-id=\"7545167\" data-element_type=\"section\" data-e-type=\"section\">\n\t\t\t\t\t\t<div class=\"elementor-container elementor-column-gap-default\">\n\t\t\t\t\t<div class=\"elementor-column elementor-col-100 elementor-top-column elementor-element elementor-element-4578273\" data-id=\"4578273\" data-element_type=\"column\" data-e-type=\"column\">\n\t\t\t<div class=\"elementor-widget-wrap elementor-element-populated\">\n\t\t\t\t\t\t<div class=\"elementor-element elementor-element-11c5cba elementor-widget elementor-widget-text-editor\" data-id=\"11c5cba\" data-element_type=\"widget\" data-e-type=\"widget\" data-widget_type=\"text-editor.default\">\n\t\t\t\t<div class=\"elementor-widget-container\">\n\t\t\t\t\t\t\t\t\t<ol><li style=\"font-weight: 400;\" aria-level=\"1\"><b>Rigidez (controle excessivo):<\/b><span style=\"font-weight: 400;\"> Neste modelo, a crian\u00e7a n\u00e3o tem liberdade de escolha. A ordem \u00e9 imposta sem margem para di\u00e1logo: &#8220;Voc\u00ea faz isso porque eu mando&#8221;.<\/span><\/li><li style=\"font-weight: 400;\" aria-level=\"1\"><b>Permissividade (sem limites):<\/b><span style=\"font-weight: 400;\"> Ao contr\u00e1rio, essa abordagem oferece liberdade sem limites claros, onde a crian\u00e7a tem escolhas ilimitadas: &#8220;Voc\u00ea pode fazer o que quiser&#8221;.<\/span><\/li><li style=\"font-weight: 400;\" aria-level=\"1\"><b>Disciplina Positiva (Gentileza e Firmeza ao mesmo tempo):<\/b><span style=\"font-weight: 400;\"> Aqui, a crian\u00e7a tem liberdade dentro de um conjunto de limites claros e respeitosos. A abordagem busca equilibrar gentileza e firmeza, permitindo escolhas dentro de par\u00e2metros que respeitam todos ao redor: &#8220;Voc\u00ea pode escolher dentro dos limites que demonstram respeito por todos.&#8221;<\/span><\/li><\/ol>\t\t\t\t\t\t\t\t<\/div>\n\t\t\t\t<\/div>\n\t\t\t\t\t<\/div>\n\t\t<\/div>\n\t\t\t\t\t<\/div>\n\t\t<\/section>\n\t\t\t\t<section class=\"elementor-section elementor-top-section elementor-element elementor-element-81a8fa2 elementor-section-boxed elementor-section-height-default elementor-section-height-default\" data-id=\"81a8fa2\" data-element_type=\"section\" data-e-type=\"section\">\n\t\t\t\t\t\t<div class=\"elementor-container elementor-column-gap-default\">\n\t\t\t\t\t<div class=\"elementor-column elementor-col-100 elementor-top-column elementor-element elementor-element-a5e6f66\" data-id=\"a5e6f66\" data-element_type=\"column\" data-e-type=\"column\">\n\t\t\t<div class=\"elementor-widget-wrap elementor-element-populated\">\n\t\t\t\t\t\t<div class=\"elementor-element elementor-element-00a13f1 elementor-widget elementor-widget-text-editor\" data-id=\"00a13f1\" data-element_type=\"widget\" data-e-type=\"widget\" data-widget_type=\"text-editor.default\">\n\t\t\t\t<div class=\"elementor-widget-container\">\n\t\t\t\t\t\t\t\t\t<h4><b>Princ\u00edpios da Disciplina Positiva<\/b><\/h4>\t\t\t\t\t\t\t\t<\/div>\n\t\t\t\t<\/div>\n\t\t\t\t\t<\/div>\n\t\t<\/div>\n\t\t\t\t\t<\/div>\n\t\t<\/section>\n\t\t\t\t<section class=\"elementor-section elementor-top-section elementor-element elementor-element-18374c1 elementor-section-boxed elementor-section-height-default elementor-section-height-default\" data-id=\"18374c1\" data-element_type=\"section\" data-e-type=\"section\">\n\t\t\t\t\t\t<div class=\"elementor-container elementor-column-gap-default\">\n\t\t\t\t\t<div class=\"elementor-column elementor-col-100 elementor-top-column elementor-element elementor-element-3bf14c2\" data-id=\"3bf14c2\" data-element_type=\"column\" data-e-type=\"column\">\n\t\t\t<div class=\"elementor-widget-wrap elementor-element-populated\">\n\t\t\t\t\t\t<div class=\"elementor-element elementor-element-d8513a9 elementor-widget elementor-widget-text-editor\" data-id=\"d8513a9\" data-element_type=\"widget\" data-e-type=\"widget\" data-widget_type=\"text-editor.default\">\n\t\t\t\t<div class=\"elementor-widget-container\">\n\t\t\t\t\t\t\t\t\t<ul><li style=\"font-weight: 400;\" aria-level=\"1\"><b>Gentileza e Firmeza:<\/b><span style=\"font-weight: 400;\"> Manter um equil\u00edbrio entre ser gentil e firme, sem ceder aos caprichos, mas tamb\u00e9m sem ser autorit\u00e1rio.<\/span><\/li><li style=\"font-weight: 400;\" aria-level=\"1\"><b>Escolhas limitadas:<\/b><span style=\"font-weight: 400;\"> Dar \u00e0 crian\u00e7a a oportunidade de tomar decis\u00f5es dentro de um conjunto de op\u00e7\u00f5es que se alinham com os valores da fam\u00edlia.<\/span><\/li><li style=\"font-weight: 400;\" aria-level=\"1\"><b>Limites que demonstram respeito:<\/b><span style=\"font-weight: 400;\"> Estabelecer regras que respeitem a dignidade de todos e a conviv\u00eancia em harmonia.<\/span><\/li><li style=\"font-weight: 400;\" aria-level=\"1\"><b>Fazer acordos e combinados juntos:<\/b><span style=\"font-weight: 400;\"> Envolver a crian\u00e7a no processo de estabelecer regras, para que ela entenda e aceite os limites.<\/span><\/li><li style=\"font-weight: 400;\" aria-level=\"1\"><b>Consist\u00eancia:<\/b><span style=\"font-weight: 400;\"> Manter-se firme nos acordos e nas decis\u00f5es, garantindo que as regras sejam seguidas de forma constante.<\/span><\/li><li style=\"font-weight: 400;\" aria-level=\"1\"><b>Ser exemplo:<\/b><span style=\"font-weight: 400;\"> Agir de maneira coerente com o que se espera da crian\u00e7a, pois o exemplo dos pais \u00e9 fundamental no aprendizado.<\/span><\/li><li style=\"font-weight: 400;\" aria-level=\"1\"><b>Supervis\u00e3o \/ Observa\u00e7\u00e3o \/ Acompanhamento:<\/b><span style=\"font-weight: 400;\"> Monitorar o comportamento da crian\u00e7a, oferecendo apoio e orienta\u00e7\u00e3o quando necess\u00e1rio.<\/span><\/li><li style=\"font-weight: 400;\" aria-level=\"1\"><b>Erros como oportunidades de aprendizagem:<\/b><span style=\"font-weight: 400;\"> Considerar os erros como momentos de aprendizado, e n\u00e3o como falhas a serem punidas.<\/span><\/li><\/ul>\t\t\t\t\t\t\t\t<\/div>\n\t\t\t\t<\/div>\n\t\t\t\t\t<\/div>\n\t\t<\/div>\n\t\t\t\t\t<\/div>\n\t\t<\/section>\n\t\t\t\t<section class=\"elementor-section elementor-top-section elementor-element elementor-element-fc49959 elementor-section-boxed elementor-section-height-default elementor-section-height-default\" data-id=\"fc49959\" data-element_type=\"section\" data-e-type=\"section\">\n\t\t\t\t\t\t<div class=\"elementor-container elementor-column-gap-default\">\n\t\t\t\t\t<div class=\"elementor-column elementor-col-100 elementor-top-column elementor-element elementor-element-3eb64df\" data-id=\"3eb64df\" data-element_type=\"column\" data-e-type=\"column\">\n\t\t\t<div class=\"elementor-widget-wrap elementor-element-populated\">\n\t\t\t\t\t\t<div class=\"elementor-element elementor-element-ba9c0f8 elementor-widget elementor-widget-image\" data-id=\"ba9c0f8\" data-element_type=\"widget\" data-e-type=\"widget\" data-widget_type=\"image.default\">\n\t\t\t\t<div class=\"elementor-widget-container\">\n\t\t\t\t\t\t\t\t\t\t\t\t\t\t\t<img fetchpriority=\"high\" decoding=\"async\" width=\"800\" height=\"450\" src=\"https:\/\/colegioprigule.com.br\/blog\/wp-content\/uploads\/2024\/11\/Imagem-destacada-Blog-35-1-1024x576.png\" class=\"attachment-large size-large wp-image-9893\" alt=\"\" srcset=\"https:\/\/colegioprigule.com.br\/blog\/wp-content\/uploads\/2024\/11\/Imagem-destacada-Blog-35-1-1024x576.png 1024w, https:\/\/colegioprigule.com.br\/blog\/wp-content\/uploads\/2024\/11\/Imagem-destacada-Blog-35-1-300x169.png 300w, https:\/\/colegioprigule.com.br\/blog\/wp-content\/uploads\/2024\/11\/Imagem-destacada-Blog-35-1-768x432.png 768w, https:\/\/colegioprigule.com.br\/blog\/wp-content\/uploads\/2024\/11\/Imagem-destacada-Blog-35-1-1536x864.png 1536w, https:\/\/colegioprigule.com.br\/blog\/wp-content\/uploads\/2024\/11\/Imagem-destacada-Blog-35-1.png 1920w\" sizes=\"(max-width: 800px) 100vw, 800px\" \/>\t\t\t\t\t\t\t\t\t\t\t\t\t\t\t<\/div>\n\t\t\t\t<\/div>\n\t\t\t\t\t<\/div>\n\t\t<\/div>\n\t\t\t\t\t<\/div>\n\t\t<\/section>\n\t\t\t\t<section class=\"elementor-section elementor-top-section elementor-element elementor-element-187af3a elementor-section-boxed elementor-section-height-default elementor-section-height-default\" data-id=\"187af3a\" data-element_type=\"section\" data-e-type=\"section\">\n\t\t\t\t\t\t<div class=\"elementor-container elementor-column-gap-default\">\n\t\t\t\t\t<div class=\"elementor-column elementor-col-100 elementor-top-column elementor-element elementor-element-7bd7a7b\" data-id=\"7bd7a7b\" data-element_type=\"column\" data-e-type=\"column\">\n\t\t\t<div class=\"elementor-widget-wrap elementor-element-populated\">\n\t\t\t\t\t\t<div class=\"elementor-element elementor-element-64eb1bd elementor-widget elementor-widget-text-editor\" data-id=\"64eb1bd\" data-element_type=\"widget\" data-e-type=\"widget\" data-widget_type=\"text-editor.default\">\n\t\t\t\t<div class=\"elementor-widget-container\">\n\t\t\t\t\t\t\t\t\t<p><span style=\"font-weight: 400;\">Quando uma crian\u00e7a demonstra emo\u00e7\u00f5es intensas ou comportamentos desafiadores, muitas vezes isso \u00e9 um reflexo de suas necessidades emocionais ou de desenvolvimento n\u00e3o atendidas. Esses comportamentos s\u00e3o como a parte vis\u00edvel de um iceberg \u2014 s\u00e3o sinais de algo mais profundo, relacionado \u00e0 imaturidade neurol\u00f3gica da crian\u00e7a e \u00e0 dificuldade de expressar suas necessidades de forma adequada.<\/span><\/p>\t\t\t\t\t\t\t\t<\/div>\n\t\t\t\t<\/div>\n\t\t\t\t\t<\/div>\n\t\t<\/div>\n\t\t\t\t\t<\/div>\n\t\t<\/section>\n\t\t\t\t<section class=\"elementor-section elementor-top-section elementor-element elementor-element-16c91f0 elementor-section-boxed elementor-section-height-default elementor-section-height-default\" data-id=\"16c91f0\" data-element_type=\"section\" data-e-type=\"section\">\n\t\t\t\t\t\t<div class=\"elementor-container elementor-column-gap-default\">\n\t\t\t\t\t<div class=\"elementor-column elementor-col-100 elementor-top-column elementor-element elementor-element-36fada8\" data-id=\"36fada8\" data-element_type=\"column\" data-e-type=\"column\">\n\t\t\t<div class=\"elementor-widget-wrap elementor-element-populated\">\n\t\t\t\t\t\t<div class=\"elementor-element elementor-element-43d956d elementor-widget elementor-widget-text-editor\" data-id=\"43d956d\" data-element_type=\"widget\" data-e-type=\"widget\" data-widget_type=\"text-editor.default\">\n\t\t\t\t<div class=\"elementor-widget-container\">\n\t\t\t\t\t\t\t\t\t<h4><b>O que podemos fazer quando a crian\u00e7a demonstra suas emo\u00e7\u00f5es dessa forma?<\/b><\/h4>\t\t\t\t\t\t\t\t<\/div>\n\t\t\t\t<\/div>\n\t\t\t\t\t<\/div>\n\t\t<\/div>\n\t\t\t\t\t<\/div>\n\t\t<\/section>\n\t\t\t\t<section class=\"elementor-section elementor-top-section elementor-element elementor-element-782ad04 elementor-section-boxed elementor-section-height-default elementor-section-height-default\" data-id=\"782ad04\" data-element_type=\"section\" data-e-type=\"section\">\n\t\t\t\t\t\t<div class=\"elementor-container elementor-column-gap-default\">\n\t\t\t\t\t<div class=\"elementor-column elementor-col-100 elementor-top-column elementor-element elementor-element-e9d9efa\" data-id=\"e9d9efa\" data-element_type=\"column\" data-e-type=\"column\">\n\t\t\t<div class=\"elementor-widget-wrap elementor-element-populated\">\n\t\t\t\t\t\t<div class=\"elementor-element elementor-element-81bd34f elementor-widget elementor-widget-text-editor\" data-id=\"81bd34f\" data-element_type=\"widget\" data-e-type=\"widget\" data-widget_type=\"text-editor.default\">\n\t\t\t\t<div class=\"elementor-widget-container\">\n\t\t\t\t\t\t\t\t\t<p><span style=\"font-weight: 400;\">Primeiro, \u00e9 importante que a crian\u00e7a e os adultos envolvidos se conhe\u00e7am melhor e desenvolvam habilidades para lidar com essas situa\u00e7\u00f5es de maneira saud\u00e1vel. Algumas perguntas podem ajudar nesse processo de autodescoberta e autorregula\u00e7\u00e3o:<\/span><\/p>\t\t\t\t\t\t\t\t<\/div>\n\t\t\t\t<\/div>\n\t\t\t\t\t<\/div>\n\t\t<\/div>\n\t\t\t\t\t<\/div>\n\t\t<\/section>\n\t\t\t\t<section class=\"elementor-section elementor-top-section elementor-element elementor-element-68bd1bf elementor-section-boxed elementor-section-height-default elementor-section-height-default\" data-id=\"68bd1bf\" data-element_type=\"section\" data-e-type=\"section\">\n\t\t\t\t\t\t<div class=\"elementor-container elementor-column-gap-default\">\n\t\t\t\t\t<div class=\"elementor-column elementor-col-100 elementor-top-column elementor-element elementor-element-a09ede9\" data-id=\"a09ede9\" data-element_type=\"column\" data-e-type=\"column\">\n\t\t\t<div class=\"elementor-widget-wrap elementor-element-populated\">\n\t\t\t\t\t\t<div class=\"elementor-element elementor-element-2cf76fc elementor-widget elementor-widget-text-editor\" data-id=\"2cf76fc\" data-element_type=\"widget\" data-e-type=\"widget\" data-widget_type=\"text-editor.default\">\n\t\t\t\t<div class=\"elementor-widget-container\">\n\t\t\t\t\t\t\t\t\t<ul><li style=\"font-weight: 400;\" aria-level=\"1\"><b>Autoconhecimento:<\/b><span style=\"font-weight: 400;\"> Voc\u00ea se conhece? Tem clareza sobre suas emo\u00e7\u00f5es e necessidades?<\/span><\/li><li style=\"font-weight: 400;\" aria-level=\"1\"><b>Autorregula\u00e7\u00e3o:<\/b><span style=\"font-weight: 400;\"> Voc\u00ea \u00e9 capaz de controlar suas emo\u00e7\u00f5es, pensamentos e comportamentos em momentos de dificuldade?<\/span><\/li><li style=\"font-weight: 400;\" aria-level=\"1\"><b>Consci\u00eancia social:<\/b><span style=\"font-weight: 400;\"> Voc\u00ea consegue perceber e compreender as necessidades e sentimentos dos outros, especialmente da crian\u00e7a?<\/span><\/li><li style=\"font-weight: 400;\" aria-level=\"1\"><b>Habilidades de relacionamento:<\/b><span style=\"font-weight: 400;\"> Voc\u00ea mant\u00e9m relacionamentos positivos e saud\u00e1veis, sabendo como lidar com conflitos de forma construtiva?<\/span><\/li><li style=\"font-weight: 400;\" aria-level=\"1\"><b>Tomada de decis\u00f5es respons\u00e1veis:<\/b><span style=\"font-weight: 400;\"> Voc\u00ea faz escolhas construtivas e respons\u00e1veis, considerando o impacto delas no presente e no futuro?<\/span><\/li><\/ul>\t\t\t\t\t\t\t\t<\/div>\n\t\t\t\t<\/div>\n\t\t\t\t\t<\/div>\n\t\t<\/div>\n\t\t\t\t\t<\/div>\n\t\t<\/section>\n\t\t\t\t<section class=\"elementor-section elementor-top-section elementor-element elementor-element-47e5400 elementor-section-boxed elementor-section-height-default elementor-section-height-default\" data-id=\"47e5400\" data-element_type=\"section\" data-e-type=\"section\">\n\t\t\t\t\t\t<div class=\"elementor-container elementor-column-gap-default\">\n\t\t\t\t\t<div class=\"elementor-column elementor-col-100 elementor-top-column elementor-element elementor-element-de4dff6\" data-id=\"de4dff6\" data-element_type=\"column\" data-e-type=\"column\">\n\t\t\t<div class=\"elementor-widget-wrap elementor-element-populated\">\n\t\t\t\t\t\t<div class=\"elementor-element elementor-element-96d1ddd elementor-widget elementor-widget-text-editor\" data-id=\"96d1ddd\" data-element_type=\"widget\" data-e-type=\"widget\" data-widget_type=\"text-editor.default\">\n\t\t\t\t<div class=\"elementor-widget-container\">\n\t\t\t\t\t\t\t\t\t<p><span style=\"font-weight: 400;\">Lembre-se: <strong>O<\/strong><\/span><b> que fazemos nunca \u00e9 t\u00e3o importante quanto como fazemos.<\/b><span style=\"font-weight: 400;\"> A maneira como reagimos \u00e0s situa\u00e7\u00f5es \u00e9 fundamental para o aprendizado da crian\u00e7a e o fortalecimento da rela\u00e7\u00e3o.<\/span><\/p>\t\t\t\t\t\t\t\t<\/div>\n\t\t\t\t<\/div>\n\t\t\t\t\t<\/div>\n\t\t<\/div>\n\t\t\t\t\t<\/div>\n\t\t<\/section>\n\t\t\t\t<section class=\"elementor-section elementor-top-section elementor-element elementor-element-ba197b1 elementor-section-boxed elementor-section-height-default elementor-section-height-default\" data-id=\"ba197b1\" data-element_type=\"section\" data-e-type=\"section\">\n\t\t\t\t\t\t<div class=\"elementor-container elementor-column-gap-default\">\n\t\t\t\t\t<div class=\"elementor-column elementor-col-100 elementor-top-column elementor-element elementor-element-8d109f4\" data-id=\"8d109f4\" data-element_type=\"column\" data-e-type=\"column\">\n\t\t\t<div class=\"elementor-widget-wrap elementor-element-populated\">\n\t\t\t\t\t\t<div class=\"elementor-element elementor-element-3d99de4 elementor-widget elementor-widget-text-editor\" data-id=\"3d99de4\" data-element_type=\"widget\" data-e-type=\"widget\" data-widget_type=\"text-editor.default\">\n\t\t\t\t<div class=\"elementor-widget-container\">\n\t\t\t\t\t\t\t\t\t<p><span style=\"font-weight: 400;\">O comportamento da crian\u00e7a est\u00e1 intimamente ligado ao que ela acredita ser verdade sobre si mesma e sobre o mundo, n\u00e3o necessariamente ao que \u00e9 objetivamente verdadeiro. Ou seja, o comportamento reflete cren\u00e7as e percep\u00e7\u00f5es, que podem n\u00e3o estar alinhadas com a realidade.<\/span><\/p>\t\t\t\t\t\t\t\t<\/div>\n\t\t\t\t<\/div>\n\t\t\t\t\t<\/div>\n\t\t<\/div>\n\t\t\t\t\t<\/div>\n\t\t<\/section>\n\t\t\t\t<section class=\"elementor-section elementor-top-section elementor-element elementor-element-5f6afbe elementor-section-boxed elementor-section-height-default elementor-section-height-default\" data-id=\"5f6afbe\" data-element_type=\"section\" data-e-type=\"section\">\n\t\t\t\t\t\t<div class=\"elementor-container elementor-column-gap-default\">\n\t\t\t\t\t<div class=\"elementor-column elementor-col-100 elementor-top-column elementor-element elementor-element-8ca1c5d\" data-id=\"8ca1c5d\" data-element_type=\"column\" data-e-type=\"column\">\n\t\t\t<div class=\"elementor-widget-wrap elementor-element-populated\">\n\t\t\t\t\t\t<div class=\"elementor-element elementor-element-f6c31ed elementor-widget elementor-widget-text-editor\" data-id=\"f6c31ed\" data-element_type=\"widget\" data-e-type=\"widget\" data-widget_type=\"text-editor.default\">\n\t\t\t\t<div class=\"elementor-widget-container\">\n\t\t\t\t\t\t\t\t\t<h4><b>Todos os sentimentos s\u00e3o v\u00e1lidos, mas nem todos os comportamentos s\u00e3o aceit\u00e1veis<\/b><\/h4><p><span style=\"font-weight: 400;\">\u00a0<\/span><\/p><p><span style=\"font-weight: 400;\">A disciplina positiva n\u00e3o busca reprimir as emo\u00e7\u00f5es da crian\u00e7a, mas sim orientar os comportamentos, ajudando a crian\u00e7a a aprender maneiras mais saud\u00e1veis de expressar o que sente.<\/span><\/p>\t\t\t\t\t\t\t\t<\/div>\n\t\t\t\t<\/div>\n\t\t\t\t\t<\/div>\n\t\t<\/div>\n\t\t\t\t\t<\/div>\n\t\t<\/section>\n\t\t\t\t<section class=\"elementor-section elementor-top-section elementor-element elementor-element-f2ef0d5 elementor-section-boxed elementor-section-height-default elementor-section-height-default\" data-id=\"f2ef0d5\" data-element_type=\"section\" data-e-type=\"section\">\n\t\t\t\t\t\t<div class=\"elementor-container elementor-column-gap-default\">\n\t\t\t\t\t<div class=\"elementor-column elementor-col-100 elementor-top-column elementor-element elementor-element-614426d\" data-id=\"614426d\" data-element_type=\"column\" data-e-type=\"column\">\n\t\t\t<div class=\"elementor-widget-wrap elementor-element-populated\">\n\t\t\t\t\t\t<div class=\"elementor-element elementor-element-8b89c51 elementor-widget elementor-widget-text-editor\" data-id=\"8b89c51\" data-element_type=\"widget\" data-e-type=\"widget\" data-widget_type=\"text-editor.default\">\n\t\t\t\t<div class=\"elementor-widget-container\">\n\t\t\t\t\t\t\t\t\t<p><span style=\"font-weight: 400;\">Uma abordagem pr\u00e1tica para lidar com isso \u00e9 trocar o &#8220;SE&#8221; pelo &#8220;ASSIM\/QUANDO&#8221;, ou seja, ao inv\u00e9s de dizer &#8220;Se voc\u00ea fizer isso, ent\u00e3o&#8230;&#8221;, podemos fazer perguntas e colocar condi\u00e7\u00f5es como &#8220;Quando voc\u00ea fizer isso, vamos&#8230;&#8221; ou &#8220;Assim que conseguirmos&#8230;&#8221;<\/span><\/p>\t\t\t\t\t\t\t\t<\/div>\n\t\t\t\t<\/div>\n\t\t\t\t\t<\/div>\n\t\t<\/div>\n\t\t\t\t\t<\/div>\n\t\t<\/section>\n\t\t\t\t<section class=\"elementor-section elementor-top-section elementor-element elementor-element-dbd2332 elementor-section-boxed elementor-section-height-default elementor-section-height-default\" data-id=\"dbd2332\" data-element_type=\"section\" data-e-type=\"section\">\n\t\t\t\t\t\t<div class=\"elementor-container elementor-column-gap-default\">\n\t\t\t\t\t<div class=\"elementor-column elementor-col-50 elementor-top-column elementor-element elementor-element-b30a6b5\" data-id=\"b30a6b5\" data-element_type=\"column\" data-e-type=\"column\">\n\t\t\t<div class=\"elementor-widget-wrap elementor-element-populated\">\n\t\t\t\t\t\t<div class=\"elementor-element elementor-element-c28bce3 elementor-widget elementor-widget-text-editor\" data-id=\"c28bce3\" data-element_type=\"widget\" data-e-type=\"widget\" data-widget_type=\"text-editor.default\">\n\t\t\t\t<div class=\"elementor-widget-container\">\n\t\t\t\t\t\t\t\t\t<h4><b>Agir conscientemente x Agir sem pensar!<\/b><span style=\"font-weight: 400;\"><br \/><\/span><\/h4><p><span style=\"font-weight: 400;\">A chave est\u00e1 na consci\u00eancia: <strong>agir de maneira ponderada e com inten\u00e7\u00e3o<\/strong>, ao inv\u00e9s de reagir automaticamente a um comportamento impulsivo ou perturbador.<\/span><\/p>\t\t\t\t\t\t\t\t<\/div>\n\t\t\t\t<\/div>\n\t\t\t\t\t<\/div>\n\t\t<\/div>\n\t\t\t\t<div class=\"elementor-column elementor-col-50 elementor-top-column elementor-element elementor-element-8e81f55\" data-id=\"8e81f55\" data-element_type=\"column\" data-e-type=\"column\">\n\t\t\t<div class=\"elementor-widget-wrap elementor-element-populated\">\n\t\t\t\t\t\t<div class=\"elementor-element elementor-element-d3598c6 elementor-widget__width-initial elementor-widget elementor-widget-image\" data-id=\"d3598c6\" data-element_type=\"widget\" data-e-type=\"widget\" data-widget_type=\"image.default\">\n\t\t\t\t<div class=\"elementor-widget-container\">\n\t\t\t\t\t\t\t\t\t\t\t\t\t\t\t<img decoding=\"async\" width=\"800\" height=\"450\" src=\"https:\/\/colegioprigule.com.br\/blog\/wp-content\/uploads\/2024\/11\/Imagem-destacada-Blog-34-1-1024x576.png\" class=\"attachment-large size-large wp-image-9890\" alt=\"\" srcset=\"https:\/\/colegioprigule.com.br\/blog\/wp-content\/uploads\/2024\/11\/Imagem-destacada-Blog-34-1-1024x576.png 1024w, https:\/\/colegioprigule.com.br\/blog\/wp-content\/uploads\/2024\/11\/Imagem-destacada-Blog-34-1-300x169.png 300w, https:\/\/colegioprigule.com.br\/blog\/wp-content\/uploads\/2024\/11\/Imagem-destacada-Blog-34-1-768x432.png 768w, https:\/\/colegioprigule.com.br\/blog\/wp-content\/uploads\/2024\/11\/Imagem-destacada-Blog-34-1-1536x864.png 1536w, https:\/\/colegioprigule.com.br\/blog\/wp-content\/uploads\/2024\/11\/Imagem-destacada-Blog-34-1.png 1920w\" sizes=\"(max-width: 800px) 100vw, 800px\" \/>\t\t\t\t\t\t\t\t\t\t\t\t\t\t\t<\/div>\n\t\t\t\t<\/div>\n\t\t\t\t\t<\/div>\n\t\t<\/div>\n\t\t\t\t\t<\/div>\n\t\t<\/section>\n\t\t\t\t<section class=\"elementor-section elementor-top-section elementor-element elementor-element-6d9bdac elementor-section-boxed elementor-section-height-default elementor-section-height-default\" data-id=\"6d9bdac\" data-element_type=\"section\" data-e-type=\"section\">\n\t\t\t\t\t\t<div class=\"elementor-container elementor-column-gap-default\">\n\t\t\t\t\t<div class=\"elementor-column elementor-col-100 elementor-top-column elementor-element elementor-element-95800ff\" data-id=\"95800ff\" data-element_type=\"column\" data-e-type=\"column\">\n\t\t\t<div class=\"elementor-widget-wrap elementor-element-populated\">\n\t\t\t\t\t\t<div class=\"elementor-element elementor-element-289851a elementor-widget elementor-widget-text-editor\" data-id=\"289851a\" data-element_type=\"widget\" data-e-type=\"widget\" data-widget_type=\"text-editor.default\">\n\t\t\t\t<div class=\"elementor-widget-container\">\n\t\t\t\t\t\t\t\t\t<h4><b>Liberdade com ordem &#8211; Escolhas limitadas:<\/b><span style=\"font-weight: 400;\"><br \/><\/span><\/h4>\t\t\t\t\t\t\t\t<\/div>\n\t\t\t\t<\/div>\n\t\t\t\t\t<\/div>\n\t\t<\/div>\n\t\t\t\t\t<\/div>\n\t\t<\/section>\n\t\t\t\t<section class=\"elementor-section elementor-top-section elementor-element elementor-element-a47961c elementor-section-boxed elementor-section-height-default elementor-section-height-default\" data-id=\"a47961c\" data-element_type=\"section\" data-e-type=\"section\">\n\t\t\t\t\t\t<div class=\"elementor-container elementor-column-gap-default\">\n\t\t\t\t\t<div class=\"elementor-column elementor-col-100 elementor-top-column elementor-element elementor-element-9750e43\" data-id=\"9750e43\" data-element_type=\"column\" data-e-type=\"column\">\n\t\t\t<div class=\"elementor-widget-wrap elementor-element-populated\">\n\t\t\t\t\t\t<div class=\"elementor-element elementor-element-594e59d elementor-widget elementor-widget-text-editor\" data-id=\"594e59d\" data-element_type=\"widget\" data-e-type=\"widget\" data-widget_type=\"text-editor.default\">\n\t\t\t\t<div class=\"elementor-widget-container\">\n\t\t\t\t\t\t\t\t\t<p><span style=\"font-weight: 400;\">Oferecer \u00e0 crian\u00e7a a liberdade de fazer escolhas, mas dentro de limites claros e respeitosos. Isso promove um ambiente de seguran\u00e7a e controle, onde a crian\u00e7a sente que pode expressar suas prefer\u00eancias, mas com responsabilidade.<\/span><\/p>\t\t\t\t\t\t\t\t<\/div>\n\t\t\t\t<\/div>\n\t\t\t\t\t<\/div>\n\t\t<\/div>\n\t\t\t\t\t<\/div>\n\t\t<\/section>\n\t\t\t\t<section class=\"elementor-section elementor-top-section elementor-element elementor-element-49d6a26 elementor-section-boxed elementor-section-height-default elementor-section-height-default\" data-id=\"49d6a26\" data-element_type=\"section\" data-e-type=\"section\">\n\t\t\t\t\t\t<div class=\"elementor-container elementor-column-gap-default\">\n\t\t\t\t\t<div class=\"elementor-column elementor-col-100 elementor-top-column elementor-element elementor-element-00283e2\" data-id=\"00283e2\" data-element_type=\"column\" data-e-type=\"column\">\n\t\t\t<div class=\"elementor-widget-wrap elementor-element-populated\">\n\t\t\t\t\t\t<div class=\"elementor-element elementor-element-18d038f elementor-widget elementor-widget-text-editor\" data-id=\"18d038f\" data-element_type=\"widget\" data-e-type=\"widget\" data-widget_type=\"text-editor.default\">\n\t\t\t\t<div class=\"elementor-widget-container\">\n\t\t\t\t\t\t\t\t\t<h4><b>O filho n\u00e3o ouve, mas observa!<\/b><\/h4>\t\t\t\t\t\t\t\t<\/div>\n\t\t\t\t<\/div>\n\t\t\t\t\t<\/div>\n\t\t<\/div>\n\t\t\t\t\t<\/div>\n\t\t<\/section>\n\t\t\t\t<section class=\"elementor-section elementor-top-section elementor-element elementor-element-e526833 elementor-section-boxed elementor-section-height-default elementor-section-height-default\" data-id=\"e526833\" data-element_type=\"section\" data-e-type=\"section\">\n\t\t\t\t\t\t<div class=\"elementor-container elementor-column-gap-default\">\n\t\t\t\t\t<div class=\"elementor-column elementor-col-100 elementor-top-column elementor-element elementor-element-f049661\" data-id=\"f049661\" data-element_type=\"column\" data-e-type=\"column\">\n\t\t\t<div class=\"elementor-widget-wrap elementor-element-populated\">\n\t\t\t\t\t\t<div class=\"elementor-element elementor-element-0ce27a8 elementor-widget elementor-widget-text-editor\" data-id=\"0ce27a8\" data-element_type=\"widget\" data-e-type=\"widget\" data-widget_type=\"text-editor.default\">\n\t\t\t\t<div class=\"elementor-widget-container\">\n\t\t\t\t\t\t\t\t\t<p><span style=\"font-weight: 400;\">As crian\u00e7as aprendem principalmente por meio da observa\u00e7\u00e3o. Por isso, \u00e9 essencial que o comportamento dos adultos sirva de modelo para as atitudes e valores que esperamos que a crian\u00e7a adote.<\/span><\/p>\t\t\t\t\t\t\t\t<\/div>\n\t\t\t\t<\/div>\n\t\t\t\t\t<\/div>\n\t\t<\/div>\n\t\t\t\t\t<\/div>\n\t\t<\/section>\n\t\t\t\t<section class=\"elementor-section elementor-top-section elementor-element elementor-element-2fc64b3 elementor-section-boxed elementor-section-height-default elementor-section-height-default\" data-id=\"2fc64b3\" data-element_type=\"section\" data-e-type=\"section\">\n\t\t\t\t\t\t<div class=\"elementor-container elementor-column-gap-default\">\n\t\t\t\t\t<div class=\"elementor-column elementor-col-100 elementor-top-column elementor-element elementor-element-f3d033a\" data-id=\"f3d033a\" data-element_type=\"column\" data-e-type=\"column\">\n\t\t\t<div class=\"elementor-widget-wrap elementor-element-populated\">\n\t\t\t\t\t\t<div class=\"elementor-element elementor-element-2d9361d elementor-widget elementor-widget-text-editor\" data-id=\"2d9361d\" data-element_type=\"widget\" data-e-type=\"widget\" data-widget_type=\"text-editor.default\">\n\t\t\t\t<div class=\"elementor-widget-container\">\n\t\t\t\t\t\t\t\t\t<h3><b>Cuidar de quem cuida!<\/b><\/h3>\t\t\t\t\t\t\t\t<\/div>\n\t\t\t\t<\/div>\n\t\t\t\t\t<\/div>\n\t\t<\/div>\n\t\t\t\t\t<\/div>\n\t\t<\/section>\n\t\t\t\t<section class=\"elementor-section elementor-top-section elementor-element elementor-element-e72cc3f elementor-section-boxed elementor-section-height-default elementor-section-height-default\" data-id=\"e72cc3f\" data-element_type=\"section\" data-e-type=\"section\">\n\t\t\t\t\t\t<div class=\"elementor-container elementor-column-gap-default\">\n\t\t\t\t\t<div class=\"elementor-column elementor-col-100 elementor-top-column elementor-element elementor-element-14ae53b\" data-id=\"14ae53b\" data-element_type=\"column\" data-e-type=\"column\">\n\t\t\t<div class=\"elementor-widget-wrap elementor-element-populated\">\n\t\t\t\t\t\t<div class=\"elementor-element elementor-element-830543b elementor-widget elementor-widget-text-editor\" data-id=\"830543b\" data-element_type=\"widget\" data-e-type=\"widget\" data-widget_type=\"text-editor.default\">\n\t\t\t\t<div class=\"elementor-widget-container\">\n\t\t\t\t\t\t\t\t\t<p><span style=\"font-weight: 400;\">\u00c9 fundamental lembrar que para cuidar bem dos outros, precisamos cuidar de n\u00f3s mesmos. Isso inclui cuidar de nossa sa\u00fade emocional, mental e f\u00edsica. Aqui est\u00e3o algumas pr\u00e1ticas que podem ajudar nesse processo:<\/span><\/p>\t\t\t\t\t\t\t\t<\/div>\n\t\t\t\t<\/div>\n\t\t\t\t\t<\/div>\n\t\t<\/div>\n\t\t\t\t\t<\/div>\n\t\t<\/section>\n\t\t\t\t<section class=\"elementor-section elementor-top-section elementor-element elementor-element-186681a elementor-section-boxed elementor-section-height-default elementor-section-height-default\" data-id=\"186681a\" data-element_type=\"section\" data-e-type=\"section\">\n\t\t\t\t\t\t<div class=\"elementor-container elementor-column-gap-default\">\n\t\t\t\t\t<div class=\"elementor-column elementor-col-100 elementor-top-column elementor-element elementor-element-67db6df\" data-id=\"67db6df\" data-element_type=\"column\" data-e-type=\"column\">\n\t\t\t<div class=\"elementor-widget-wrap elementor-element-populated\">\n\t\t\t\t\t\t<div class=\"elementor-element elementor-element-332b28c elementor-widget elementor-widget-text-editor\" data-id=\"332b28c\" data-element_type=\"widget\" data-e-type=\"widget\" data-widget_type=\"text-editor.default\">\n\t\t\t\t<div class=\"elementor-widget-container\">\n\t\t\t\t\t\t\t\t\t<ol><li style=\"font-weight: 400;\" aria-level=\"1\"><b>S de sil\u00eancio:<\/b><span style=\"font-weight: 400;\"><br \/><\/span><span style=\"font-weight: 400;\">\u00c9 importante encontrar momentos de sil\u00eancio para ouvir sua pr\u00f3pria voz interior e se acalmar.<\/span><\/li><li style=\"font-weight: 400;\" aria-level=\"1\"><b>A de aten\u00e7\u00e3o:<\/b><span style=\"font-weight: 400;\"><br \/><\/span><span style=\"font-weight: 400;\">Pratique a aten\u00e7\u00e3o plena \u2014 esteja presente no momento, focando no agora e no futuro de forma consciente.<\/span><\/li><li style=\"font-weight: 400;\" aria-level=\"1\"><b>B de brincadeira:<\/b><span style=\"font-weight: 400;\"><br \/><\/span><span style=\"font-weight: 400;\">Traga leveza e alegria para o seu dia a dia. A divers\u00e3o e o humor ajudam a reduzir o estresse e a criar um ambiente mais acolhedor.<\/span><\/li><li style=\"font-weight: 400;\" aria-level=\"1\"><b>E de escuta:<\/b><span style=\"font-weight: 400;\"><br \/><\/span><span style=\"font-weight: 400;\">Pratique escutar n\u00e3o apenas com os ouvidos, mas com o cora\u00e7\u00e3o. Escute de forma emp\u00e1tica, tentando compreender a perspectiva do outro.<\/span><\/li><li style=\"font-weight: 400;\" aria-level=\"1\"><b>D de doa\u00e7\u00e3o:<\/b><span style=\"font-weight: 400;\"><br \/><\/span><span style=\"font-weight: 400;\">Fazer o bem, seja de forma pr\u00e1tica ou emocional, faz com que nos sintamos necess\u00e1rios, \u00fateis e importantes.<\/span><\/li><li style=\"font-weight: 400;\" aria-level=\"1\"><b>O de observa\u00e7\u00e3o:<\/b><span style=\"font-weight: 400;\"><br \/><\/span><span style=\"font-weight: 400;\">Tire um momento para se distanciar das situa\u00e7\u00f5es e observar sem julgamentos. A observa\u00e7\u00e3o com respeito e empatia traz uma perspectiva mais clara.<\/span><\/li><li style=\"font-weight: 400;\" aria-level=\"1\"><b>R de respira\u00e7\u00e3o:<\/b><span style=\"font-weight: 400;\"><br \/><\/span><span style=\"font-weight: 400;\">A respira\u00e7\u00e3o profunda e consciente \u00e9 uma das melhores ferramentas para nos acalmarmos e nos conectarmos com o momento presente.<\/span><\/li><li style=\"font-weight: 400;\" aria-level=\"1\"><b>I de integral:<\/b><span style=\"font-weight: 400;\"><br \/><\/span><span style=\"font-weight: 400;\">Somos seres plenos e precisamos cuidar da nossa sa\u00fade f\u00edsica, emocional e espiritual, mantendo o equil\u00edbrio entre todas as \u00e1reas da vida.<\/span><\/li><li style=\"font-weight: 400;\" aria-level=\"1\"><b>A de agradecimento:<\/b><span style=\"font-weight: 400;\"><br \/><\/span><span style=\"font-weight: 400;\">Cultivar o h\u00e1bito de agradecer, por tudo o que somos e temos, nos ajuda a manter uma vis\u00e3o positiva e grata da vida.<\/span><\/li><\/ol>\t\t\t\t\t\t\t\t<\/div>\n\t\t\t\t<\/div>\n\t\t\t\t\t<\/div>\n\t\t<\/div>\n\t\t\t\t\t<\/div>\n\t\t<\/section>\n\t\t\t\t<section class=\"elementor-section elementor-top-section elementor-element elementor-element-268a504 elementor-section-boxed elementor-section-height-default elementor-section-height-default\" data-id=\"268a504\" data-element_type=\"section\" data-e-type=\"section\">\n\t\t\t\t\t\t<div class=\"elementor-container elementor-column-gap-default\">\n\t\t\t\t\t<div class=\"elementor-column elementor-col-100 elementor-top-column elementor-element elementor-element-aa2d397\" data-id=\"aa2d397\" data-element_type=\"column\" data-e-type=\"column\">\n\t\t\t<div class=\"elementor-widget-wrap elementor-element-populated\">\n\t\t\t\t\t\t<div class=\"elementor-element elementor-element-7740033 elementor-widget elementor-widget-text-editor\" data-id=\"7740033\" data-element_type=\"widget\" data-e-type=\"widget\" data-widget_type=\"text-editor.default\">\n\t\t\t\t<div class=\"elementor-widget-container\">\n\t\t\t\t\t\t\t\t\t<p>Al\u00e9m de abordar os temas mencionados, tamb\u00e9m realizamos atividades pr\u00e1ticas que estimularam reflex\u00f5es coletivas. Essas atividades proporcionaram ferramentas concretas e aplic\u00e1veis para que os participantes possam utilizar os princ\u00edpios da Disciplina Positiva no seu dia a dia.<\/p>\t\t\t\t\t\t\t\t<\/div>\n\t\t\t\t<\/div>\n\t\t\t\t\t<\/div>\n\t\t<\/div>\n\t\t\t\t\t<\/div>\n\t\t<\/section>\n\t\t\t\t<\/div>\n\t\t","protected":false},"excerpt":{"rendered":"<p>No dia 23 de novembro, s\u00e1bado passado, realizamos um workshop para as fam\u00edlias e colaboradores do Col\u00e9gio, com o tema &#8220;Disciplina Positiva e Educa\u00e7\u00e3o Parental&#8221;. Ficamos muito felizes com a presen\u00e7a de todos que puderam participar desse momento. Para aqueles que n\u00e3o puderam comparecer, compartilhamos a seguir um breve resumo dos principais pontos abordados. Conceito [&hellip;]<\/p>\n","protected":false},"author":6,"featured_media":9892,"comment_status":"open","ping_status":"open","sticky":false,"template":"","format":"standard","meta":{"footnotes":""},"categories":[92],"tags":[],"class_list":["post-9887","post","type-post","status-publish","format-standard","has-post-thumbnail","hentry","category-prigule-me-ajuda"],"_links":{"self":[{"href":"https:\/\/colegioprigule.com.br\/blog\/wp-json\/wp\/v2\/posts\/9887","targetHints":{"allow":["GET"]}}],"collection":[{"href":"https:\/\/colegioprigule.com.br\/blog\/wp-json\/wp\/v2\/posts"}],"about":[{"href":"https:\/\/colegioprigule.com.br\/blog\/wp-json\/wp\/v2\/types\/post"}],"author":[{"embeddable":true,"href":"https:\/\/colegioprigule.com.br\/blog\/wp-json\/wp\/v2\/users\/6"}],"replies":[{"embeddable":true,"href":"https:\/\/colegioprigule.com.br\/blog\/wp-json\/wp\/v2\/comments?post=9887"}],"version-history":[{"count":7,"href":"https:\/\/colegioprigule.com.br\/blog\/wp-json\/wp\/v2\/posts\/9887\/revisions"}],"predecessor-version":[{"id":9899,"href":"https:\/\/colegioprigule.com.br\/blog\/wp-json\/wp\/v2\/posts\/9887\/revisions\/9899"}],"wp:featuredmedia":[{"embeddable":true,"href":"https:\/\/colegioprigule.com.br\/blog\/wp-json\/wp\/v2\/media\/9892"}],"wp:attachment":[{"href":"https:\/\/colegioprigule.com.br\/blog\/wp-json\/wp\/v2\/media?parent=9887"}],"wp:term":[{"taxonomy":"category","embeddable":true,"href":"https:\/\/colegioprigule.com.br\/blog\/wp-json\/wp\/v2\/categories?post=9887"},{"taxonomy":"post_tag","embeddable":true,"href":"https:\/\/colegioprigule.com.br\/blog\/wp-json\/wp\/v2\/tags?post=9887"}],"curies":[{"name":"wp","href":"https:\/\/api.w.org\/{rel}","templated":true}]}}