{"id":9916,"date":"2024-11-29T18:34:04","date_gmt":"2024-11-29T21:34:04","guid":{"rendered":"https:\/\/colegioprigule.com.br\/?p=9916"},"modified":"2024-11-29T18:36:25","modified_gmt":"2024-11-29T21:36:25","slug":"sarau-cultural-2024-une-arte-e-talento-no-colegio-prigule","status":"publish","type":"post","link":"https:\/\/colegioprigule.com.br\/blog\/sarau-cultural-2024-une-arte-e-talento-no-colegio-prigule\/","title":{"rendered":"Sarau Cultural 2024 une arte e talento no Col\u00e9gio Prigule"},"content":{"rendered":"\t\t<div data-elementor-type=\"wp-post\" data-elementor-id=\"9916\" class=\"elementor elementor-9916\" data-elementor-post-type=\"post\">\n\t\t\t\t\t\t<section class=\"elementor-section elementor-top-section elementor-element elementor-element-ded6c1d elementor-section-boxed elementor-section-height-default elementor-section-height-default\" data-id=\"ded6c1d\" data-element_type=\"section\" data-e-type=\"section\">\n\t\t\t\t\t\t<div class=\"elementor-container elementor-column-gap-default\">\n\t\t\t\t\t<div class=\"elementor-column elementor-col-100 elementor-top-column elementor-element elementor-element-bc21ec9\" data-id=\"bc21ec9\" data-element_type=\"column\" data-e-type=\"column\">\n\t\t\t<div class=\"elementor-widget-wrap elementor-element-populated\">\n\t\t\t\t\t\t<div class=\"elementor-element elementor-element-9dac48e elementor-widget elementor-widget-text-editor\" data-id=\"9dac48e\" data-element_type=\"widget\" data-e-type=\"widget\" data-widget_type=\"text-editor.default\">\n\t\t\t\t<div class=\"elementor-widget-container\">\n\t\t\t\t\t\t\t\t\t<p><span style=\"background-color: transparent; color: rgb(0, 0, 0); font-family: Arial, sans-serif; font-size: 12pt; white-space-collapse: preserve; font-style: inherit; font-weight: inherit; letter-spacing: 0.2px;\"><br><\/span><\/p><p><span style=\"background-color: transparent; color: rgb(0, 0, 0); font-family: Arial, sans-serif; font-size: 12pt; white-space-collapse: preserve; font-style: inherit; font-weight: inherit; letter-spacing: 0.2px;\">No Col\u00e9gio Prigule, o Sarau Cultural 2024 foi um evento para ficar na mem\u00f3ria! Realizado anualmente, a apresenta\u00e7\u00e3o \u00e9 uma oportunidade incr\u00edvel para os alunos do Ensino M\u00e9dio explorarem e expressarem habilidades art\u00edsticas em diferentes \u00e1reas, como m\u00fasica, dan\u00e7a, teatro, poesia e outras manifesta\u00e7\u00f5es culturais.&nbsp;<\/span><\/p>\n<p dir=\"ltr\" style=\"line-height: 1.3800000000000001; margin-top: 14pt; margin-bottom: 14pt;\"><span style=\"font-size: 12pt; font-family: Arial, sans-serif; color: #000000; background-color: transparent; font-variant-numeric: normal; font-variant-east-asian: normal; font-variant-alternates: normal; font-variant-position: normal; font-variant-emoji: normal; vertical-align: baseline; white-space-collapse: preserve;\">Sob a coordena\u00e7\u00e3o da Professora Ana Ribeiro, da Coordenadora Ana Maria e da Estagi\u00e1ria de Artes C\u00eanicas, Camila, o projeto come\u00e7a logo no in\u00edcio do ano letivo. Durante meses, os alunos se dedicam a criar todo o conte\u00fado e a estrutura do evento, que consiste numa grande apresenta\u00e7\u00e3o de fim de ano para a comunidade escolar. A grande noite aconteceu em 23 de novembro, no audit\u00f3rio do col\u00e9gio.<\/span><\/p>\n<p dir=\"ltr\" style=\"line-height: 1.3800000000000001; margin-top: 14pt; margin-bottom: 14pt;\"><span style=\"font-size: 12pt; font-family: Arial, sans-serif; color: #000000; background-color: transparent; font-variant-numeric: normal; font-variant-east-asian: normal; font-variant-alternates: normal; font-variant-position: normal; font-variant-emoji: normal; vertical-align: baseline; white-space-collapse: preserve;\">Este ano, o tema escolhido foi uma releitura do cl\u00e1ssico <\/span><span style=\"font-size: 12pt; font-family: Arial, sans-serif; color: #000000; background-color: transparent; font-style: italic; font-variant-numeric: normal; font-variant-east-asian: normal; font-variant-alternates: normal; font-variant-position: normal; font-variant-emoji: normal; vertical-align: baseline; white-space-collapse: preserve;\">A Fam\u00edlia Addams<\/span><span style=\"font-size: 12pt; font-family: Arial, sans-serif; color: #000000; background-color: transparent; font-variant-numeric: normal; font-variant-east-asian: normal; font-variant-alternates: normal; font-variant-position: normal; font-variant-emoji: normal; vertical-align: baseline; white-space-collapse: preserve;\">, e o resultado foi uma apresenta\u00e7\u00e3o cheia de surpresas! <b>O Sarau al\u00e9m de mostrar novos talentos tamb\u00e9m d\u00e1 espa\u00e7o para o trabalho em equipe, a gest\u00e3o do estresse, e a confian\u00e7a.<\/b><\/span><\/p>\n<p dir=\"ltr\" style=\"line-height: 1.3800000000000001; margin-top: 14pt; margin-bottom: 14pt;\"><span style=\"font-size: 12pt; font-family: Arial, sans-serif; color: #000000; background-color: transparent; font-variant-numeric: normal; font-variant-east-asian: normal; font-variant-alternates: normal; font-variant-position: normal; font-variant-emoji: normal; vertical-align: baseline; white-space-collapse: preserve;\">O mais interessante desse projeto \u00e9 que tudo \u00e9 feito pelos pr\u00f3prios alunos. Eles s\u00e3o respons\u00e1veis por escrever o roteiro, criar as coreografias, definir o figurino, montar o cen\u00e1rio e at\u00e9 fazer a divulga\u00e7\u00e3o. O figuro impec\u00e1vel, a dedica\u00e7\u00e3o e a interpreta\u00e7\u00e3o encantou o p\u00fablico.&nbsp;<\/span><\/p>\n<p dir=\"ltr\" style=\"line-height: 1.3800000000000001; margin-top: 14pt; margin-bottom: 14pt;\"><span style=\"font-size: 12pt; font-family: Arial, sans-serif; color: #000000; background-color: transparent; font-variant-numeric: normal; font-variant-east-asian: normal; font-variant-alternates: normal; font-variant-position: normal; font-variant-emoji: normal; vertical-align: baseline; white-space-collapse: preserve;\"><b>O Sarau Cultural \u00e9, sem d\u00favida, um trabalho colaborativo que exige muita criatividade e dedica\u00e7\u00e3o de todos.<\/b> O objetivo \u00e9 proporcionar aos jovens a chance de se tornarem protagonistas do seu pr\u00f3prio processo criativo, desenvolvendo compet\u00eancias que v\u00e3o muito al\u00e9m das aulas tradicionais.<\/span><\/p>\n<p dir=\"ltr\" style=\"line-height: 1.3800000000000001; margin-top: 14pt; margin-bottom: 14pt;\"><span style=\"font-size: 12pt; font-family: Arial, sans-serif; color: #000000; background-color: transparent; font-variant-numeric: normal; font-variant-east-asian: normal; font-variant-alternates: normal; font-variant-position: normal; font-variant-emoji: normal; vertical-align: baseline; white-space-collapse: preserve;\">Cada edi\u00e7\u00e3o do Sarau Cultural \u00e9 uma nova surpresa, e a de 2024 n\u00e3o foi diferente. A criatividade dos alunos do Ensino M\u00e9dio foi impressionante, e, com certeza, o evento vai ficar marcado como um momento de grande aprendizado e celebra\u00e7\u00e3o das artes no Col\u00e9gio Pr\u00edgule.<\/span><\/p>\n<div><span style=\"font-size: 12pt; font-family: Arial, sans-serif; color: #000000; background-color: transparent; font-variant-numeric: normal; font-variant-east-asian: normal; font-variant-alternates: normal; font-variant-position: normal; font-variant-emoji: normal; vertical-align: baseline; white-space-collapse: preserve;\">&nbsp;<\/span><\/div>\t\t\t\t\t\t\t\t<\/div>\n\t\t\t\t<\/div>\n\t\t\t\t\t<\/div>\n\t\t<\/div>\n\t\t\t\t\t<\/div>\n\t\t<\/section>\n\t\t\t\t<\/div>\n\t\t","protected":false},"excerpt":{"rendered":"<p>No Col\u00e9gio Prigule, o Sarau Cultural 2024 foi um evento para ficar na mem\u00f3ria! Realizado anualmente, a apresenta\u00e7\u00e3o \u00e9 uma oportunidade incr\u00edvel para os alunos do Ensino M\u00e9dio explorarem e expressarem habilidades art\u00edsticas em diferentes \u00e1reas, como m\u00fasica, dan\u00e7a, teatro, poesia e outras manifesta\u00e7\u00f5es culturais.&nbsp; Sob a coordena\u00e7\u00e3o da Professora Ana Ribeiro, da Coordenadora Ana [&hellip;]<\/p>\n","protected":false},"author":14,"featured_media":9917,"comment_status":"open","ping_status":"open","sticky":false,"template":"","format":"standard","meta":{"footnotes":""},"categories":[6],"tags":[],"class_list":["post-9916","post","type-post","status-publish","format-standard","has-post-thumbnail","hentry","category-blog"],"_links":{"self":[{"href":"https:\/\/colegioprigule.com.br\/blog\/wp-json\/wp\/v2\/posts\/9916","targetHints":{"allow":["GET"]}}],"collection":[{"href":"https:\/\/colegioprigule.com.br\/blog\/wp-json\/wp\/v2\/posts"}],"about":[{"href":"https:\/\/colegioprigule.com.br\/blog\/wp-json\/wp\/v2\/types\/post"}],"author":[{"embeddable":true,"href":"https:\/\/colegioprigule.com.br\/blog\/wp-json\/wp\/v2\/users\/14"}],"replies":[{"embeddable":true,"href":"https:\/\/colegioprigule.com.br\/blog\/wp-json\/wp\/v2\/comments?post=9916"}],"version-history":[{"count":4,"href":"https:\/\/colegioprigule.com.br\/blog\/wp-json\/wp\/v2\/posts\/9916\/revisions"}],"predecessor-version":[{"id":9921,"href":"https:\/\/colegioprigule.com.br\/blog\/wp-json\/wp\/v2\/posts\/9916\/revisions\/9921"}],"wp:featuredmedia":[{"embeddable":true,"href":"https:\/\/colegioprigule.com.br\/blog\/wp-json\/wp\/v2\/media\/9917"}],"wp:attachment":[{"href":"https:\/\/colegioprigule.com.br\/blog\/wp-json\/wp\/v2\/media?parent=9916"}],"wp:term":[{"taxonomy":"category","embeddable":true,"href":"https:\/\/colegioprigule.com.br\/blog\/wp-json\/wp\/v2\/categories?post=9916"},{"taxonomy":"post_tag","embeddable":true,"href":"https:\/\/colegioprigule.com.br\/blog\/wp-json\/wp\/v2\/tags?post=9916"}],"curies":[{"name":"wp","href":"https:\/\/api.w.org\/{rel}","templated":true}]}}