{"id":9996,"date":"2024-12-04T14:35:35","date_gmt":"2024-12-04T17:35:35","guid":{"rendered":"https:\/\/www.colegioprigule.com.br\/?p=9996"},"modified":"2025-01-04T22:14:01","modified_gmt":"2025-01-05T01:14:01","slug":"fim-de-ano-uma-retrospectiva-de-aprendizados-e-novos-comecos","status":"publish","type":"post","link":"https:\/\/colegioprigule.com.br\/blog\/fim-de-ano-uma-retrospectiva-de-aprendizados-e-novos-comecos\/","title":{"rendered":"Fim de Ano: Uma Retrospectiva de Aprendizados e Novos Come\u00e7os"},"content":{"rendered":"<p>Chegamos ao fim de mais um ano. Fechamento de ciclos. Hora de limpar as gavetas, descartar tudo o que n\u00e3o queremos ou n\u00e3o gostamos mais.<\/p>\n<p><em><strong>Hora de pensar no novo, no recome\u00e7o.\u00a0<\/strong><\/em><\/p>\n<p>Bom momento para reflex\u00f5es. <em><strong>Seja gentil com voc\u00ea mesmo.<\/strong><\/em><\/p>\n<p>Comece celebrando as suas conquistas. Isso \u00e9 muito importante para voc\u00ea lembrar por todo o caminho percorrido.<\/p>\n<p>Reconhe\u00e7a os pontos a serem melhorados! N\u00e3o se compare a ningu\u00e9m! Olhe para voc\u00ea e veja quais s\u00e3o seus pontos importantes e quais voc\u00ea gostaria de aprimorar.<\/p>\n<p>Fa\u00e7a uma retrospectiva honesta! Agora \u00e9 hora de ser sincero (a) com voc\u00ea mesmo (a). Voc\u00ea usou todos os recursos dispon\u00edveis? Tentou muitas vezes? Descansou ao inv\u00e9s de desistir?\u00a0<\/p>\n<p>Pronto, depois da reflex\u00e3o feita, pais e filhos est\u00e3o preparados para planejar os pr\u00f3ximos passos e dar boas vindas para o ano novo.<\/p>\n<p>Esse foi o tema do nosso \u00faltimo \u201cPapo com a Psic\u00f3loga\u201d. Agora estamos prontos para encarar os pr\u00f3ximos desafios.<\/p>\n<p>Boas Festas!<\/p>\n<p>Roberta.<\/p>\n<p><em>Quem teve a ideia de cortar o tempo em fatias,<\/em><\/p>\n<p><em>a que se deu o nome de ano,<\/em><\/p>\n<p><em>foi um indiv\u00edduo genial.<\/em><\/p>\n<p><em>Industrializou a esperan\u00e7a<\/em><\/p>\n<p><em>fazendo-a funcionar no limite da exaust\u00e3o<\/em>.<\/p>\n<p><em>Doze meses d\u00e3o para qualquer ser humano<\/em><\/p>\n<p><em>se cansar e entregar os pontos.<\/em><\/p>\n<p><em>A\u00ed entra o milagre da renova\u00e7\u00e3o e tudo come\u00e7a outra vez<\/em><\/p>\n<p><em>com outro n\u00famero e outra vontade de acreditar<\/em><\/p>\n<p><em>que daqui pra adiante vai ser diferente<\/em><\/p>\n<p><em>Para voc\u00ea,<\/em><\/p>\n<p><em>desejo o sonho realizado.<\/em><\/p>\n<p><em>O amor esperado.<\/em><\/p>\n<p><em>A esperan\u00e7a renovada.<\/em><\/p>\n<p><em>Para voc\u00ea,<\/em><\/p>\n<p><em>desejo todas as cores desta vida.<\/em><\/p>\n<p><em>Todas as alegrias que puder sorrir.<\/em><\/p>\n<p><em>Todas as m\u00fasicas que puder emocionar.<\/em><\/p>\n<p><em>Para voc\u00ea neste novo ano,<\/em><\/p>\n<p><em>desejo que os amigos sejam mais c\u00famplices,<\/em><\/p>\n<p><em>que sua fam\u00edlia esteja mais unida,<\/em><\/p>\n<p><em>que sua vida seja mais bem vivida.<\/em><\/p>\n<p><em>Gostaria de lhe<\/em><\/p>\n<p><em>desejar tantas coisas<\/em><\/p>\n<p><em>mas nada seria suficiente\u2026<\/em><\/p>\n<p><em>Ent\u00e3o, desejo apenas que voc\u00ea tenha muitos desejos.<\/em><\/p>\n<p><em>Desejos grandes e que eles possam te mover a cada<\/em><\/p>\n<p><em>minuto, rumo a sua felicidade!<\/em><\/p>\n<p><em>Carlos Drummond de Andrade<\/em><\/p>\n","protected":false},"excerpt":{"rendered":"<p>Chegamos ao fim de mais um ano. Fechamento de ciclos. Hora de limpar as gavetas, descartar tudo o que n\u00e3o queremos ou n\u00e3o gostamos mais. Hora de pensar no novo, no recome\u00e7o.\u00a0 Bom momento para reflex\u00f5es. Seja gentil com voc\u00ea mesmo. Comece celebrando as suas conquistas. Isso \u00e9 muito importante para voc\u00ea lembrar por todo [&hellip;]<\/p>\n","protected":false},"author":13,"featured_media":9998,"comment_status":"open","ping_status":"open","sticky":false,"template":"","format":"standard","meta":{"footnotes":""},"categories":[92],"tags":[],"class_list":["post-9996","post","type-post","status-publish","format-standard","has-post-thumbnail","hentry","category-prigule-me-ajuda"],"_links":{"self":[{"href":"https:\/\/colegioprigule.com.br\/blog\/wp-json\/wp\/v2\/posts\/9996","targetHints":{"allow":["GET"]}}],"collection":[{"href":"https:\/\/colegioprigule.com.br\/blog\/wp-json\/wp\/v2\/posts"}],"about":[{"href":"https:\/\/colegioprigule.com.br\/blog\/wp-json\/wp\/v2\/types\/post"}],"author":[{"embeddable":true,"href":"https:\/\/colegioprigule.com.br\/blog\/wp-json\/wp\/v2\/users\/13"}],"replies":[{"embeddable":true,"href":"https:\/\/colegioprigule.com.br\/blog\/wp-json\/wp\/v2\/comments?post=9996"}],"version-history":[{"count":16,"href":"https:\/\/colegioprigule.com.br\/blog\/wp-json\/wp\/v2\/posts\/9996\/revisions"}],"predecessor-version":[{"id":10035,"href":"https:\/\/colegioprigule.com.br\/blog\/wp-json\/wp\/v2\/posts\/9996\/revisions\/10035"}],"wp:featuredmedia":[{"embeddable":true,"href":"https:\/\/colegioprigule.com.br\/blog\/wp-json\/wp\/v2\/media\/9998"}],"wp:attachment":[{"href":"https:\/\/colegioprigule.com.br\/blog\/wp-json\/wp\/v2\/media?parent=9996"}],"wp:term":[{"taxonomy":"category","embeddable":true,"href":"https:\/\/colegioprigule.com.br\/blog\/wp-json\/wp\/v2\/categories?post=9996"},{"taxonomy":"post_tag","embeddable":true,"href":"https:\/\/colegioprigule.com.br\/blog\/wp-json\/wp\/v2\/tags?post=9996"}],"curies":[{"name":"wp","href":"https:\/\/api.w.org\/{rel}","templated":true}]}}